{"id":25952,"date":"2025-11-14T09:47:28","date_gmt":"2025-11-14T12:47:28","guid":{"rendered":"https:\/\/diariodocomercio.com.br\/mix\/?p=25952"},"modified":"2025-11-14T09:47:31","modified_gmt":"2025-11-14T12:47:31","slug":"alerta-de-tempestades-severas-com-granizo-regioes-afetadas-e-horarios","status":"publish","type":"post","link":"https:\/\/diariodocomercio.com.br\/mix\/alerta-de-tempestades-severas-com-granizo-regioes-afetadas-e-horarios\/","title":{"rendered":"Alerta de tempestades severas com granizo: regi\u00f5es afetadas e hor\u00e1rios"},"content":{"rendered":"\n<p>O\u00a0Instituto Nacional de Meteorologia (Inmet)\u00a0emitiu um\u00a0alerta de tempestades severas\u00a0v\u00e1lido das\u00a010h desta quinta-feira (13)\u00a0at\u00e9 as\u00a018h de sexta-feira (14), com previs\u00e3o de\u00a0chuva intensa, ventos acima de 100 km\/h\u00a0e\u00a0queda de granizo\u00a0em diversas regi\u00f5es do pa\u00eds.<\/p>\n\n\n\n<p>O \u00f3rg\u00e3o classifica o evento como de\u00a0perigo consider\u00e1vel, com risco de\u00a0alagamentos, queda de \u00e1rvores, danos \u00e0 rede el\u00e9trica\u00a0e preju\u00edzos \u00e0 agricultura. As precipita\u00e7\u00f5es podem variar entre\u00a030 e 60 mm por hora, chegando a\u00a0100 mm por dia.<\/p>\n\n\n\n<p>As tempestades devem atingir \u00e1reas do&nbsp;<strong>Sul, Sudeste e Centro-Oeste<\/strong>, incluindo:<\/p>\n\n\n\n<ul class=\"wp-block-list\">\n<li><strong>Minas Gerais<\/strong><\/li>\n\n\n\n<li><strong>S\u00e3o Paulo<\/strong><\/li>\n\n\n\n<li><strong>Rio de Janeiro<\/strong><\/li>\n\n\n\n<li><strong>Paran\u00e1<\/strong><\/li>\n\n\n\n<li><strong>Santa Catarina<\/strong><\/li>\n\n\n\n<li><strong>Rio Grande do Sul<\/strong><\/li>\n\n\n\n<li><strong>Goi\u00e1s<\/strong><\/li>\n\n\n\n<li><strong>Mato Grosso<\/strong><\/li>\n\n\n\n<li><strong>Mato Grosso do Sul<\/strong><\/li>\n<\/ul>\n\n\n\n<p>Entre as \u00e1reas citadas pelo Inmet est\u00e3o o\u00a0Norte Pioneiro Paranaense,\u00a0Presidente Prudente,\u00a0S\u00e3o Jos\u00e9 do Rio Preto\u00a0e o\u00a0leste do Mato Grosso do Sul. Munic\u00edpios como\u00a0Abati\u00e1 (PR),\u00a0Adamantina (SP)\u00a0e\u00a0\u00c1gua Clara (MS)\u00a0tamb\u00e9m est\u00e3o entre os mais suscet\u00edveis.<\/p>\n\n\n\n<h2 class=\"wp-block-heading\"><strong>Alerta para outros fen\u00f4menos<\/strong><\/h2>\n\n\n\n<p>Al\u00e9m das tempestades, o Inmet mant\u00e9m alertas simult\u00e2neos para outras condi\u00e7\u00f5es clim\u00e1ticas:<\/p>\n\n\n\n<h4 class=\"wp-block-heading\"><strong>Chuvas intensas (risco menor de danos), v\u00e1lidas para<\/strong>:<\/h4>\n\n\n\n<ul class=\"wp-block-list\">\n<li><strong>Acre, Amazonas, Rond\u00f4nia, Roraima, Par\u00e1, Amap\u00e1, Tocantins<\/strong><\/li>\n\n\n\n<li>\u00c1reas adicionais de\u00a0<strong>Mato Grosso<\/strong>\u00a0e\u00a0<strong>Goi\u00e1s<\/strong><\/li>\n<\/ul>\n\n\n\n<p>Previs\u00e3o: chuva de at\u00e9&nbsp;<strong>50 mm\/dia<\/strong>&nbsp;e ventos de at\u00e9&nbsp;<strong>60 km\/h<\/strong>.<\/p>\n\n\n\n<h4 class=\"wp-block-heading\"><strong>Baixa umidade (entre 20% e 30%) no Nordeste<\/strong>:<\/h4>\n\n\n\n<ul class=\"wp-block-list\">\n<li><strong>Maranh\u00e3o, Piau\u00ed, Cear\u00e1, Rio Grande do Norte, Para\u00edba, Pernambuco, Alagoas e Bahia<\/strong><\/li>\n<\/ul>\n\n\n\n<p>Recomenda\u00e7\u00f5es: aumentar hidrata\u00e7\u00e3o, evitar esfor\u00e7o f\u00edsico e exposi\u00e7\u00e3o ao sol nas horas mais quentes.<\/p>\n\n\n\n<p>Segundo o&nbsp;<strong>Climatempo<\/strong>, o Paran\u00e1 deve concentrar os temporais mais intensos no Sul, enquanto instabilidades avan\u00e7am por&nbsp;<strong>oeste e sul de S\u00e3o Paulo<\/strong>&nbsp;e por \u00e1reas de&nbsp;<strong>Minas Gerais<\/strong>, com pancadas previstas ao longo do dia. No Norte, Amazonas, Acre e Rond\u00f4nia registram chuva desde cedo.<\/p>\n\n\n\n<h2 class=\"wp-block-heading\"><strong>Como se proteger<\/strong><\/h2>\n\n\n\n<p>O Inmet e a Defesa Civil recomendam:<\/p>\n\n\n\n<ul class=\"wp-block-list\">\n<li>Evitar abrigo sob \u00e1rvores<\/li>\n\n\n\n<li>N\u00e3o estacionar ve\u00edculos perto de torres, postes ou outdoors<\/li>\n\n\n\n<li>Desligar aparelhos el\u00e9tricos e o quadro geral de energia<\/li>\n\n\n\n<li>Acionar a\u00a0<strong>Defesa Civil (199)<\/strong>\u00a0ou o\u00a0<strong>Corpo de Bombeiros (193)<\/strong>\u00a0em caso de emerg\u00eancia<\/li>\n<\/ul>\n\n\n\n<p><strong>Esp\u00edrito Santo, Sergipe e o Distrito Federal<\/strong>&nbsp;s\u00e3o as \u00fanicas unidades da federa\u00e7\u00e3o sem alertas ativos.<\/p>\n","protected":false},"excerpt":{"rendered":"<p>O\u00a0Instituto Nacional de Meteorologia (Inmet)\u00a0emitiu um\u00a0alerta de tempestades severas\u00a0v\u00e1lido das\u00a010h desta quinta-feira (13)\u00a0at\u00e9 as\u00a018h de sexta-feira (14), com previs\u00e3o de\u00a0chuva intensa, ventos acima de 100 km\/h\u00a0e\u00a0queda de granizo\u00a0em diversas regi\u00f5es do pa\u00eds. O \u00f3rg\u00e3o classifica o evento como de\u00a0perigo consider\u00e1vel, com risco de\u00a0alagamentos, queda de \u00e1rvores, danos \u00e0 rede el\u00e9trica\u00a0e preju\u00edzos \u00e0 agricultura. As precipita\u00e7\u00f5es [&hellip;]<\/p>\n","protected":false},"author":9,"featured_media":5849,"comment_status":"closed","ping_status":"closed","sticky":false,"template":"","format":"standard","meta":{"jnews-multi-image_gallery":[],"jnews_single_post":{"format":"standard"},"jnews_primary_category":[],"jnews_social_meta":[],"jnews_override_counter":[],"jnews_post_split":[],"footnotes":""},"categories":[1],"tags":[],"class_list":["post-25952","post","type-post","status-publish","format-standard","has-post-thumbnail","hentry","category-geral"],"_referencia":"","_links":{"self":[{"href":"https:\/\/diariodocomercio.com.br\/mix\/wp-json\/wp\/v2\/posts\/25952","targetHints":{"allow":["GET"]}}],"collection":[{"href":"https:\/\/diariodocomercio.com.br\/mix\/wp-json\/wp\/v2\/posts"}],"about":[{"href":"https:\/\/diariodocomercio.com.br\/mix\/wp-json\/wp\/v2\/types\/post"}],"author":[{"embeddable":true,"href":"https:\/\/diariodocomercio.com.br\/mix\/wp-json\/wp\/v2\/users\/9"}],"replies":[{"embeddable":true,"href":"https:\/\/diariodocomercio.com.br\/mix\/wp-json\/wp\/v2\/comments?post=25952"}],"version-history":[{"count":1,"href":"https:\/\/diariodocomercio.com.br\/mix\/wp-json\/wp\/v2\/posts\/25952\/revisions"}],"predecessor-version":[{"id":25953,"href":"https:\/\/diariodocomercio.com.br\/mix\/wp-json\/wp\/v2\/posts\/25952\/revisions\/25953"}],"wp:featuredmedia":[{"embeddable":true,"href":"https:\/\/diariodocomercio.com.br\/mix\/wp-json\/wp\/v2\/media\/5849"}],"wp:attachment":[{"href":"https:\/\/diariodocomercio.com.br\/mix\/wp-json\/wp\/v2\/media?parent=25952"}],"wp:term":[{"taxonomy":"category","embeddable":true,"href":"https:\/\/diariodocomercio.com.br\/mix\/wp-json\/wp\/v2\/categories?post=25952"},{"taxonomy":"post_tag","embeddable":true,"href":"https:\/\/diariodocomercio.com.br\/mix\/wp-json\/wp\/v2\/tags?post=25952"}],"curies":[{"name":"wp","href":"https:\/\/api.w.org\/{rel}","templated":true}]}}