{"id":25954,"date":"2025-11-14T09:52:08","date_gmt":"2025-11-14T12:52:08","guid":{"rendered":"https:\/\/diariodocomercio.com.br\/mix\/?p=25954"},"modified":"2025-11-14T12:06:56","modified_gmt":"2025-11-14T15:06:56","slug":"amazon-traz-sua-internet-via-satelite-para-o-brasil-promete-precos-acessiveis-e-conexao-de-alta-velocidade","status":"publish","type":"post","link":"https:\/\/diariodocomercio.com.br\/mix\/amazon-traz-sua-internet-via-satelite-para-o-brasil-promete-precos-acessiveis-e-conexao-de-alta-velocidade\/","title":{"rendered":"Amazon traz sua internet via sat\u00e9lite para o Brasil: promete pre\u00e7os acess\u00edveis e conex\u00e3o de alta velocidade"},"content":{"rendered":"\n<p>A Amazon anunciou nesta quinta-feira (13), a nova fase de seu programa global de banda larga via sat\u00e9lite, que agora passa a se chamar\u00a0<strong><a href=\"https:\/\/amzn.to\/4peKu2o\" target=\"_blank\" rel=\"noopener\">Amazon Leo<\/a><\/strong>\u00a0\u2014 substituindo o antigo Project Kuiper. O nome faz refer\u00eancia \u00e0s constela\u00e7\u00f5es em\u00a0<strong>\u00f3rbita terrestre baixa (LEO)<\/strong>, mesma tecnologia usada pela rival\u00a0<strong>Starlink<\/strong>, de Elon Musk.<\/p>\n\n\n\n<p>A mudan\u00e7a marca a transi\u00e7\u00e3o do projeto, iniciado h\u00e1 sete anos, para a etapa de&nbsp;<strong>opera\u00e7\u00f5es comerciais<\/strong>, com testes j\u00e1 realizados no Brasil e previs\u00e3o de oferta de&nbsp;<strong>internet de alta velocidade a pre\u00e7os competitivos<\/strong>, segundo a companhia.<\/p>\n\n\n\n<p>No pa\u00eds, o Amazon Leo opera em parceria com a&nbsp;<strong>Sky<\/strong>, que conduziu testes entre junho e setembro em&nbsp;<strong>Cosm\u00f3polis (SP)<\/strong>&nbsp;e&nbsp;<strong>Gl\u00f3ria de Dourados (MS)<\/strong>. Os pilotos avaliaram estabilidade de conex\u00e3o e capacidade de transmiss\u00e3o em regi\u00f5es com infraestrutura limitada \u2014 foco priorit\u00e1rio da empresa.<\/p>\n\n\n\n<p>A Amazon pretende atender&nbsp;<strong>usu\u00e1rios dom\u00e9sticos, empresas e \u00f3rg\u00e3os p\u00fablicos<\/strong>&nbsp;em \u00e1reas remotas, onde o acesso \u00e0 banda larga terrestre ainda \u00e9 restrito.<\/p>\n\n\n\n<figure class=\"wp-block-image size-large\"><img decoding=\"async\" width=\"1200\" height=\"675\" src=\"https:\/\/diariodocomercio.com.br\/mix\/wp-content\/uploads\/2025\/11\/image-88-1200x675.png\" alt=\"\" class=\"wp-image-25956\" srcset=\"https:\/\/diariodocomercio.com.br\/mix\/wp-content\/uploads\/2025\/11\/image-88-1200x675.png 1200w, https:\/\/diariodocomercio.com.br\/mix\/wp-content\/uploads\/2025\/11\/image-88-300x169.png 300w, https:\/\/diariodocomercio.com.br\/mix\/wp-content\/uploads\/2025\/11\/image-88-768x432.png 768w, https:\/\/diariodocomercio.com.br\/mix\/wp-content\/uploads\/2025\/11\/image-88-150x84.png 150w, https:\/\/diariodocomercio.com.br\/mix\/wp-content\/uploads\/2025\/11\/image-88-750x422.png 750w, https:\/\/diariodocomercio.com.br\/mix\/wp-content\/uploads\/2025\/11\/image-88-1140x642.png 1140w, https:\/\/diariodocomercio.com.br\/mix\/wp-content\/uploads\/2025\/11\/image-88.png 1240w\" sizes=\"(max-width: 1200px) 100vw, 1200px\" \/><figcaption class=\"wp-element-caption\">(Reprodu\u00e7\u00e3o\/Amazon)<\/figcaption><\/figure>\n\n\n\n<p>O programa cumpriu etapas de licenciamento, testou sat\u00e9lites prot\u00f3tipos e iniciou o lan\u00e7amento da constela\u00e7\u00e3o final em 2025.<br>Hoje, mais de&nbsp;<strong>150 sat\u00e9lites<\/strong>&nbsp;do Amazon Leo j\u00e1 est\u00e3o em \u00f3rbita, parte de um plano que prev\u00ea&nbsp;<strong>milhares de unidades<\/strong>&nbsp;para oferecer cobertura global.<\/p>\n\n\n\n<p>A decolagem mais recente, em abril, usou um foguete&nbsp;<strong>Atlas V<\/strong>, colocando 27 sat\u00e9lites adicionais no espa\u00e7o.<\/p>\n\n\n\n<h3 class=\"wp-block-heading\"><strong>Antenas pr\u00f3prias e promessa de velocidades Gigabit<\/strong><\/h3>\n\n\n\n<p>Para viabilizar o servi\u00e7o, a Amazon desenvolveu seus pr\u00f3prios terminais de usu\u00e1rio, incluindo a&nbsp;<strong>primeira antena phased-array comercial com capacidade para velocidades Gigabit<\/strong>&nbsp;\u2014 tecnologia que direciona o sinal de forma eletr\u00f4nica para melhorar estabilidade e desempenho.<\/p>\n\n\n\n<p>A companhia afirma ter uma das&nbsp;<strong>maiores linhas de produ\u00e7\u00e3o de sat\u00e9lites do mundo<\/strong>, fabricando m\u00f3dulos em escala industrial para reduzir custos e garantir pre\u00e7os mais baixos que os concorrentes.<\/p>\n\n\n\n<h3 class=\"wp-block-heading\"><strong>Clientes no mundo e no Brasil<\/strong><\/h3>\n\n\n\n<p>Al\u00e9m do acordo com a Sky, o Amazon Leo j\u00e1 fechou contratos com empresas como:<\/p>\n\n\n\n<ul class=\"wp-block-list\">\n<li><strong>JetBlue<\/strong><\/li>\n\n\n\n<li><strong>L3Harris<\/strong><\/li>\n\n\n\n<li><strong>DirecTV<\/strong>&nbsp;na Am\u00e9rica Latina<\/li>\n\n\n\n<li><strong>NBN Co.<\/strong>, operadora da rede nacional de banda larga da Austr\u00e1lia<\/li>\n<\/ul>\n\n\n\n<p>O servi\u00e7o atender\u00e1 tamb\u00e9m governos e organiza\u00e7\u00f5es que precisam operar em \u00e1reas afastadas.<\/p>\n","protected":false},"excerpt":{"rendered":"<p>A Amazon anunciou nesta quinta-feira (13), a nova fase de seu programa global de banda larga via sat\u00e9lite, que agora passa a se chamar\u00a0Amazon Leo\u00a0\u2014 substituindo o antigo Project Kuiper. O nome faz refer\u00eancia \u00e0s constela\u00e7\u00f5es em\u00a0\u00f3rbita terrestre baixa (LEO), mesma tecnologia usada pela rival\u00a0Starlink, de Elon Musk. A mudan\u00e7a marca a transi\u00e7\u00e3o do projeto, [&hellip;]<\/p>\n","protected":false},"author":9,"featured_media":25955,"comment_status":"closed","ping_status":"closed","sticky":false,"template":"","format":"standard","meta":{"jnews-multi-image_gallery":[],"jnews_single_post":{"format":"standard"},"jnews_primary_category":[],"jnews_social_meta":[],"jnews_override_counter":[],"jnews_post_split":[],"footnotes":""},"categories":[1],"tags":[],"class_list":["post-25954","post","type-post","status-publish","format-standard","has-post-thumbnail","hentry","category-geral"],"_referencia":"","_links":{"self":[{"href":"https:\/\/diariodocomercio.com.br\/mix\/wp-json\/wp\/v2\/posts\/25954","targetHints":{"allow":["GET"]}}],"collection":[{"href":"https:\/\/diariodocomercio.com.br\/mix\/wp-json\/wp\/v2\/posts"}],"about":[{"href":"https:\/\/diariodocomercio.com.br\/mix\/wp-json\/wp\/v2\/types\/post"}],"author":[{"embeddable":true,"href":"https:\/\/diariodocomercio.com.br\/mix\/wp-json\/wp\/v2\/users\/9"}],"replies":[{"embeddable":true,"href":"https:\/\/diariodocomercio.com.br\/mix\/wp-json\/wp\/v2\/comments?post=25954"}],"version-history":[{"count":2,"href":"https:\/\/diariodocomercio.com.br\/mix\/wp-json\/wp\/v2\/posts\/25954\/revisions"}],"predecessor-version":[{"id":25977,"href":"https:\/\/diariodocomercio.com.br\/mix\/wp-json\/wp\/v2\/posts\/25954\/revisions\/25977"}],"wp:featuredmedia":[{"embeddable":true,"href":"https:\/\/diariodocomercio.com.br\/mix\/wp-json\/wp\/v2\/media\/25955"}],"wp:attachment":[{"href":"https:\/\/diariodocomercio.com.br\/mix\/wp-json\/wp\/v2\/media?parent=25954"}],"wp:term":[{"taxonomy":"category","embeddable":true,"href":"https:\/\/diariodocomercio.com.br\/mix\/wp-json\/wp\/v2\/categories?post=25954"},{"taxonomy":"post_tag","embeddable":true,"href":"https:\/\/diariodocomercio.com.br\/mix\/wp-json\/wp\/v2\/tags?post=25954"}],"curies":[{"name":"wp","href":"https:\/\/api.w.org\/{rel}","templated":true}]}}