{"id":26144,"date":"2025-11-17T11:28:21","date_gmt":"2025-11-17T14:28:21","guid":{"rendered":"https:\/\/diariodocomercio.com.br\/mix\/?p=26144"},"modified":"2025-11-17T15:49:37","modified_gmt":"2025-11-17T18:49:37","slug":"trump-volta-atras-e-abre-as-portas-para-a-venezuela-declaracao-surpreende-aliados-e-rivais","status":"publish","type":"post","link":"https:\/\/diariodocomercio.com.br\/mix\/trump-volta-atras-e-abre-as-portas-para-a-venezuela-declaracao-surpreende-aliados-e-rivais\/","title":{"rendered":"Trump volta atr\u00e1s e abre as portas para a Venezuela: declara\u00e7\u00e3o surpreende aliados e rivais"},"content":{"rendered":"\n<p>O presidente dos Estados Unidos, Donald Trump, sinalizou neste domingo (16) que pode abrir um canal de negocia\u00e7\u00e3o com o l\u00edder venezuelano Nicol\u00e1s Maduro \u2014 um movimento considerado inesperado em meio \u00e0 escalada militar americana no Caribe e \u00e0s recentes a\u00e7\u00f5es de press\u00e3o contra Caracas.<\/p>\n\n\n\n<p>A declara\u00e7\u00e3o veio horas depois de Washington anunciar mais um ataque a uma embarca\u00e7\u00e3o suspeita de tr\u00e1fico de drogas no Pac\u00edfico Leste, o 21\u00ba desde setembro. As opera\u00e7\u00f5es, autorizadas pelo secret\u00e1rio de Defesa Pete Hegseth, j\u00e1 deixaram mais de 80 mortos e t\u00eam sido alvo de cr\u00edticas no Congresso e por aliados internacionais, que questionam a legalidade dos ataques.<\/p>\n\n\n\n<p>Falando a rep\u00f3rteres antes de embarcar de volta a Washington, Trump admitiu que os EUA \u201cpodem ter algumas conversas com Maduro\u201d, afirmando que Caracas \u201cgostaria de dialogar\u201d. O republicano n\u00e3o deu detalhes, mas sugeriu que qualquer abertura diplom\u00e1tica n\u00e3o significar\u00e1 reduzir a press\u00e3o sobre o regime.<\/p>\n\n\n\n<p>A fala surpreende porque ocorre no mesmo dia em que o Departamento de Estado \u2014 por meio do secret\u00e1rio Marco Rubio \u2014 anunciou que o&nbsp;<strong>Cartel de los Soles<\/strong>, grupo que Washington acusa Maduro de liderar, ser\u00e1 classificado como&nbsp;<strong>organiza\u00e7\u00e3o terrorista estrangeira<\/strong>&nbsp;a partir de 24 de novembro. A designa\u00e7\u00e3o permite a apreens\u00e3o de bens e torna crime prestar apoio ao grupo. Maduro nega liga\u00e7\u00e3o com o narcotr\u00e1fico.<\/p>\n\n\n\n<h2 class=\"wp-block-heading\"><strong>Cen\u00e1rio militar em ebuli\u00e7\u00e3o<\/strong><\/h2>\n\n\n<style>@media (min-width: 992px) {\n    .recomendadorV2Area1 {\n        width: 280px;\n    }\n    .recomendadorV2Area2 {\n        padding: 0px 20px;\n        width: calc(100% - 280px);\n    }\n}\n\n@media (max-width: 992px) {\n    .recomendadorV2Button {\n        margin: 0 auto;\n    }\n    .recomendadorV2Area {\n        flex-direction: column;\n        text-align: center;\n    }\n    .recomendadorV2Area2 {\n        padding: 0px 20px;\n    }\n}\n\n.recomendadorV2Area {\n    background: #eeeeee3d;\n    border-radius: 10px;\n    padding: 15px;\n    display: flex;\n    margin: 15px auto;\n    border: 1px solid #00000014;\n    max-width: 800px;\n}\n\n.recomendadorV2Area1 img {\n    width: 280px;\n    height: auto;\n    border-radius: 8px;\n}\n\n.linkrecomendadorv2 {\n    text-decoration: none !important;\n}\n\n.recomendadorV2Area2 .recomendadorV2Type {\n    text-transform: uppercase;\n    font-weight: 500;\n    font-size: 11px;\n    letter-spacing: 2px;\n    color: #666;\n    margin: 12px 0;\n    display: block;\n}\n\n.recomendadorV2Title h2 {\n    padding-top: 0px !important;\n    margin: 0px !important;\n    border-left: none !important;\n    padding-left: 0px !important;\n    line-height: 1.3;\n    color: #000 !important;\n    font-size: 24px;\n    margin-bottom: 12px !important;\n}\n\n.recomendadorV2Desc {\n    color: #333;\n    margin: 12px 0px !important;\n    font-size: 15px;\n    line-height: 1.5;\n}\n\n.recomendadorV2Button {\n    width: auto;\n    max-width: 200px;\n    margin: 0;\n    display: inline-flex;\n    align-items: center;\n    background: #1D3557;\n    border-radius: 8px;\n    color: #fff;\n    height: 36px;\n    justify-content: center;\n    text-align: center;\n    font-size: 14px;\n    padding: 0 20px;\n    transition: background-color 0.2s ease;\n}\n\n.recomendadorV2Button:hover {\n    background: #2a4d7a;\n}\n\n.recomendadorV2Button:after {\n    margin-top: -2px;\n    content: \"\u2192\";\n    padding: 0px 0px 0px 8px;\n}\n\n.recomendadorV2Alert {\n    text-align: left;\n    font-size: 11px;\n    margin-top: 8px;\n    color: #666;\n}\n\n.recomendadorFixedArea {\n    width: 100%;\n    display: flex;\n    justify-content: center;\n    align-items: center;\n}\n\n@media (min-width: 992px) {\n    #recomendadorFixed {\n        width: 32% !important;\n        left: 5%;\n    }\n    .recomendadorCloseFixed{\n        right: inherit !important;\n        left: 378px !important;\n    }\n}\n\n#recomendadorFixed {\n    width: 90%;\n    box-shadow: 0 10px 20px 0px #00000057;\n    display: none;\n    height: 90px;\n    background: #F6F6F6;\n    position: fixed;\n    flex-direction: row;\n    bottom: 10px;\n    z-index: 9999;\n    border-radius: 16px;\n    padding: 7px 10px;\n}\n\n.recomendadorLeftArea {\n    width: 160px;\n}\n\n.recomendadorRightArea h2 {\n    padding-top: 0px;\n    margin: 2px 0px 4px 0px !important;\n    font-weight: 400;\n    text-align: center;\n    padding-left: 0px !important;\n    color: #000 !important;\n    border-left: none !important;\n    line-height: 20px;\n    font-size: 12px !important;\n}\n\n.recomendadorImgFixed {\n    overflow: hidden;\n    padding: 8px 6px;\n    height: 100%;\n}\n\n.recomendadorImgFixed img {\n    height: 100% !important;\n    border-radius: 16px;\n}\n\n.recomendadorRightArea {\n    padding-top: 6px;\n    display: flex;\n    width: calc(100% - 130px);\n    justify-content: space-between;\n    align-items: center;\n    flex-direction: column;\n}\n\n.recomendadorButtonFixed {\n    margin: 0 auto;\n    background: #1D3557;\n    width: 80%;\n    text-align: center;\n    font-size: 10px;\n    color: #FFF;\n    padding: 2px 10px;\n    border-radius: 3px;\n}\n\n.recomendadorButtonFixed:after {\n    margin-top: -3px;\n    content: \"\u2192\";\n    padding: 0px 0px 0px 10px;\n}\n\n.recomendadorAlertFixed {\n    font-weight: 400;\n    text-align: center;\n    color: #484848;\n    font-size: 8px;\n}\n\n.recomendadorCloseFixed {\n    z-index: 99999;\n    display: none;\n    right: 0px;\n    left: inherit;\n    bottom: 99px;\n    position: fixed;\n    justify-content: center;\n    background: #F6F6F6;\n    width: 25px;\n    align-items: center;\n    height: 25px;\n    font-weight: 800;\n    border-radius: 50%;\n    border: 1px solid #EBEBEB;\n}\n\n.recomendadorV2Desc{\n    color: #000000;\n    margin: 20px 0px;\n}\n\n@media (max-width: 576px) {\n    .recomendadorV2Area {\n      padding: 10px;\n      max-width: 100%;\n    }\n  \n    .recomendadorV2Area1 img {\n      width: 100%;\n      border-radius: 6px;\n    }\n  \n    .recomendadorV2Area2 .recomendadorV2Type {\n      font-size: 9px;\n      letter-spacing: 1px;\n      margin: 8px 0;\n    }\n  \n    .recomendadorV2Title h2 {\n      font-size: 18px !important;\n      margin-bottom: 8px !important;\n      line-height: 1.2;\n    }\n  \n    .recomendadorV2Desc {\n      font-size: 14px;\n      margin: 8px 0 !important;\n      line-height: 1.4;\n    }\n  \n    .recomendadorV2Button {\n      font-size: 14px;\n      height: 40px;\n      padding: 0 12px;\n      max-width: 100%;\n      width: 100%;\n    }\n  \n    .recomendadorV2Button:after {\n      padding-left: 6px;\n    }\n  }\n  <\/style>\n        <div class=\"lazyblock-recomendador-v2-2jDGz wp-block-lazyblock-recomendador-v2\">\n        <a class=\"linkrecomendadorv2\" href=\"https:\/\/diariodocomercio.com.br\/mix\/governo-anuncia-super-auxilio-alimentacao-para-trabalhadores-em-2026\/?utm_source=lazy\">\n            <div class=\"recomendadorV2Area\">\n            <div class=\"recomendadorV2Area1\">\n                <div class=\"recomendadorV2Img\">\n                <img class=\"lazyloaded\" decoding=\"async\" src=\"https:\/\/diariodocomercio.com.br\/mix\/wp-content\/uploads\/2025\/04\/vale-refeicao-chega-a-2300-e-brasileiros-comemoram-750x375.jpg\" data-src=\"https:\/\/diariodocomercio.com.br\/mix\/wp-content\/uploads\/2025\/04\/vale-refeicao-chega-a-2300-e-brasileiros-comemoram-750x375.jpg\" alt=\"\">\n                <\/div>\n            <\/div>\n            <div class=\"recomendadorV2Area2\">\n                <div class=\"recomendadorV2Type\">\n                    <span>Novo Benef\u00edcio<\/span>\n                <\/div>\n                <div class=\"recomendadorV2Title\">\n                <h2><span>Aux\u00edlio turbinado \ud83c\udf7d\ufe0f<\/span><\/h2>\n                <\/div>\n                <div class=\"recomendadorV2Desc\">\n                <span>Governo revela super aux\u00edlio alimenta\u00e7\u00e3o para 2026<\/span>\n                <\/div>\n                <div class=\"recomendadorV2Button\">Ler agora<\/div>\n                <div class=\"recomendadorV2Alert\"><\/div>\n            <\/div>\n            <\/div>\n        <\/a>\n        <div>\n            <div style=\"z-index:99999;\" id=\"buttonClose\" onclick=\"closeRecomendadorFixed()\">\n            <div class=\"recomendadorCloseFixed\">X<\/div>\n            <\/div>\n            <a href=\"https:\/\/diariodocomercio.com.br\/mix\/governo-anuncia-super-auxilio-alimentacao-para-trabalhadores-em-2026\/?utm_source=lazy\">\n            <div class=\"recomendadorFixedArea\">\n                <div id=\"recomendadorFixed\">\n                <div class=\"recomendadorLeftArea\">\n                    <div class=\"recomendadorImgFixed\">\n                    <img class=\"lazyload\" decoding=\"async\" src=\"https:\/\/diariodocomercio.com.br\/mix\/wp-content\/uploads\/2025\/04\/vale-refeicao-chega-a-2300-e-brasileiros-comemoram-750x375.jpg\" alt=\"\">\n                    <\/div>\n                <\/div>\n                <div class=\"recomendadorRightArea\">\n                    <div class=\"recomendadorTitleFixed\">\n                    <h2><span>Aux\u00edlio turbinado \ud83c\udf7d\ufe0f<\/span><\/h2>\n                    <\/div>\n                    <div class=\"recomendadorButtonFixed\">Ler agora<\/div>\n                    <div class=\"recomendadorAlertFixed\"><\/div>\n                <\/div>\n                <\/div>\n            <\/div>\n            <\/a>\n        <\/div>\n        <\/div>\n\n\n\n<p>A mudan\u00e7a de tom tamb\u00e9m acontece enquanto os EUA refor\u00e7am sua presen\u00e7a militar no Caribe: navios de guerra, ca\u00e7as, um submarino nuclear e, neste domingo, a chegada do porta-avi\u00f5es USS Gerald R. Ford.<\/p>\n\n\n\n<p>Segundo fontes da Casa Branca, Trump recebeu de seus assessores op\u00e7\u00f5es para poss\u00edveis a\u00e7\u00f5es militares em territ\u00f3rio venezuelano. Embora ainda n\u00e3o tenha autorizado ataques terrestres, o cen\u00e1rio \u201cpode mudar rapidamente\u201d, afirmam duas autoridades.<\/p>\n\n\n\n<p>O aumento das opera\u00e7\u00f5es navais abriu novo flanco de disputa no Congresso. Democratas \u2014 apoiados por republicanos como Rand Paul e Lisa Murkowski \u2014 tentaram obrigar o governo a pedir autoriza\u00e7\u00e3o pr\u00e9via para a\u00e7\u00f5es militares, mas as resolu\u00e7\u00f5es foram derrotadas no Senado.<\/p>\n\n\n\n<h2 class=\"wp-block-heading\"><strong>Caracas silenciosa<\/strong><\/h2>\n\n\n\n<p>O Minist\u00e9rio das Comunica\u00e7\u00f5es da Venezuela n\u00e3o comentou a sinaliza\u00e7\u00e3o de di\u00e1logo. Maduro costuma acusar os EUA de \u201cfabricarem\u201d acusa\u00e7\u00f5es de narcotr\u00e1fico para justificar a\u00e7\u00f5es militares contra seu governo.<\/p>\n","protected":false},"excerpt":{"rendered":"<p>O presidente dos Estados Unidos, Donald Trump, sinalizou neste domingo (16) que pode abrir um canal de negocia\u00e7\u00e3o com o l\u00edder venezuelano Nicol\u00e1s Maduro \u2014 um movimento considerado inesperado em meio \u00e0 escalada militar americana no Caribe e \u00e0s recentes a\u00e7\u00f5es de press\u00e3o contra Caracas. A declara\u00e7\u00e3o veio horas depois de Washington anunciar mais um [&hellip;]<\/p>\n","protected":false},"author":9,"featured_media":24454,"comment_status":"closed","ping_status":"closed","sticky":false,"template":"","format":"standard","meta":{"jnews-multi-image_gallery":[],"jnews_single_post":{"format":"standard"},"jnews_primary_category":[],"jnews_social_meta":[],"jnews_override_counter":[],"jnews_post_split":[],"footnotes":""},"categories":[1],"tags":[],"class_list":["post-26144","post","type-post","status-publish","format-standard","has-post-thumbnail","hentry","category-geral"],"_referencia":"","_links":{"self":[{"href":"https:\/\/diariodocomercio.com.br\/mix\/wp-json\/wp\/v2\/posts\/26144","targetHints":{"allow":["GET"]}}],"collection":[{"href":"https:\/\/diariodocomercio.com.br\/mix\/wp-json\/wp\/v2\/posts"}],"about":[{"href":"https:\/\/diariodocomercio.com.br\/mix\/wp-json\/wp\/v2\/types\/post"}],"author":[{"embeddable":true,"href":"https:\/\/diariodocomercio.com.br\/mix\/wp-json\/wp\/v2\/users\/9"}],"replies":[{"embeddable":true,"href":"https:\/\/diariodocomercio.com.br\/mix\/wp-json\/wp\/v2\/comments?post=26144"}],"version-history":[{"count":2,"href":"https:\/\/diariodocomercio.com.br\/mix\/wp-json\/wp\/v2\/posts\/26144\/revisions"}],"predecessor-version":[{"id":26195,"href":"https:\/\/diariodocomercio.com.br\/mix\/wp-json\/wp\/v2\/posts\/26144\/revisions\/26195"}],"wp:featuredmedia":[{"embeddable":true,"href":"https:\/\/diariodocomercio.com.br\/mix\/wp-json\/wp\/v2\/media\/24454"}],"wp:attachment":[{"href":"https:\/\/diariodocomercio.com.br\/mix\/wp-json\/wp\/v2\/media?parent=26144"}],"wp:term":[{"taxonomy":"category","embeddable":true,"href":"https:\/\/diariodocomercio.com.br\/mix\/wp-json\/wp\/v2\/categories?post=26144"},{"taxonomy":"post_tag","embeddable":true,"href":"https:\/\/diariodocomercio.com.br\/mix\/wp-json\/wp\/v2\/tags?post=26144"}],"curies":[{"name":"wp","href":"https:\/\/api.w.org\/{rel}","templated":true}]}}