{"id":2658,"date":"2025-02-15T08:15:00","date_gmt":"2025-02-15T11:15:00","guid":{"rendered":"https:\/\/diariodocomercio.com.br\/mix\/?p=2658"},"modified":"2025-02-10T10:31:54","modified_gmt":"2025-02-10T13:31:54","slug":"nasceu-em-janeiro-ou-fevereiro-voce-ja-pode-receber-este-valor","status":"publish","type":"post","link":"https:\/\/diariodocomercio.com.br\/mix\/nasceu-em-janeiro-ou-fevereiro-voce-ja-pode-receber-este-valor\/","title":{"rendered":"Nasceu em janeiro ou fevereiro? Voc\u00ea j\u00e1 pode receber este valor"},"content":{"rendered":"\n<p>Faz anivers\u00e1rio em janeiro ou fevereiro e optou pela modalidade <a href=\"https:\/\/diariodocomercio.com.br\/mix\/saque-aniversario-como-funciona-e-quando-posso-sacar\/\" data-type=\"post\" data-id=\"2655\" target=\"_blank\" rel=\"noreferrer noopener\">saque-anivers\u00e1rio<\/a> no seu <a href=\"https:\/\/diariodocomercio.com.br\/mix\/por-que-o-saldo-do-fgts-fica-bloqueado-saiba-o-que-fazer\/\" data-type=\"post\" data-id=\"2057\" target=\"_blank\" rel=\"noreferrer noopener\">FGTS<\/a>? Boa not\u00edcia: voc\u00ea j\u00e1 pode sacar parte do seu saldo! Os nascidos em janeiro podem fazer o saque-anivers\u00e1rio de 2025 entre os dias 2 de janeiro e 31 de mar\u00e7o. Para os nascidos em fevereiro, o prazo come\u00e7a no dia 3 de fevereiro e vai at\u00e9 o dia 30 de abril.<\/p>\n\n\n\n<p>Para ter direito ao saque-anivers\u00e1rio, voc\u00ea s\u00f3 precisa ter uma conta no FGTS (ativa ou inativa) com saldo liberado para saque. Todo trabalhador da modalidade CLT tem um FGTS. <\/p>\n\n\n\n<p>Para solicitar o seu saque-anivers\u00e1rio, voc\u00ea precisa baixar o aplicativo do FGTS. Acesse o app com os seus dados e clique na se\u00e7\u00e3o &#8220;Sistem\u00e1tica de saque do seu FGTS&#8221;. Leia as instru\u00e7\u00f5es, clique em &#8220;Li e aceitos os termos e condi\u00e7\u00f5es&#8221; e, por fim, em &#8220;Optar pelo saque-anivers\u00e1rio&#8221;. Antes de realizar a mudan\u00e7a, voc\u00ea consegue simular o valor do seu saque-anivers\u00e1rio atrav\u00e9s do pr\u00f3prio aplicativo.<\/p>\n\n\n\n<p>Depois de fazer a mudan\u00e7a, voc\u00ea escolhe uma conta banc\u00e1ria em sua titularidade na qual o<strong> valor ser\u00e1 depositado automaticamente<\/strong> nos prazos determinados.<\/p>\n\n\n\n<h2 class=\"wp-block-heading\">Calend\u00e1rio de pagamentos do saque-anivers\u00e1rio em 2025:<\/h2>\n\n\n\n<ul class=\"wp-block-list\">\n<li>Nascidos em janeiro: de 2 de janeiro de 2025 a 31 de mar\u00e7o de 2025;<\/li>\n\n\n\n<li>Nascidos em fevereiro: de 3 de fevereiro de 2025 a 30 de abril de 2025;<\/li>\n\n\n\n<li>Nascidos em mar\u00e7o: de 3 de mar\u00e7o de 2025 a 30 de maio de 2025;<\/li>\n\n\n\n<li>Nascidos em abril: de 1\u00ba de abril de 2025 a 30 de junho de 2025;<\/li>\n\n\n\n<li>Nascidos em maio: de 2 de maio de 2025 a 31 de julho de 2025;<\/li>\n\n\n\n<li>Nascidos em junho: de 2 de junho de 2025 a 29 de agosto de 2025;<\/li>\n\n\n\n<li>Nascidos em julho: de 1\u00ba de julho de 2025 a 30 de setembro de 2025;<\/li>\n\n\n\n<li>Nascidos em agosto: de 1\u00ba de agosto de 2025 a 31 de outubro de 2025;<\/li>\n\n\n\n<li>Nascidos em setembro: de 1\u00ba de setembro de 2025 a 28 de novembro de 2025;<\/li>\n\n\n\n<li>Nascidos em outubro: de 1\u00ba de outubro de 2025 a 30 de dezembro de 2025;<\/li>\n\n\n\n<li>Nascidos em novembro: de 3 de novembro de 2025 a 30 de janeiro de 2026;<\/li>\n\n\n\n<li>Nascidos em dezembro: de 1\u00ba de dezembro de 2025 a 27 de fevereiro de 2026.<\/li>\n<\/ul>\n","protected":false},"excerpt":{"rendered":"<p>Se voc\u00ea nasceu em janeiro ou fevereiro, voc\u00ea j\u00e1 pode realizar o seu saque-anivers\u00e1rio de 2025. Entenda como funciona a modalidade do FGTS.<\/p>\n","protected":false},"author":6,"featured_media":2659,"comment_status":"closed","ping_status":"closed","sticky":false,"template":"","format":"standard","meta":{"jnews-multi-image_gallery":[],"jnews_single_post":{"format":"standard"},"jnews_primary_category":[],"jnews_social_meta":[],"jnews_override_counter":[],"jnews_post_split":[],"footnotes":""},"categories":[1],"tags":[],"class_list":["post-2658","post","type-post","status-publish","format-standard","has-post-thumbnail","hentry","category-geral"],"_referencia":"","_links":{"self":[{"href":"https:\/\/diariodocomercio.com.br\/mix\/wp-json\/wp\/v2\/posts\/2658","targetHints":{"allow":["GET"]}}],"collection":[{"href":"https:\/\/diariodocomercio.com.br\/mix\/wp-json\/wp\/v2\/posts"}],"about":[{"href":"https:\/\/diariodocomercio.com.br\/mix\/wp-json\/wp\/v2\/types\/post"}],"author":[{"embeddable":true,"href":"https:\/\/diariodocomercio.com.br\/mix\/wp-json\/wp\/v2\/users\/6"}],"replies":[{"embeddable":true,"href":"https:\/\/diariodocomercio.com.br\/mix\/wp-json\/wp\/v2\/comments?post=2658"}],"version-history":[{"count":1,"href":"https:\/\/diariodocomercio.com.br\/mix\/wp-json\/wp\/v2\/posts\/2658\/revisions"}],"predecessor-version":[{"id":2660,"href":"https:\/\/diariodocomercio.com.br\/mix\/wp-json\/wp\/v2\/posts\/2658\/revisions\/2660"}],"wp:featuredmedia":[{"embeddable":true,"href":"https:\/\/diariodocomercio.com.br\/mix\/wp-json\/wp\/v2\/media\/2659"}],"wp:attachment":[{"href":"https:\/\/diariodocomercio.com.br\/mix\/wp-json\/wp\/v2\/media?parent=2658"}],"wp:term":[{"taxonomy":"category","embeddable":true,"href":"https:\/\/diariodocomercio.com.br\/mix\/wp-json\/wp\/v2\/categories?post=2658"},{"taxonomy":"post_tag","embeddable":true,"href":"https:\/\/diariodocomercio.com.br\/mix\/wp-json\/wp\/v2\/tags?post=2658"}],"curies":[{"name":"wp","href":"https:\/\/api.w.org\/{rel}","templated":true}]}}