{"id":2661,"date":"2025-02-15T09:15:00","date_gmt":"2025-02-15T12:15:00","guid":{"rendered":"https:\/\/diariodocomercio.com.br\/mix\/?p=2661"},"modified":"2025-02-10T21:28:52","modified_gmt":"2025-02-11T00:28:52","slug":"estas-sao-as-14-possibilidades-para-sacar-o-fgts-em-2025","status":"publish","type":"post","link":"https:\/\/diariodocomercio.com.br\/mix\/estas-sao-as-14-possibilidades-para-sacar-o-fgts-em-2025\/","title":{"rendered":"Estas s\u00e3o as 14 possibilidades para sacar o FGTS em 2025"},"content":{"rendered":"\n<p>O Fundo de Garantia do Tempo de Servi\u00e7o, o <a href=\"https:\/\/diariodocomercio.com.br\/mix\/calendario-saque-aniversario-2025-fgts-valor-data-e-quem-tem-direito\/\" target=\"_blank\" data-type=\"post\" data-id=\"1442\" rel=\"noreferrer noopener\">FGTS<\/a>, \u00e9 um direito de todo trabalhador brasileiro que tem a carteira assinada. Ele funciona da seguinte forma: parte do seu sal\u00e1rio todo m\u00eas \u00e9 descontado e vai para esse fundo, que fica como uma reserva financeira do trabalhador, podendo ser sacada em algumas situa\u00e7\u00f5es diferentes. <\/p>\n\n\n\n<p>Em 2025, o governo estabeleceu algumas regras novas, permitindo mais possibilidades para o trabalhador fazer o saque do FGTS. <\/p>\n\n\n\n<ol class=\"wp-block-list\">\n<li>Demiss\u00e3o sem justa causa permite saque integral do FGTS;<\/li>\n\n\n\n<li>Compra de im\u00f3vel e pagamento de financiamento podem ser feitos com FGTS;<\/li>\n\n\n\n<li>Saque-anivers\u00e1rio;<\/li>\n\n\n\n<li>Saque para situa\u00e7\u00f5es emergenciais e calamidades p\u00fablicas;<\/li>\n\n\n\n<li>FGTS pode ser utilizado em casos de doen\u00e7as graves;<\/li>\n\n\n\n<li>Idosos a partir de 70 anos t\u00eam direito ao saque do FGTS;<\/li>\n\n\n\n<li>FGTS como heran\u00e7a: saque por dependentes;<\/li>\n\n\n\n<li>Rescis\u00e3o do contrato por t\u00e9rmino do prazo determinado;<\/li>\n\n\n\n<li>Rescis\u00e3o por fal\u00eancia da empresa ou falecimento do empregador;<\/li>\n\n\n\n<li>Rescis\u00e3o do contrato por culpa rec\u00edproca reconhecida pela Justi\u00e7a do Trabalho;<\/li>\n\n\n\n<li>Suspens\u00e3o do trabalho avulso;<\/li>\n\n\n\n<li>Perman\u00eancia por tr\u00eas anos ininterruptos sem v\u00ednculo empregat\u00edcio;<\/li>\n\n\n\n<li>Contas inativas sem movimenta\u00e7\u00e3o por mais de tr\u00eas anos;<\/li>\n\n\n\n<li>Saque para pagamento de \u00f3rteses e pr\u00f3teses para inclus\u00e3o social.<\/li>\n<\/ol>\n\n\n\n<h2 class=\"wp-block-heading\">O saque-anivers\u00e1rio do FGTS acabou?<\/h2>\n\n\n\n<p>Existem v\u00e1rias discuss\u00f5es sobre acabar com essa modalidade, mas, pelo menos em 2025, quem opta pela modalidade tem o direito ao saque-anivers\u00e1rio garantido. Confira o calend\u00e1rio de pagamentos do ano:<\/p>\n\n\n\n<ul class=\"wp-block-list\">\n<li>Nascidos em janeiro: de 2 de janeiro de 2025 a 31 de mar\u00e7o de 2025;<\/li>\n\n\n\n<li>Nascidos em fevereiro: de 3 de fevereiro de 2025 a 30 de abril de 2025;<\/li>\n\n\n\n<li>Nascidos em mar\u00e7o: de 3 de mar\u00e7o de 2025 a 30 de maio de 2025;<\/li>\n\n\n\n<li>Nascidos em abril: de 1\u00ba de abril de 2025 a 30 de junho de 2025;<\/li>\n\n\n\n<li>Nascidos em maio: de 2 de maio de 2025 a 31 de julho de 2025;<\/li>\n\n\n\n<li>Nascidos em junho: de 2 de junho de 2025 a 29 de agosto de 2025;<\/li>\n\n\n\n<li>Nascidos em julho: de 1\u00ba de julho de 2025 a 30 de setembro de 2025;<\/li>\n\n\n\n<li>Nascidos em agosto: de 1\u00ba de agosto de 2025 a 31 de outubro de 2025;<\/li>\n\n\n\n<li>Nascidos em setembro: de 1\u00ba de setembro de 2025 a 28 de novembro de 2025;<\/li>\n\n\n\n<li>Nascidos em outubro: de 1\u00ba de outubro de 2025 a 30 de dezembro de 2025;<\/li>\n\n\n\n<li>Nascidos em novembro: de 3 de novembro de 2025 a 30 de janeiro de 2026;<\/li>\n\n\n\n<li>Nascidos em dezembro: de 1\u00ba de dezembro de 2025 a 27 de fevereiro de 2026.<\/li>\n<\/ul>\n","protected":false},"excerpt":{"rendered":"<p>O FGTS \u00e9 um direito de todo trabalhador brasileiro que tem a carteira assinada, funcionando como uma reserva financeira.<\/p>\n","protected":false},"author":6,"featured_media":2058,"comment_status":"closed","ping_status":"closed","sticky":false,"template":"","format":"standard","meta":{"jnews-multi-image_gallery":[],"jnews_single_post":{"format":"standard"},"jnews_primary_category":[],"jnews_social_meta":[],"jnews_override_counter":[],"jnews_post_split":[],"footnotes":""},"categories":[1],"tags":[],"class_list":["post-2661","post","type-post","status-publish","format-standard","has-post-thumbnail","hentry","category-geral"],"_referencia":"","_links":{"self":[{"href":"https:\/\/diariodocomercio.com.br\/mix\/wp-json\/wp\/v2\/posts\/2661","targetHints":{"allow":["GET"]}}],"collection":[{"href":"https:\/\/diariodocomercio.com.br\/mix\/wp-json\/wp\/v2\/posts"}],"about":[{"href":"https:\/\/diariodocomercio.com.br\/mix\/wp-json\/wp\/v2\/types\/post"}],"author":[{"embeddable":true,"href":"https:\/\/diariodocomercio.com.br\/mix\/wp-json\/wp\/v2\/users\/6"}],"replies":[{"embeddable":true,"href":"https:\/\/diariodocomercio.com.br\/mix\/wp-json\/wp\/v2\/comments?post=2661"}],"version-history":[{"count":2,"href":"https:\/\/diariodocomercio.com.br\/mix\/wp-json\/wp\/v2\/posts\/2661\/revisions"}],"predecessor-version":[{"id":2688,"href":"https:\/\/diariodocomercio.com.br\/mix\/wp-json\/wp\/v2\/posts\/2661\/revisions\/2688"}],"wp:featuredmedia":[{"embeddable":true,"href":"https:\/\/diariodocomercio.com.br\/mix\/wp-json\/wp\/v2\/media\/2058"}],"wp:attachment":[{"href":"https:\/\/diariodocomercio.com.br\/mix\/wp-json\/wp\/v2\/media?parent=2661"}],"wp:term":[{"taxonomy":"category","embeddable":true,"href":"https:\/\/diariodocomercio.com.br\/mix\/wp-json\/wp\/v2\/categories?post=2661"},{"taxonomy":"post_tag","embeddable":true,"href":"https:\/\/diariodocomercio.com.br\/mix\/wp-json\/wp\/v2\/tags?post=2661"}],"curies":[{"name":"wp","href":"https:\/\/api.w.org\/{rel}","templated":true}]}}