{"id":2689,"date":"2025-02-15T11:15:00","date_gmt":"2025-02-15T14:15:00","guid":{"rendered":"https:\/\/diariodocomercio.com.br\/mix\/?p=2689"},"modified":"2025-02-10T22:11:40","modified_gmt":"2025-02-11T01:11:40","slug":"seguro-desemprego-vai-terminar-em-2025-governo-federal-se-manifesta","status":"publish","type":"post","link":"https:\/\/diariodocomercio.com.br\/mix\/seguro-desemprego-vai-terminar-em-2025-governo-federal-se-manifesta\/","title":{"rendered":"Seguro-Desemprego vai terminar em 2025? Governo Federal se manifesta"},"content":{"rendered":"\n<p>Talvez voc\u00ea j\u00e1 tenha ouvido por a\u00ed que o seguro-desemprego vai acabar e j\u00e1 tenha at\u00e9 come\u00e7ado a querer arrancar os cabelos de estresse. Mas calma: tudo n\u00e3o passa de <em>fake news<\/em>. O Governo Federal n\u00e3o tem nenhum plano de acabar com o benef\u00edcio e nem poderia, afinal, esse seguro est\u00e1 previsto no artigo 7\u00ba da Constitui\u00e7\u00e3o Federal, como um direito de qualquer trabalhador formal (CLT).<\/p>\n\n\n\n<p>Para acessar o seguro-desemprego, o trabalhador precisa ter sido demitido involuntariamente (sem justa causa) e se encaixar nos seguintes requisitos:<\/p>\n\n\n\n<ul class=\"wp-block-list\">\n<li>a) n\u00e3o possuem renda pr\u00f3pria que seja suficiente \u00e0 sua manuten\u00e7\u00e3o e de sua fam\u00edlia;<\/li>\n\n\n\n<li>b) receberam sal\u00e1rios de pessoa jur\u00eddica ou de pessoa f\u00edsica a ela equiparada, relativos a:\n<ul class=\"wp-block-list\">\n<li>pelo menos 12 meses nos \u00faltimos 18 meses imediatamente anteriores \u00e0 data de dispensa, quando da primeira solicita\u00e7\u00e3o;<\/li>\n\n\n\n<li>ou pelo menos 9 meses nos \u00faltimos 12 meses imediatamente anteriores \u00e0 data de dispensa, quando da segunda solicita\u00e7\u00e3o;<\/li>\n\n\n\n<li>ou cada um dos 6 meses imediatamente anteriores \u00e0 data de dispensa, quando das demais solicita\u00e7\u00f5es;<\/li>\n<\/ul>\n<\/li>\n\n\n\n<li>c) n\u00e3o recebem qualquer benef\u00edcio previdenci\u00e1rio de presta\u00e7\u00e3o continuada, com exce\u00e7\u00e3o do aux\u00edlio-acidente, do aux\u00edlio suplementar e do abono de perman\u00eancia em servi\u00e7o.<\/li>\n<\/ul>\n\n\n\n<h2 class=\"wp-block-heading\">Como acessar o seguro-desemprego?<\/h2>\n\n\n\n<p>Existem duas formas de acessar o benef\u00edcio: a primeira \u00e9 atrav\u00e9s do Portal Emprega Brasil, dentro do site Gov.br. Voc\u00ea pode entrar na plataforma com o seu usu\u00e1rio e senha do Gov.br. Dentro do portal, voc\u00ea encontra a se\u00e7\u00e3o &#8220;Seguro-desemprego&#8221;. Dentro dela, voc\u00ea encontra as op\u00e7\u00f5es para consultar e solicitar o benef\u00edcio. Voc\u00ea tamb\u00e9m pode solicitar o seguro atrav\u00e9s do aplicativo da Carteira de Trabalho Digital.<\/p>\n\n\n\n<p>De ambas as formas, voc\u00ea precisa apresentar a seguinte documenta\u00e7\u00e3o:<\/p>\n\n\n\n<ul class=\"wp-block-list\">\n<li>CPF;<\/li>\n\n\n\n<li>Documento do requerimento do seguro-desemprego (voc\u00ea recebe do empregador este documento no momento que \u00e9 dispensado sem justa causa).<\/li>\n<\/ul>\n\n\n\n<p>O seguro-desemprego \u00e9 pago atrav\u00e9s da Caixa Econ\u00f4mica Federal, mas voc\u00ea tamb\u00e9m consegue transferir o valor para contas em outras institui\u00e7\u00f5es.<\/p>\n","protected":false},"excerpt":{"rendered":"<p>O Governo Federal n\u00e3o tem planos de acabar com o seguro-desemprego &#8211; e nem poderia, j\u00e1 que o benef\u00edcio \u00e9 garantido na Constitui\u00e7\u00e3o!<\/p>\n","protected":false},"author":6,"featured_media":2461,"comment_status":"closed","ping_status":"closed","sticky":false,"template":"","format":"standard","meta":{"jnews-multi-image_gallery":[],"jnews_single_post":{"format":"standard"},"jnews_primary_category":[],"jnews_social_meta":[],"jnews_override_counter":[],"jnews_post_split":[],"footnotes":""},"categories":[1],"tags":[],"class_list":["post-2689","post","type-post","status-publish","format-standard","has-post-thumbnail","hentry","category-geral"],"_referencia":"","_links":{"self":[{"href":"https:\/\/diariodocomercio.com.br\/mix\/wp-json\/wp\/v2\/posts\/2689","targetHints":{"allow":["GET"]}}],"collection":[{"href":"https:\/\/diariodocomercio.com.br\/mix\/wp-json\/wp\/v2\/posts"}],"about":[{"href":"https:\/\/diariodocomercio.com.br\/mix\/wp-json\/wp\/v2\/types\/post"}],"author":[{"embeddable":true,"href":"https:\/\/diariodocomercio.com.br\/mix\/wp-json\/wp\/v2\/users\/6"}],"replies":[{"embeddable":true,"href":"https:\/\/diariodocomercio.com.br\/mix\/wp-json\/wp\/v2\/comments?post=2689"}],"version-history":[{"count":1,"href":"https:\/\/diariodocomercio.com.br\/mix\/wp-json\/wp\/v2\/posts\/2689\/revisions"}],"predecessor-version":[{"id":2690,"href":"https:\/\/diariodocomercio.com.br\/mix\/wp-json\/wp\/v2\/posts\/2689\/revisions\/2690"}],"wp:featuredmedia":[{"embeddable":true,"href":"https:\/\/diariodocomercio.com.br\/mix\/wp-json\/wp\/v2\/media\/2461"}],"wp:attachment":[{"href":"https:\/\/diariodocomercio.com.br\/mix\/wp-json\/wp\/v2\/media?parent=2689"}],"wp:term":[{"taxonomy":"category","embeddable":true,"href":"https:\/\/diariodocomercio.com.br\/mix\/wp-json\/wp\/v2\/categories?post=2689"},{"taxonomy":"post_tag","embeddable":true,"href":"https:\/\/diariodocomercio.com.br\/mix\/wp-json\/wp\/v2\/tags?post=2689"}],"curies":[{"name":"wp","href":"https:\/\/api.w.org\/{rel}","templated":true}]}}