{"id":2691,"date":"2025-02-15T13:15:00","date_gmt":"2025-02-15T16:15:00","guid":{"rendered":"https:\/\/diariodocomercio.com.br\/mix\/?p=2691"},"modified":"2025-02-10T22:24:19","modified_gmt":"2025-02-11T01:24:19","slug":"saiba-se-voce-e-um-dos-beneficiarios-que-vai-receber-o-bolsa-familia-no-dia-18-de-fevereiro","status":"publish","type":"post","link":"https:\/\/diariodocomercio.com.br\/mix\/saiba-se-voce-e-um-dos-beneficiarios-que-vai-receber-o-bolsa-familia-no-dia-18-de-fevereiro\/","title":{"rendered":"Saiba se voc\u00ea \u00e9 um dos benefici\u00e1rios que vai receber o Bolsa Fam\u00edlia no dia 18 de fevereiro"},"content":{"rendered":"\n<p>Se voc\u00ea \u00e9 benefici\u00e1rio do Bolsa Fam\u00edlia e conversou com outras pessoas que recebem o benef\u00edcio, talvez tenha percebido que nem todo mundo recebe o pagamento no mesmo dia&#8230; isso acontece porque o Governo Federal distribui os pagamentos mensais da bolsa ao longo de dez dias \u00fateis do m\u00eas. A ordem dos pagamentos tamb\u00e9m \u00e9 aleat\u00f3ria: ela depende do n\u00famero final do seu NIS, o N\u00famero de Identifica\u00e7\u00e3o Social.<\/p>\n\n\n\n<p>No m\u00eas de fevereiro de 2025, os pagamentos do Bolsa Fam\u00edlia come\u00e7am no dia 17 e v\u00e3o at\u00e9 o dia 28. <\/p>\n\n\n\n<ul class=\"wp-block-list\">\n<li>NIS final 1 \u2013 Dia 17;<\/li>\n\n\n\n<li><strong>NIS final 2 \u2013 Dia 18;<\/strong><\/li>\n\n\n\n<li>NIS final 3 \u2013 Dia 19;<\/li>\n\n\n\n<li>NIS final 4 \u2013 Dia 20;<\/li>\n\n\n\n<li>NIS final 5 \u2013 Dia 21;<\/li>\n\n\n\n<li>NIS final 6 \u2013 Dia 24;<\/li>\n\n\n\n<li>NIS final 7 \u2013 Dia 25;<\/li>\n\n\n\n<li>NIS final 8 \u2013 Dia 26;<\/li>\n\n\n\n<li>NIS final 9 \u2013 Dia 27;<\/li>\n\n\n\n<li>NIS final 0 \u2013 Dia 28.<\/li>\n<\/ul>\n\n\n\n<h2 class=\"wp-block-heading\">Como saber o meu NIS?<\/h2>\n\n\n\n<p>Todo benefici\u00e1rio do Bolsa Fam\u00edlia automaticamente recebe um N\u00famero de Identifica\u00e7\u00e3o Social e voc\u00ea pode encontrar o seu NIS no portal Meu INSS (voc\u00ea entra com o usu\u00e1rio e senha do Gov.br), no extrato do FGTS, no Cart\u00e3o Cidad\u00e3o, no Cart\u00e3o Aux\u00edlio Brasil e na carteira de trabalho, tanto a vers\u00e3o f\u00edsica quanto a digital.<\/p>\n\n\n\n<h2 class=\"wp-block-heading\">Confira o calend\u00e1rio de pagamentos do Bolsa Fam\u00edlia de 2025:<\/h2>\n\n\n\n<ul class=\"wp-block-list\">\n<li>Janeiro: de 20\/1 a 31\/1;<\/li>\n\n\n\n<li>Fevereiro: de 17\/2 a 28\/2;<\/li>\n\n\n\n<li>Mar\u00e7o: de 18\/3 a 31\/3;<\/li>\n\n\n\n<li>Abril: de 15\/4 a 30\/4;<\/li>\n\n\n\n<li>Maio: de 19\/5 a 30\/5;<\/li>\n\n\n\n<li>Junho: de 16\/6 a 30\/6;<\/li>\n\n\n\n<li>Julho: de 18\/7 a 31\/7;<\/li>\n\n\n\n<li>Agosto: de 18\/8 a 29\/8;<\/li>\n\n\n\n<li>Setembro: de 17\/9 a 30\/9;<\/li>\n\n\n\n<li>Outubro: de 20\/10 a 31\/10;<\/li>\n\n\n\n<li>Novembro: de 14\/11 a 28\/11;<\/li>\n\n\n\n<li>Dezembro: de 10\/12 a 23\/12.<\/li>\n<\/ul>\n\n\n\n<h2 class=\"wp-block-heading\">Qual o valor do Bolsa Fam\u00edlia em 2025?<\/h2>\n\n\n\n<p>As fam\u00edlias cadastradas recebem no m\u00ednimo R$ 600 por m\u00eas. O Governo adiciona mais R$ 150 a cada crian\u00e7a de zero a seis anos e R$ 50 a mais para crian\u00e7as e adolescentes entre sete e 18 anos, gestantes e pessoas que est\u00e3o amamentando.<\/p>\n","protected":false},"excerpt":{"rendered":"<p>Os pagamentos do Bolsa Fam\u00edlia de fevereiro de 2025 come\u00e7am na pr\u00f3xima segunda (17) e s\u00e3o distribu\u00eddos em dez dias \u00fateis.<\/p>\n","protected":false},"author":6,"featured_media":1802,"comment_status":"closed","ping_status":"closed","sticky":false,"template":"","format":"standard","meta":{"jnews-multi-image_gallery":[],"jnews_single_post":{"format":"standard"},"jnews_primary_category":[],"jnews_social_meta":[],"jnews_override_counter":[],"jnews_post_split":[],"footnotes":""},"categories":[1],"tags":[],"class_list":["post-2691","post","type-post","status-publish","format-standard","has-post-thumbnail","hentry","category-geral"],"_referencia":"","_links":{"self":[{"href":"https:\/\/diariodocomercio.com.br\/mix\/wp-json\/wp\/v2\/posts\/2691","targetHints":{"allow":["GET"]}}],"collection":[{"href":"https:\/\/diariodocomercio.com.br\/mix\/wp-json\/wp\/v2\/posts"}],"about":[{"href":"https:\/\/diariodocomercio.com.br\/mix\/wp-json\/wp\/v2\/types\/post"}],"author":[{"embeddable":true,"href":"https:\/\/diariodocomercio.com.br\/mix\/wp-json\/wp\/v2\/users\/6"}],"replies":[{"embeddable":true,"href":"https:\/\/diariodocomercio.com.br\/mix\/wp-json\/wp\/v2\/comments?post=2691"}],"version-history":[{"count":1,"href":"https:\/\/diariodocomercio.com.br\/mix\/wp-json\/wp\/v2\/posts\/2691\/revisions"}],"predecessor-version":[{"id":2692,"href":"https:\/\/diariodocomercio.com.br\/mix\/wp-json\/wp\/v2\/posts\/2691\/revisions\/2692"}],"wp:featuredmedia":[{"embeddable":true,"href":"https:\/\/diariodocomercio.com.br\/mix\/wp-json\/wp\/v2\/media\/1802"}],"wp:attachment":[{"href":"https:\/\/diariodocomercio.com.br\/mix\/wp-json\/wp\/v2\/media?parent=2691"}],"wp:term":[{"taxonomy":"category","embeddable":true,"href":"https:\/\/diariodocomercio.com.br\/mix\/wp-json\/wp\/v2\/categories?post=2691"},{"taxonomy":"post_tag","embeddable":true,"href":"https:\/\/diariodocomercio.com.br\/mix\/wp-json\/wp\/v2\/tags?post=2691"}],"curies":[{"name":"wp","href":"https:\/\/api.w.org\/{rel}","templated":true}]}}