{"id":2699,"date":"2025-02-15T16:15:00","date_gmt":"2025-02-15T19:15:00","guid":{"rendered":"https:\/\/diariodocomercio.com.br\/mix\/?p=2699"},"modified":"2025-02-11T15:45:40","modified_gmt":"2025-02-11T18:45:40","slug":"feriado-aprovado-em-2024-vai-cair-numa-quinta-feira-neste-ano","status":"publish","type":"post","link":"https:\/\/diariodocomercio.com.br\/mix\/feriado-aprovado-em-2024-vai-cair-numa-quinta-feira-neste-ano\/","title":{"rendered":"Feriado aprovado em 2024 vai cair numa quinta-feira neste ano"},"content":{"rendered":"\n<p>No segundo semestre do ano, a maioria dos <a href=\"https:\/\/diariodocomercio.com.br\/mix\/feriados-em-fevereiro-de-2025-confira-calendario-com-todos\/\" target=\"_blank\" data-type=\"post\" data-id=\"2310\" rel=\"noreferrer noopener\">feriados<\/a> nacionais caiu no fim de semana &#8211; para a tristeza de todo mundo que s\u00f3 queria aquele descanso extra -, mas temos uma exce\u00e7\u00e3o. Aprovado como feriado nacional em 2024, o Dia da Consci\u00eancia Negra, dia 20 de novembro, caiu em uma quinta-feira. <\/p>\n\n\n\n<p>2024 foi o primeiro ano em que a data foi celebrada como feriado nacional. At\u00e9 ent\u00e3o, a data era comemorada como feriado em seis estados brasileiros &#8211; Alagoas, Amazonas, Amap\u00e1, Mato Grosso, Rio de Janeiro e S\u00e3o Paulo &#8211; e mais de 1,2 cidades. O presidente Lula sancionou o feriado em dezembro de 2023, <\/p>\n\n\n\n<p>20 de novembro, data da morte do l\u00edder quilombola Zumbi dos Palmares, foi definida como marco da luta contra o racismo durante o processo de cria\u00e7\u00e3o do Movimento Negro Unificado, em 1978. <em>&#8220;Diante de uma hist\u00f3ria de encobrimento do racismo, viol\u00eancia e impunidade contra a popula\u00e7\u00e3o negra que persiste at\u00e9 os dias de hoje, lembrar do legado de Palmares e das mobiliza\u00e7\u00f5es durante a ditadura n\u00e3o \u00e9 apenas lutar por mem\u00f3ria, mas por justi\u00e7a&#8221;<\/em>, afirma o site do Arquivo Nacional.<\/p>\n\n\n\n<p>O Dia da Consci\u00eancia Negra e o Dia Nacional de Zumbi j\u00e1 tinha sido institu\u00eddos pelo Congresso l\u00e1 em 2011, mas, na \u00e9poca, os parlamentares decidiram n\u00e3o transformar a data em feriado nacional.<\/p>\n\n\n\n<h2 class=\"wp-block-heading\">Confira todos os feriados nacionais de 2025:<\/h2>\n\n\n\n<ul class=\"wp-block-list\">\n<li><s>1\u00ba de janeiro (quarta-feira) \u2013 Confraterniza\u00e7\u00e3o Universal;<\/s><\/li>\n\n\n\n<li>4 de mar\u00e7o (ter\u00e7a-feira) \u2013 Carnaval (ponto facultativo na maior parte do Brasil);<\/li>\n\n\n\n<li>18 de abril (sexta-feira) \u2013 Sexta-feira Santa;<\/li>\n\n\n\n<li>21 de abril (segunda-feira) \u2013 Tiradentes;<\/li>\n\n\n\n<li>1\u00ba de maio (quinta-feira) \u2013 Dia do Trabalho;<\/li>\n\n\n\n<li>19 de junho (quinta-feira) \u2013 Corpus Christi;<\/li>\n\n\n\n<li>7 de setembro (domingo) \u2013 Independ\u00eancia do Brasil;<\/li>\n\n\n\n<li>12 de outubro (domingo) \u2013 Nossa Senhora Aparecida;<\/li>\n\n\n\n<li>2 de novembro (domingo) \u2013 Finados;<\/li>\n\n\n\n<li>15 de novembro (s\u00e1bado) \u2013 Proclama\u00e7\u00e3o da Rep\u00fablica;<\/li>\n\n\n\n<li><strong>20 de novembro (quinta-feira) \u2013 Dia da Consci\u00eancia Negra;<\/strong><\/li>\n\n\n\n<li>25 de dezembro (quinta-feira) \u2013 Natal.<\/li>\n<\/ul>\n","protected":false},"excerpt":{"rendered":"<p>Celebrado como feriado nacional pela primeira vez em 2024, o Dia da Consci\u00eancia Negra cai em uma quinta-feira este ano.<\/p>\n","protected":false},"author":6,"featured_media":2700,"comment_status":"closed","ping_status":"closed","sticky":false,"template":"","format":"standard","meta":{"jnews-multi-image_gallery":[],"jnews_single_post":{"format":"standard"},"jnews_primary_category":[],"jnews_social_meta":[],"jnews_override_counter":[],"jnews_post_split":[],"footnotes":""},"categories":[1],"tags":[],"class_list":["post-2699","post","type-post","status-publish","format-standard","has-post-thumbnail","hentry","category-geral"],"_referencia":"","_links":{"self":[{"href":"https:\/\/diariodocomercio.com.br\/mix\/wp-json\/wp\/v2\/posts\/2699","targetHints":{"allow":["GET"]}}],"collection":[{"href":"https:\/\/diariodocomercio.com.br\/mix\/wp-json\/wp\/v2\/posts"}],"about":[{"href":"https:\/\/diariodocomercio.com.br\/mix\/wp-json\/wp\/v2\/types\/post"}],"author":[{"embeddable":true,"href":"https:\/\/diariodocomercio.com.br\/mix\/wp-json\/wp\/v2\/users\/6"}],"replies":[{"embeddable":true,"href":"https:\/\/diariodocomercio.com.br\/mix\/wp-json\/wp\/v2\/comments?post=2699"}],"version-history":[{"count":2,"href":"https:\/\/diariodocomercio.com.br\/mix\/wp-json\/wp\/v2\/posts\/2699\/revisions"}],"predecessor-version":[{"id":2715,"href":"https:\/\/diariodocomercio.com.br\/mix\/wp-json\/wp\/v2\/posts\/2699\/revisions\/2715"}],"wp:featuredmedia":[{"embeddable":true,"href":"https:\/\/diariodocomercio.com.br\/mix\/wp-json\/wp\/v2\/media\/2700"}],"wp:attachment":[{"href":"https:\/\/diariodocomercio.com.br\/mix\/wp-json\/wp\/v2\/media?parent=2699"}],"wp:term":[{"taxonomy":"category","embeddable":true,"href":"https:\/\/diariodocomercio.com.br\/mix\/wp-json\/wp\/v2\/categories?post=2699"},{"taxonomy":"post_tag","embeddable":true,"href":"https:\/\/diariodocomercio.com.br\/mix\/wp-json\/wp\/v2\/tags?post=2699"}],"curies":[{"name":"wp","href":"https:\/\/api.w.org\/{rel}","templated":true}]}}