{"id":27610,"date":"2025-12-06T08:14:00","date_gmt":"2025-12-06T11:14:00","guid":{"rendered":"https:\/\/diariodocomercio.com.br\/mix\/?p=27610"},"modified":"2025-12-01T09:39:13","modified_gmt":"2025-12-01T12:39:13","slug":"reviravolta-quem-recebe-ate-r-5-mil-tera-que-pagar-imposto-de-renda-em-2026","status":"publish","type":"post","link":"https:\/\/diariodocomercio.com.br\/mix\/reviravolta-quem-recebe-ate-r-5-mil-tera-que-pagar-imposto-de-renda-em-2026\/","title":{"rendered":"Reviravolta: quem recebe at\u00e9 R$ 5 mil ter\u00e1 que pagar Imposto de Renda em 2026"},"content":{"rendered":"\n<p>A reforma do<strong> Imposto de Renda<\/strong> proposta pelo governo federal, sancionada pelo presidente Luiz In\u00e1cio Lula da Silva, introduz mudan\u00e7as importantes que come\u00e7ar\u00e3o a vigorar em 2026. A nova legisla\u00e7\u00e3o isenta do Imposto de Renda os indiv\u00edduos com rendimentos mensais de <strong>at\u00e9 R$ 5 mil,<\/strong> aliviando a carga tribut\u00e1ria para a classe m\u00e9dia. Essa medida dever\u00e1 beneficiar aproximadamente 10 milh\u00f5es de contribuintes.<\/p>\n\n\n\n<p>Contribuintes que passar\u00e3o a se enquadrar na nova faixa de isen\u00e7\u00e3o ainda estar\u00e3o obrigados a apresentar a declara\u00e7\u00e3o de Imposto de Renda em 2026. Isso ocorre porque o novo limite de isen\u00e7\u00e3o s\u00f3 entra em vigor naquele ano, enquanto<strong> a declara\u00e7\u00e3o entregue entre mar\u00e7o e maio corresponde sempre ao per\u00edodo fiscal anterior<\/strong>. Dessa forma, o ajuste a ser feito no pr\u00f3ximo ano continuar\u00e1 baseado nos rendimentos obtidos em 2025.<\/p>\n\n\n\n<p>A reforma inclui tamb\u00e9m altera\u00e7\u00f5es para quem ganha <strong>entre R$ 5 mil e R$ 7.350 por m\u00eas.<\/strong> Esses contribuintes gozar\u00e3o de uma redu\u00e7\u00e3o progressiva no imposto a pagar. Anteriormente, apenas aqueles que recebiam at\u00e9 R$ 3.076 estavam isentos. Com a nova regra, cerca de 5 milh\u00f5es de brasileiros ser\u00e3o impactados positivamente.<\/p>\n\n\n\n<p>Para compensar a perda na arrecada\u00e7\u00e3o, a reforma estabelece um novo imposto para rendas altas. Contribuintes com rendimentos anuais acima de R$ 600 mil estar\u00e3o sujeitos a uma tributa\u00e7\u00e3o m\u00ednima que pode chegar a 10%. Essa medida visa promover justi\u00e7a fiscal e equilibrar as contas p\u00fablicas.<\/p>\n\n\n\n<h2 class=\"wp-block-heading\">Implementa\u00e7\u00e3o em 2026<\/h2>\n\n\n\n<p>As altera\u00e7\u00f5es entram em vigor a partir de janeiro de 2026, refletindo j\u00e1 na folha de pagamento dos brasileiros. A tabela progressiva do imposto de renda se mant\u00e9m para rendas superiores a R$ 7.350 mensais, aplicando al\u00edquotas de at\u00e9 27,5%. A reforma promete um al\u00edvio fiscal imediato, aumentando a renda dispon\u00edvel para consumo e poupan\u00e7a.<\/p>\n\n\n\n<p>Os contribuintes devem estar preparados para declarar os rendimentos de 2026, seguindo as novas regras em 2027. Este modelo visa criar um sistema tribut\u00e1rio mais equilibrado, desempenhando um papel crucial na redu\u00e7\u00e3o das desigualdades sociais no Brasil.&nbsp;<\/p>\n","protected":false},"excerpt":{"rendered":"<p>Contribuintes ainda ter\u00e3o que pagar o imposto em 2026. Veja a justificativa apresentada.<\/p>\n","protected":false},"author":12,"featured_media":10649,"comment_status":"closed","ping_status":"closed","sticky":false,"template":"","format":"standard","meta":{"jnews-multi-image_gallery":[],"jnews_single_post":{"format":"standard"},"jnews_primary_category":[],"jnews_social_meta":[],"jnews_override_counter":[],"jnews_post_split":[],"footnotes":""},"categories":[1],"tags":[],"class_list":["post-27610","post","type-post","status-publish","format-standard","has-post-thumbnail","hentry","category-geral"],"_referencia":"","_links":{"self":[{"href":"https:\/\/diariodocomercio.com.br\/mix\/wp-json\/wp\/v2\/posts\/27610","targetHints":{"allow":["GET"]}}],"collection":[{"href":"https:\/\/diariodocomercio.com.br\/mix\/wp-json\/wp\/v2\/posts"}],"about":[{"href":"https:\/\/diariodocomercio.com.br\/mix\/wp-json\/wp\/v2\/types\/post"}],"author":[{"embeddable":true,"href":"https:\/\/diariodocomercio.com.br\/mix\/wp-json\/wp\/v2\/users\/12"}],"replies":[{"embeddable":true,"href":"https:\/\/diariodocomercio.com.br\/mix\/wp-json\/wp\/v2\/comments?post=27610"}],"version-history":[{"count":1,"href":"https:\/\/diariodocomercio.com.br\/mix\/wp-json\/wp\/v2\/posts\/27610\/revisions"}],"predecessor-version":[{"id":27611,"href":"https:\/\/diariodocomercio.com.br\/mix\/wp-json\/wp\/v2\/posts\/27610\/revisions\/27611"}],"wp:featuredmedia":[{"embeddable":true,"href":"https:\/\/diariodocomercio.com.br\/mix\/wp-json\/wp\/v2\/media\/10649"}],"wp:attachment":[{"href":"https:\/\/diariodocomercio.com.br\/mix\/wp-json\/wp\/v2\/media?parent=27610"}],"wp:term":[{"taxonomy":"category","embeddable":true,"href":"https:\/\/diariodocomercio.com.br\/mix\/wp-json\/wp\/v2\/categories?post=27610"},{"taxonomy":"post_tag","embeddable":true,"href":"https:\/\/diariodocomercio.com.br\/mix\/wp-json\/wp\/v2\/tags?post=27610"}],"curies":[{"name":"wp","href":"https:\/\/api.w.org\/{rel}","templated":true}]}}