{"id":27710,"date":"2025-12-06T10:46:00","date_gmt":"2025-12-06T13:46:00","guid":{"rendered":"https:\/\/diariodocomercio.com.br\/mix\/?p=27710"},"modified":"2025-12-01T19:21:17","modified_gmt":"2025-12-01T22:21:17","slug":"salario-minimo-de-r-2-27536-ja-entrou-em-vigor-em-um-estado-brasileiro","status":"publish","type":"post","link":"https:\/\/diariodocomercio.com.br\/mix\/salario-minimo-de-r-2-27536-ja-entrou-em-vigor-em-um-estado-brasileiro\/","title":{"rendered":"Sal\u00e1rio m\u00ednimo de R$ 2.275,36 j\u00e1 entrou em vigor em um estado brasileiro"},"content":{"rendered":"\n<p>O governo do<strong> Paran\u00e1<\/strong> anunciou um reajuste de 6,5% no Piso Regional para 2025, elevando-o a R$ 2.275,36. Anunciado em abril de 2025, o Decreto 9.468 j\u00e1 vigora desde 1\u00ba de janeiro. O objetivo do aumento \u00e9 melhorar as condi\u00e7\u00f5es salariais dos trabalhadores, refletindo o compromisso do estado em valoriz\u00e1-los.<\/p>\n\n\n\n<p>Este movimento \u00e9 respaldado por representantes governamentais e sindicais e coloca o Paran\u00e1 na dianteira em n\u00edveis salariais regionais, com valores bem acima do sal\u00e1rio m\u00ednimo nacional de R$ 1.518.<\/p>\n\n\n\n<p>O Piso Regional do Paran\u00e1 \u00e9 dividido em quatro faixas salariais. A Faixa I atende agropecu\u00e1ria, pesca e setor florestal e oferece <strong>R$ 1.984,16 <\/strong>mensais. A Faixa II contempla trabalhadores do com\u00e9rcio e servi\u00e7os administrativos, com remunera\u00e7\u00e3o de <strong>R$ 2.057,59.<\/strong><\/p>\n\n\n\n<p>Na Faixa III, destinada aos trabalhadores da ind\u00fastria, o valor \u00e9 de R<strong>$ 2.123,42. <\/strong>Por fim, a Faixa IV destina-se a t\u00e9cnicos de n\u00edvel m\u00e9dio, pagando o m\u00e1ximo de<strong> R$ 2.275,36.<\/strong> Este ajuste visa superar em at\u00e9 50% o sal\u00e1rio m\u00ednimo nacional.<\/p>\n\n\n\n<h2 class=\"wp-block-heading\">Compara\u00e7\u00f5es<\/h2>\n\n\n\n<p>No cen\u00e1rio nacional, o Rio Grande do Sul tamb\u00e9m destacou-se com um reajuste salarial de 8%, culminando em um sal\u00e1rio de <strong>R$ 2.267,21. <\/strong>Entretanto, estados como Santa Catarina e S\u00e3o Paulo mantiveram valores mais tradicionais.<\/p>\n\n\n\n<p>O aumento do Paran\u00e1 \u00e9 visto como um estimulador para a economia local, elevando o poder de compra e impulsionando os setores de com\u00e9rcio e servi\u00e7os.<\/p>\n\n\n\n<p>O reajuste salarial apresenta desafios para empresas que, especialmente menores, devem ajustar retroativamente sal\u00e1rios e benef\u00edcios desde janeiro. Contudo, ao mesmo tempo, a valoriza\u00e7\u00e3o dos trabalhadores visa aumentar sua reten\u00e7\u00e3o e produtividade.<\/p>\n","protected":false},"excerpt":{"rendered":"<p>O aumento no estado \u00e9 visto como um estimulador para a economia local.<\/p>\n","protected":false},"author":12,"featured_media":10659,"comment_status":"closed","ping_status":"closed","sticky":false,"template":"","format":"standard","meta":{"jnews-multi-image_gallery":[],"jnews_single_post":{"format":"standard"},"jnews_primary_category":[],"jnews_social_meta":[],"jnews_override_counter":[],"jnews_post_split":[],"footnotes":""},"categories":[1],"tags":[],"class_list":["post-27710","post","type-post","status-publish","format-standard","has-post-thumbnail","hentry","category-geral"],"_referencia":"","_links":{"self":[{"href":"https:\/\/diariodocomercio.com.br\/mix\/wp-json\/wp\/v2\/posts\/27710","targetHints":{"allow":["GET"]}}],"collection":[{"href":"https:\/\/diariodocomercio.com.br\/mix\/wp-json\/wp\/v2\/posts"}],"about":[{"href":"https:\/\/diariodocomercio.com.br\/mix\/wp-json\/wp\/v2\/types\/post"}],"author":[{"embeddable":true,"href":"https:\/\/diariodocomercio.com.br\/mix\/wp-json\/wp\/v2\/users\/12"}],"replies":[{"embeddable":true,"href":"https:\/\/diariodocomercio.com.br\/mix\/wp-json\/wp\/v2\/comments?post=27710"}],"version-history":[{"count":1,"href":"https:\/\/diariodocomercio.com.br\/mix\/wp-json\/wp\/v2\/posts\/27710\/revisions"}],"predecessor-version":[{"id":27717,"href":"https:\/\/diariodocomercio.com.br\/mix\/wp-json\/wp\/v2\/posts\/27710\/revisions\/27717"}],"wp:featuredmedia":[{"embeddable":true,"href":"https:\/\/diariodocomercio.com.br\/mix\/wp-json\/wp\/v2\/media\/10659"}],"wp:attachment":[{"href":"https:\/\/diariodocomercio.com.br\/mix\/wp-json\/wp\/v2\/media?parent=27710"}],"wp:term":[{"taxonomy":"category","embeddable":true,"href":"https:\/\/diariodocomercio.com.br\/mix\/wp-json\/wp\/v2\/categories?post=27710"},{"taxonomy":"post_tag","embeddable":true,"href":"https:\/\/diariodocomercio.com.br\/mix\/wp-json\/wp\/v2\/tags?post=27710"}],"curies":[{"name":"wp","href":"https:\/\/api.w.org\/{rel}","templated":true}]}}