{"id":27942,"date":"2025-12-02T20:23:33","date_gmt":"2025-12-02T23:23:33","guid":{"rendered":"https:\/\/diariodocomercio.com.br\/mix\/?p=27942"},"modified":"2025-12-02T20:23:37","modified_gmt":"2025-12-02T23:23:37","slug":"wagner-moura-e-eleito-o-melhor-ator-de-2025-e-o-agente-secreto-fica-com-premio-de-melhor-filme-internacional","status":"publish","type":"post","link":"https:\/\/diariodocomercio.com.br\/mix\/wagner-moura-e-eleito-o-melhor-ator-de-2025-e-o-agente-secreto-fica-com-premio-de-melhor-filme-internacional\/","title":{"rendered":"Wagner Moura \u00e9 eleito o Melhor Ator de 2025 e \u201cO agente secreto\u201d fica com pr\u00eamio de Melhor Filme Internacional"},"content":{"rendered":"\n<p>O cinema brasileiro viveu mais um dia hist\u00f3rico nesta ter\u00e7a-feira (2). A <strong>Associa\u00e7\u00e3o de Cr\u00edticos de Nova York (NYFCC)<\/strong> anunciou <strong>Wagner Moura<\/strong> como <strong>Melhor Ator de 2025<\/strong>, tornando-o o <strong>primeiro latino<\/strong> a conquistar o pr\u00eamio. Na mesma cerim\u00f4nia, o filme <strong>\u201cO Agente Secreto\u201d<\/strong>, dirigido por <strong>Kleber Mendon\u00e7a Filho<\/strong>, foi eleito <strong>Melhor Filme Internacional<\/strong>, refor\u00e7ando sua posi\u00e7\u00e3o na corrida pelo Oscar.<\/p>\n\n\n\n<p>Com mais de 50 cr\u00edticos de cinema entre seus membros, o NYFCC \u00e9 considerado um dos term\u00f4metros mais tradicionais de Hollywood. Muitos de seus vencedores acabam indicados \u2014 e frequentemente premiados \u2014 no Oscar.<\/p>\n\n\n\n<p>A performance de Wagner Moura no papel de um especialista em tecnologia perseguido durante a ditadura militar brasileira foi aclamada pela cr\u00edtica americana.<\/p>\n\n\n\n<figure class=\"wp-block-embed is-type-video is-provider-youtube wp-block-embed-youtube wp-embed-aspect-16-9 wp-has-aspect-ratio\"><div class=\"wp-block-embed__wrapper\">\n<div class=\"jeg_video_container jeg_video_content\"><iframe loading=\"lazy\" title=\"O AGENTE SECRETO - Trailer Oficial\" width=\"500\" height=\"281\" src=\"https:\/\/www.youtube.com\/embed\/AOBPXs_euPA?feature=oembed\" frameborder=\"0\" allow=\"accelerometer; autoplay; clipboard-write; encrypted-media; gyroscope; picture-in-picture; web-share\" referrerpolicy=\"strict-origin-when-cross-origin\" allowfullscreen><\/iframe><\/div>\n<\/div><\/figure>\n\n\n\n<h2 class=\"wp-block-heading\"><strong>\u201cO Agente Secreto\u201d acumula premia\u00e7\u00f5es e ganha for\u00e7a na temporada<\/strong><\/h2>\n\n\n\n<p>A vit\u00f3ria como <strong>Melhor Filme Internacional<\/strong> marca a <strong>quarta vez que o Brasil<\/strong> vence a categoria na NYFCC. As anteriores foram com <strong>\u201cPixote\u201d (1981)<\/strong>, <strong>\u201cCidade de Deus\u201d (2003)<\/strong> e <strong>\u201cBacurau\u201d (2020)<\/strong> \u2014 tamb\u00e9m dirigido por Kleber Mendon\u00e7a Filho.<\/p>\n\n\n\n<p>A produ\u00e7\u00e3o estreou recentemente em cinemas selecionados nos Estados Unidos e acumula cr\u00edticas entusiasmadas. No agregador Metacritic, \u201cO Agente Secreto\u201d alcan\u00e7ou <strong>91 pontos<\/strong>, figurando entre os quatro filmes mais bem avaliados de 2025.<\/p>\n\n\n\n<h2 class=\"wp-block-heading\"><strong>Tradi\u00e7\u00e3o e expectativa para o Oscar<\/strong><\/h2>\n\n\n\n<p>Nos \u00faltimos anos, t\u00edtulos como <strong>\u201cParasita\u201d (2019)<\/strong> e <strong>\u201cAnatomia de uma Queda\u201d (2023)<\/strong> venceram a mesma categoria no NYFCC antes de ganharem destaque mundial. Esse hist\u00f3rico aumenta a expectativa sobre at\u00e9 onde o longa brasileiro pode chegar na temporada.<\/p>\n\n\n\n<p>Com proje\u00e7\u00e3o crescente, pr\u00eamios expressivos e cr\u00edticas internacionais positivas, <strong>\u201cO Agente Secreto\u201d<\/strong> se consolida como uma das principais apostas do cinema nacional no circuito global de 2025 \u2014 agora impulsionado por uma atua\u00e7\u00e3o que j\u00e1 entrou para a hist\u00f3ria.<\/p>\n","protected":false},"excerpt":{"rendered":"<p>O cinema brasileiro viveu mais um dia hist\u00f3rico nesta ter\u00e7a-feira (2). A Associa\u00e7\u00e3o de Cr\u00edticos de Nova York (NYFCC) anunciou Wagner Moura como Melhor Ator de 2025, tornando-o o primeiro latino a conquistar o pr\u00eamio. Na mesma cerim\u00f4nia, o filme \u201cO Agente Secreto\u201d, dirigido por Kleber Mendon\u00e7a Filho, foi eleito Melhor Filme Internacional, refor\u00e7ando sua [&hellip;]<\/p>\n","protected":false},"author":9,"featured_media":27945,"comment_status":"closed","ping_status":"closed","sticky":false,"template":"","format":"standard","meta":{"jnews-multi-image_gallery":[],"jnews_single_post":{"format":"standard"},"jnews_primary_category":[],"jnews_social_meta":[],"jnews_override_counter":[],"jnews_post_split":[],"footnotes":""},"categories":[1],"tags":[],"class_list":["post-27942","post","type-post","status-publish","format-standard","has-post-thumbnail","hentry","category-geral"],"_referencia":"","_links":{"self":[{"href":"https:\/\/diariodocomercio.com.br\/mix\/wp-json\/wp\/v2\/posts\/27942","targetHints":{"allow":["GET"]}}],"collection":[{"href":"https:\/\/diariodocomercio.com.br\/mix\/wp-json\/wp\/v2\/posts"}],"about":[{"href":"https:\/\/diariodocomercio.com.br\/mix\/wp-json\/wp\/v2\/types\/post"}],"author":[{"embeddable":true,"href":"https:\/\/diariodocomercio.com.br\/mix\/wp-json\/wp\/v2\/users\/9"}],"replies":[{"embeddable":true,"href":"https:\/\/diariodocomercio.com.br\/mix\/wp-json\/wp\/v2\/comments?post=27942"}],"version-history":[{"count":1,"href":"https:\/\/diariodocomercio.com.br\/mix\/wp-json\/wp\/v2\/posts\/27942\/revisions"}],"predecessor-version":[{"id":27947,"href":"https:\/\/diariodocomercio.com.br\/mix\/wp-json\/wp\/v2\/posts\/27942\/revisions\/27947"}],"wp:featuredmedia":[{"embeddable":true,"href":"https:\/\/diariodocomercio.com.br\/mix\/wp-json\/wp\/v2\/media\/27945"}],"wp:attachment":[{"href":"https:\/\/diariodocomercio.com.br\/mix\/wp-json\/wp\/v2\/media?parent=27942"}],"wp:term":[{"taxonomy":"category","embeddable":true,"href":"https:\/\/diariodocomercio.com.br\/mix\/wp-json\/wp\/v2\/categories?post=27942"},{"taxonomy":"post_tag","embeddable":true,"href":"https:\/\/diariodocomercio.com.br\/mix\/wp-json\/wp\/v2\/tags?post=27942"}],"curies":[{"name":"wp","href":"https:\/\/api.w.org\/{rel}","templated":true}]}}