{"id":27948,"date":"2025-12-03T08:09:23","date_gmt":"2025-12-03T11:09:23","guid":{"rendered":"https:\/\/diariodocomercio.com.br\/mix\/?p=27948"},"modified":"2025-12-03T08:09:25","modified_gmt":"2025-12-03T11:09:25","slug":"essa-foi-a-pior-entrevista-da-historia-de-xuxa-na-televisao","status":"publish","type":"post","link":"https:\/\/diariodocomercio.com.br\/mix\/essa-foi-a-pior-entrevista-da-historia-de-xuxa-na-televisao\/","title":{"rendered":"Essa foi a pior entrevista da hist\u00f3ria de Xuxa na televis\u00e3o"},"content":{"rendered":"\n<p>Xuxa Meneghel revelou qual foi, em mais de tr\u00eas d\u00e9cadas de carreira,\u00a0<strong>a pior entrevista que j\u00e1 conduziu na TV<\/strong>. Em participa\u00e7\u00e3o recente no programa\u00a0<em>Ambulat\u00f3rio da M.O.D.A.<\/em>, apresentado por Gabb no YouTube, a Rainha dos Baixinhos contou ter vivido um momento de extremo constrangimento com uma atriz da Globo, durante uma grava\u00e7\u00e3o do\u00a0<em>TV Xuxa<\/em> em 2010 \u2014 relato que rapidamente mobilizou as redes sociais.<\/p>\n\n\n\n<p>Segundo Xuxa, a conversa fugiu completamente do esperado.<\/p>\n\n\n\n<blockquote class=\"wp-block-quote is-layout-flow wp-block-quote-is-layout-flow\">\n<p>\u201cTeve uma pessoa que eu entrevistei no meu programa, que para mim foi a pior entrevista que eu fiz. Eu perguntava, perguntava, e a pessoa falava: \u2018\u00c9\u2026\u2019, \u2018Pode ser\u2026\u2019\u201d, contou a apresentadora.<\/p>\n<\/blockquote>\n\n\n\n<p>A situa\u00e7\u00e3o deixou Xuxa t\u00e3o desconfort\u00e1vel que, na \u00e9poca, ela decidiu que n\u00e3o queria entrevistar a convidada novamente:<\/p>\n\n\n\n<blockquote class=\"wp-block-quote is-layout-flow wp-block-quote-is-layout-flow\">\n<p>\u201cEu falei: \u2018Nunca mais eu quero entrevistar essa pessoa\u2019.\u201d<\/p>\n<\/blockquote>\n\n\n\n<p>Anos depois, por\u00e9m, a atriz procurou Xuxa para pedir desculpas.<\/p>\n\n\n\n<blockquote class=\"wp-block-quote is-layout-flow wp-block-quote-is-layout-flow\">\n<p>\u201cEla chegou perto de mim e falou: \u2018Voc\u00ea me desculpa? Eu n\u00e3o estava bem\u2019. Tem vezes que a pessoa n\u00e3o est\u00e1 bem no dia. N\u00e3o quer dizer que ela seja ruim\u201d, ponderou.<\/p>\n<\/blockquote>\n\n\n\n<p>Ao tentar descobrir o nome da famosa, Gabb recebeu apenas um detalhe enigm\u00e1tico da apresentadora. Xuxa contou que, ao final daquela grava\u00e7\u00e3o, ofereceu um presente e ouviu: \u201cNem gosto muito\u201d. Ela retrucou: \u201cGosta sim\u201d.<\/p>\n\n\n\n<figure class=\"wp-block-embed is-type-rich is-provider-twitter wp-block-embed-twitter\"><div class=\"wp-block-embed__wrapper\">\n<blockquote class=\"twitter-tweet\" data-width=\"500\" data-dnt=\"true\"><p lang=\"pt\" dir=\"ltr\">Falaram nos coment\u00e1rios que foi a Nathalia Dill. Ser\u00e1 que existe essa entrevista na internet? <a href=\"https:\/\/t.co\/W0fyEiim0p\" target=\"_blank\">pic.twitter.com\/W0fyEiim0p<\/a><\/p>&mdash; eta jupa das gra\u00e7as (@whoisjupa) <a href=\"https:\/\/twitter.com\/whoisjupa\/status\/1995156649229828365?ref_src=twsrc%5Etfw\" target=\"_blank\" rel=\"noopener\">November 30, 2025<\/a><\/blockquote><script async src=\"https:\/\/platform.twitter.com\/widgets.js\" charset=\"utf-8\"><\/script>\n<\/div><\/figure>\n\n\n\n<h2 class=\"wp-block-heading\"><strong>A internet aponta: seria Nathalia Dill?<\/strong><\/h2>\n\n\n\n<p>Mesmo sem Xuxa revelar o nome, internautas rapidamente relembraram um epis\u00f3dio semelhante, protagonizado por\u00a0<strong>Nathalia Dill<\/strong>\u00a0em 2010, quando a atriz participou do quadro\u00a0<em>Famosos An\u00f4nimos<\/em>\u00a0no\u00a0<em>TV Xuxa<\/em>. Na ocasi\u00e3o, a apresentadora afirmou ter descoberto que a \u201cpaix\u00e3o\u201d da convidada eram os Beatles \u2014 informa\u00e7\u00e3o prontamente negada.<\/p>\n\n\n\n<blockquote class=\"wp-block-quote is-layout-flow wp-block-quote-is-layout-flow\">\n<p>\u201cSoube que sua paix\u00e3o \u00e9 Beatles\u201d, disse Xuxa.<br>\u201cN\u00e3o\u201d, respondeu Nathalia, enquanto as almofadas com tem\u00e1tica da banda eram levadas ao palco, gerando um evidente clim\u00e3o.<\/p>\n<\/blockquote>\n\n\n\n<p>A cena viralizou na \u00e9poca e voltou a circular nas redes ap\u00f3s a declara\u00e7\u00e3o recente. Em 2013, Nathalia Dill chegou a comentar o desconforto ao&nbsp;<em>Extra<\/em>:<\/p>\n\n\n\n<blockquote class=\"wp-block-quote is-layout-flow wp-block-quote-is-layout-flow\">\n<p>\u201cAmei as almofadas, uso at\u00e9 hoje! Mas ela me disse que era a coisa que eu mais gostava no mundo. E na hora n\u00e3o consegui lembrar. Cheguei a pensar no Nirvana. N\u00e3o tenho uma coisa que mais gosto no mundo para sempre.\u201d<\/p>\n<\/blockquote>\n","protected":false},"excerpt":{"rendered":"<p>Xuxa Meneghel revelou qual foi, em mais de tr\u00eas d\u00e9cadas de carreira,\u00a0a pior entrevista que j\u00e1 conduziu na TV. Em participa\u00e7\u00e3o recente no programa\u00a0Ambulat\u00f3rio da M.O.D.A., apresentado por Gabb no YouTube, a Rainha dos Baixinhos contou ter vivido um momento de extremo constrangimento com uma atriz da Globo, durante uma grava\u00e7\u00e3o do\u00a0TV Xuxa em 2010 [&hellip;]<\/p>\n","protected":false},"author":9,"featured_media":23416,"comment_status":"closed","ping_status":"closed","sticky":false,"template":"","format":"standard","meta":{"jnews-multi-image_gallery":[],"jnews_single_post":{"format":"standard"},"jnews_primary_category":[],"jnews_social_meta":[],"jnews_override_counter":[],"jnews_post_split":[],"footnotes":""},"categories":[1],"tags":[],"class_list":["post-27948","post","type-post","status-publish","format-standard","has-post-thumbnail","hentry","category-geral"],"_referencia":"","_links":{"self":[{"href":"https:\/\/diariodocomercio.com.br\/mix\/wp-json\/wp\/v2\/posts\/27948","targetHints":{"allow":["GET"]}}],"collection":[{"href":"https:\/\/diariodocomercio.com.br\/mix\/wp-json\/wp\/v2\/posts"}],"about":[{"href":"https:\/\/diariodocomercio.com.br\/mix\/wp-json\/wp\/v2\/types\/post"}],"author":[{"embeddable":true,"href":"https:\/\/diariodocomercio.com.br\/mix\/wp-json\/wp\/v2\/users\/9"}],"replies":[{"embeddable":true,"href":"https:\/\/diariodocomercio.com.br\/mix\/wp-json\/wp\/v2\/comments?post=27948"}],"version-history":[{"count":1,"href":"https:\/\/diariodocomercio.com.br\/mix\/wp-json\/wp\/v2\/posts\/27948\/revisions"}],"predecessor-version":[{"id":27950,"href":"https:\/\/diariodocomercio.com.br\/mix\/wp-json\/wp\/v2\/posts\/27948\/revisions\/27950"}],"wp:featuredmedia":[{"embeddable":true,"href":"https:\/\/diariodocomercio.com.br\/mix\/wp-json\/wp\/v2\/media\/23416"}],"wp:attachment":[{"href":"https:\/\/diariodocomercio.com.br\/mix\/wp-json\/wp\/v2\/media?parent=27948"}],"wp:term":[{"taxonomy":"category","embeddable":true,"href":"https:\/\/diariodocomercio.com.br\/mix\/wp-json\/wp\/v2\/categories?post=27948"},{"taxonomy":"post_tag","embeddable":true,"href":"https:\/\/diariodocomercio.com.br\/mix\/wp-json\/wp\/v2\/tags?post=27948"}],"curies":[{"name":"wp","href":"https:\/\/api.w.org\/{rel}","templated":true}]}}