{"id":27953,"date":"2025-12-03T08:33:41","date_gmt":"2025-12-03T11:33:41","guid":{"rendered":"https:\/\/diariodocomercio.com.br\/mix\/?p=27953"},"modified":"2025-12-03T17:30:33","modified_gmt":"2025-12-03T20:30:33","slug":"uma-das-piores-tempestades-de-2025-vai-atacar-estado-brasileiro-nos-proximos-dias","status":"publish","type":"post","link":"https:\/\/diariodocomercio.com.br\/mix\/uma-das-piores-tempestades-de-2025-vai-atacar-estado-brasileiro-nos-proximos-dias\/","title":{"rendered":"Uma das piores tempestades de 2025 vai atacar estado brasileiro nos pr\u00f3ximos dias"},"content":{"rendered":"\n<p>Minas Gerais deve enfrentar, entre esta quarta (3) e quinta-feira (4), um dos epis\u00f3dios de instabilidade mais severos do ano. A previs\u00e3o, divulgada pelo&nbsp;<strong>Instituto Nacional de Meteorologia (INMET)<\/strong>&nbsp;e pela&nbsp;<strong>MetSul Meteorologia<\/strong>, aponta risco&nbsp;<strong>muito alto<\/strong>&nbsp;de chuva forte a intensa, com tempestades isoladas capazes de atingir&nbsp;<strong>centenas de munic\u00edpios<\/strong>.<\/p>\n\n\n\n<p>De acordo com o INMET, todo o estado deve registrar&nbsp;<strong>chuvas acima da m\u00e9dia em dezembro<\/strong>, resultado de um aumento da atividade atmosf\u00e9rica no pa\u00eds. A combina\u00e7\u00e3o entre o forte calor, o excesso de umidade e a atua\u00e7\u00e3o de uma frente fria sobre o oceano cria o cen\u00e1rio ideal para tempestades de grande intensidade.<\/p>\n\n\n\n<p>\u201cA atmosfera est\u00e1 extremamente inst\u00e1vel, e a tend\u00eancia \u00e9 que a instabilidade aumente entre hoje e amanh\u00e3\u201d, alertou a&nbsp;<strong>MetSul<\/strong>&nbsp;em nota.<\/p>\n\n\n\n<p>Segundo os meteorologistas, o sistema favorece a forma\u00e7\u00e3o de um robusto&nbsp;<strong>canal de umidade<\/strong>, respons\u00e1vel por gerar&nbsp;<strong>convec\u00e7\u00e3o intensa<\/strong>&nbsp;\u2014 processo no qual ar quente sobe rapidamente, formando nuvens muito altas, capazes de produzir chuva torrencial, ventos fortes e at\u00e9 granizo.<\/p>\n\n\n<style>@media (min-width: 992px) {\n    .recomendadorV2Area1 {\n        width: 280px;\n    }\n    .recomendadorV2Area2 {\n        padding: 0px 20px;\n        width: calc(100% - 280px);\n    }\n}\n\n@media (max-width: 992px) {\n    .recomendadorV2Button {\n        margin: 0 auto;\n    }\n    .recomendadorV2Area {\n        flex-direction: column;\n        text-align: center;\n    }\n    .recomendadorV2Area2 {\n        padding: 0px 20px;\n    }\n}\n\n.recomendadorV2Area {\n    background: #eeeeee3d;\n    border-radius: 10px;\n    padding: 15px;\n    display: flex;\n    margin: 15px auto;\n    border: 1px solid #00000014;\n    max-width: 800px;\n}\n\n.recomendadorV2Area1 img {\n    width: 280px;\n    height: auto;\n    border-radius: 8px;\n}\n\n.linkrecomendadorv2 {\n    text-decoration: none !important;\n}\n\n.recomendadorV2Area2 .recomendadorV2Type {\n    text-transform: uppercase;\n    font-weight: 500;\n    font-size: 11px;\n    letter-spacing: 2px;\n    color: #666;\n    margin: 12px 0;\n    display: block;\n}\n\n.recomendadorV2Title h2 {\n    padding-top: 0px !important;\n    margin: 0px !important;\n    border-left: none !important;\n    padding-left: 0px !important;\n    line-height: 1.3;\n    color: #000 !important;\n    font-size: 24px;\n    margin-bottom: 12px !important;\n}\n\n.recomendadorV2Desc {\n    color: #333;\n    margin: 12px 0px !important;\n    font-size: 15px;\n    line-height: 1.5;\n}\n\n.recomendadorV2Button {\n    width: auto;\n    max-width: 200px;\n    margin: 0;\n    display: inline-flex;\n    align-items: center;\n    background: #1D3557;\n    border-radius: 8px;\n    color: #fff;\n    height: 36px;\n    justify-content: center;\n    text-align: center;\n    font-size: 14px;\n    padding: 0 20px;\n    transition: background-color 0.2s ease;\n}\n\n.recomendadorV2Button:hover {\n    background: #2a4d7a;\n}\n\n.recomendadorV2Button:after {\n    margin-top: -2px;\n    content: \"\u2192\";\n    padding: 0px 0px 0px 8px;\n}\n\n.recomendadorV2Alert {\n    text-align: left;\n    font-size: 11px;\n    margin-top: 8px;\n    color: #666;\n}\n\n.recomendadorFixedArea {\n    width: 100%;\n    display: flex;\n    justify-content: center;\n    align-items: center;\n}\n\n@media (min-width: 992px) {\n    #recomendadorFixed {\n        width: 32% !important;\n        left: 5%;\n    }\n    .recomendadorCloseFixed{\n        right: inherit !important;\n        left: 378px !important;\n    }\n}\n\n#recomendadorFixed {\n    width: 90%;\n    box-shadow: 0 10px 20px 0px #00000057;\n    display: none;\n    height: 90px;\n    background: #F6F6F6;\n    position: fixed;\n    flex-direction: row;\n    bottom: 10px;\n    z-index: 9999;\n    border-radius: 16px;\n    padding: 7px 10px;\n}\n\n.recomendadorLeftArea {\n    width: 160px;\n}\n\n.recomendadorRightArea h2 {\n    padding-top: 0px;\n    margin: 2px 0px 4px 0px !important;\n    font-weight: 400;\n    text-align: center;\n    padding-left: 0px !important;\n    color: #000 !important;\n    border-left: none !important;\n    line-height: 20px;\n    font-size: 12px !important;\n}\n\n.recomendadorImgFixed {\n    overflow: hidden;\n    padding: 8px 6px;\n    height: 100%;\n}\n\n.recomendadorImgFixed img {\n    height: 100% !important;\n    border-radius: 16px;\n}\n\n.recomendadorRightArea {\n    padding-top: 6px;\n    display: flex;\n    width: calc(100% - 130px);\n    justify-content: space-between;\n    align-items: center;\n    flex-direction: column;\n}\n\n.recomendadorButtonFixed {\n    margin: 0 auto;\n    background: #1D3557;\n    width: 80%;\n    text-align: center;\n    font-size: 10px;\n    color: #FFF;\n    padding: 2px 10px;\n    border-radius: 3px;\n}\n\n.recomendadorButtonFixed:after {\n    margin-top: -3px;\n    content: \"\u2192\";\n    padding: 0px 0px 0px 10px;\n}\n\n.recomendadorAlertFixed {\n    font-weight: 400;\n    text-align: center;\n    color: #484848;\n    font-size: 8px;\n}\n\n.recomendadorCloseFixed {\n    z-index: 99999;\n    display: none;\n    right: 0px;\n    left: inherit;\n    bottom: 99px;\n    position: fixed;\n    justify-content: center;\n    background: #F6F6F6;\n    width: 25px;\n    align-items: center;\n    height: 25px;\n    font-weight: 800;\n    border-radius: 50%;\n    border: 1px solid #EBEBEB;\n}\n\n.recomendadorV2Desc{\n    color: #000000;\n    margin: 20px 0px;\n}\n\n@media (max-width: 576px) {\n    .recomendadorV2Area {\n      padding: 10px;\n      max-width: 100%;\n    }\n  \n    .recomendadorV2Area1 img {\n      width: 100%;\n      border-radius: 6px;\n    }\n  \n    .recomendadorV2Area2 .recomendadorV2Type {\n      font-size: 9px;\n      letter-spacing: 1px;\n      margin: 8px 0;\n    }\n  \n    .recomendadorV2Title h2 {\n      font-size: 18px !important;\n      margin-bottom: 8px !important;\n      line-height: 1.2;\n    }\n  \n    .recomendadorV2Desc {\n      font-size: 14px;\n      margin: 8px 0 !important;\n      line-height: 1.4;\n    }\n  \n    .recomendadorV2Button {\n      font-size: 14px;\n      height: 40px;\n      padding: 0 12px;\n      max-width: 100%;\n      width: 100%;\n    }\n  \n    .recomendadorV2Button:after {\n      padding-left: 6px;\n    }\n  }\n  <\/style>\n        <div class=\"lazyblock-recomendador-v2-2jDGz wp-block-lazyblock-recomendador-v2\">\n        <a class=\"linkrecomendadorv2\" href=\"https:\/\/diariodocomercio.com.br\/mix\/55-municipios-no-sudeste-correm-risco-de-enchentes-graves-segundo-o-inmet\/?utm_source=lazy\">\n            <div class=\"recomendadorV2Area\">\n            <div class=\"recomendadorV2Area1\">\n                <div class=\"recomendadorV2Img\">\n                <img class=\"lazyloaded\" decoding=\"async\" src=\"https:\/\/diariodocomercio.com.br\/mix\/wp-content\/uploads\/2025\/04\/estudo-mostra-beneficio-chuva-sono-750x375.jpg\" data-src=\"https:\/\/diariodocomercio.com.br\/mix\/wp-content\/uploads\/2025\/04\/estudo-mostra-beneficio-chuva-sono-750x375.jpg\" alt=\"\">\n                <\/div>\n            <\/div>\n            <div class=\"recomendadorV2Area2\">\n                <div class=\"recomendadorV2Type\">\n                    <span>Alerta Clima<\/span>\n                <\/div>\n                <div class=\"recomendadorV2Title\">\n                <h2><span>Risco de enchentes \u26c8\ufe0f<\/span><\/h2>\n                <\/div>\n                <div class=\"recomendadorV2Desc\">\n                <span>Inmet lista 55 cidades amea\u00e7adas<\/span>\n                <\/div>\n                <div class=\"recomendadorV2Button\">Ver aviso completo<\/div>\n                <div class=\"recomendadorV2Alert\"><\/div>\n            <\/div>\n            <\/div>\n        <\/a>\n        <div>\n            <div style=\"z-index:99999;\" id=\"buttonClose\" onclick=\"closeRecomendadorFixed()\">\n            <div class=\"recomendadorCloseFixed\">X<\/div>\n            <\/div>\n            <a href=\"https:\/\/diariodocomercio.com.br\/mix\/55-municipios-no-sudeste-correm-risco-de-enchentes-graves-segundo-o-inmet\/?utm_source=lazy\">\n            <div class=\"recomendadorFixedArea\">\n                <div id=\"recomendadorFixed\">\n                <div class=\"recomendadorLeftArea\">\n                    <div class=\"recomendadorImgFixed\">\n                    <img class=\"lazyload\" decoding=\"async\" src=\"https:\/\/diariodocomercio.com.br\/mix\/wp-content\/uploads\/2025\/04\/estudo-mostra-beneficio-chuva-sono-750x375.jpg\" alt=\"\">\n                    <\/div>\n                <\/div>\n                <div class=\"recomendadorRightArea\">\n                    <div class=\"recomendadorTitleFixed\">\n                    <h2><span>Risco de enchentes \u26c8\ufe0f<\/span><\/h2>\n                    <\/div>\n                    <div class=\"recomendadorButtonFixed\">Ver aviso completo<\/div>\n                    <div class=\"recomendadorAlertFixed\"><\/div>\n                <\/div>\n                <\/div>\n            <\/div>\n            <\/a>\n        <\/div>\n        <\/div>\n\n\n\n<figure class=\"wp-block-image size-large\"><img decoding=\"async\" width=\"1200\" height=\"902\" src=\"https:\/\/diariodocomercio.com.br\/mix\/wp-content\/uploads\/2025\/12\/image-35-1200x902.png\" alt=\"\" class=\"wp-image-27954\" srcset=\"https:\/\/diariodocomercio.com.br\/mix\/wp-content\/uploads\/2025\/12\/image-35-1200x902.png 1200w, https:\/\/diariodocomercio.com.br\/mix\/wp-content\/uploads\/2025\/12\/image-35-300x225.png 300w, https:\/\/diariodocomercio.com.br\/mix\/wp-content\/uploads\/2025\/12\/image-35-768x577.png 768w, https:\/\/diariodocomercio.com.br\/mix\/wp-content\/uploads\/2025\/12\/image-35-150x113.png 150w, https:\/\/diariodocomercio.com.br\/mix\/wp-content\/uploads\/2025\/12\/image-35-750x564.png 750w, https:\/\/diariodocomercio.com.br\/mix\/wp-content\/uploads\/2025\/12\/image-35-1140x857.png 1140w, https:\/\/diariodocomercio.com.br\/mix\/wp-content\/uploads\/2025\/12\/image-35.png 1400w\" sizes=\"(max-width: 1200px) 100vw, 1200px\" \/><figcaption class=\"wp-element-caption\">(Reprodu\u00e7\u00e3o\/MetSul)<\/figcaption><\/figure>\n\n\n\n<h2 class=\"wp-block-heading\"><strong>Belo Horizonte j\u00e1 sofre impactos: quedas de \u00e1rvores, postes e falta de energia<\/strong><\/h2>\n\n\n\n<p>Os alertas ocorrem menos de 24 horas ap\u00f3s Belo Horizonte registrar um temporal que provocou&nbsp;<strong>alagamentos<\/strong>, queda de \u00e1rvores e interrup\u00e7\u00e3o no fornecimento de energia em diferentes regi\u00f5es da capital. Alguns bairros ficaram sem luz ap\u00f3s cabos serem rompidos pela queda de postes.<\/p>\n\n\n\n<figure class=\"wp-block-image\"><img decoding=\"async\" width=\"1000\" height=\"563\" src=\"https:\/\/diariodocomercio.com.br\/mix\/wp-content\/uploads\/2025\/12\/image-36.png\" alt=\"\" class=\"wp-image-27956\" srcset=\"https:\/\/diariodocomercio.com.br\/mix\/wp-content\/uploads\/2025\/12\/image-36.png 1000w, https:\/\/diariodocomercio.com.br\/mix\/wp-content\/uploads\/2025\/12\/image-36-300x169.png 300w, https:\/\/diariodocomercio.com.br\/mix\/wp-content\/uploads\/2025\/12\/image-36-768x432.png 768w, https:\/\/diariodocomercio.com.br\/mix\/wp-content\/uploads\/2025\/12\/image-36-150x84.png 150w, https:\/\/diariodocomercio.com.br\/mix\/wp-content\/uploads\/2025\/12\/image-36-750x422.png 750w\" sizes=\"(max-width: 1000px) 100vw, 1000px\" \/><figcaption class=\"wp-element-caption\">(Reprodu\u00e7\u00e3o\/Itatiaia)<\/figcaption><\/figure>\n\n\n\n<p>O risco se amplia nos pr\u00f3ximos dias, atingindo todas as regi\u00f5es mineiras, incluindo Tri\u00e2ngulo, Zona da Mata, Norte, Sul e Vale do Rio Doce.<\/p>\n\n\n\n<h2 class=\"wp-block-heading\"><strong>Defesa Civil orienta: como agir durante temporais<\/strong><\/h2>\n\n\n\n<p>Com o avan\u00e7o das tempestades, a Defesa Civil refor\u00e7a medidas essenciais para prevenir acidentes:<\/p>\n\n\n\n<ul class=\"wp-block-list\">\n<li><strong>N\u00e3o enfrente alagamentos:<\/strong>&nbsp;vias tomadas por \u00e1gua podem esconder buracos, bueiros abertos e oferecer risco de arrastamento.<\/li>\n\n\n\n<li><strong>Evite contato com a \u00e1gua:<\/strong>&nbsp;h\u00e1 risco de contamina\u00e7\u00e3o e choque el\u00e9trico.<\/li>\n\n\n\n<li><strong>Proteja-se de raios:<\/strong>&nbsp;n\u00e3o busque abrigo sob \u00e1rvores ou postes; desligue aparelhos eletr\u00f4nicos durante tempestades.<\/li>\n\n\n\n<li><strong>Em casa:<\/strong>&nbsp;mantenha calhas e ralos limpos; n\u00e3o descarte lixo em locais que possam obstruir o escoamento.<\/li>\n\n\n\n<li><strong>Emerg\u00eancia:<\/strong>&nbsp;acione a Defesa Civil pelo&nbsp;<strong>199<\/strong>&nbsp;ou o Corpo de Bombeiros pelo&nbsp;<strong>193<\/strong>.<\/li>\n<\/ul>\n","protected":false},"excerpt":{"rendered":"<p>Minas Gerais deve enfrentar, entre esta quarta (3) e quinta-feira (4), um dos epis\u00f3dios de instabilidade mais severos do ano. A previs\u00e3o, divulgada pelo&nbsp;Instituto Nacional de Meteorologia (INMET)&nbsp;e pela&nbsp;MetSul Meteorologia, aponta risco&nbsp;muito alto&nbsp;de chuva forte a intensa, com tempestades isoladas capazes de atingir&nbsp;centenas de munic\u00edpios. De acordo com o INMET, todo o estado deve registrar&nbsp;chuvas [&hellip;]<\/p>\n","protected":false},"author":9,"featured_media":27957,"comment_status":"closed","ping_status":"closed","sticky":false,"template":"","format":"standard","meta":{"jnews-multi-image_gallery":[],"jnews_single_post":{"format":"standard"},"jnews_primary_category":[],"jnews_social_meta":[],"jnews_override_counter":[],"jnews_post_split":[],"footnotes":""},"categories":[1],"tags":[],"class_list":["post-27953","post","type-post","status-publish","format-standard","has-post-thumbnail","hentry","category-geral"],"_referencia":"","_links":{"self":[{"href":"https:\/\/diariodocomercio.com.br\/mix\/wp-json\/wp\/v2\/posts\/27953","targetHints":{"allow":["GET"]}}],"collection":[{"href":"https:\/\/diariodocomercio.com.br\/mix\/wp-json\/wp\/v2\/posts"}],"about":[{"href":"https:\/\/diariodocomercio.com.br\/mix\/wp-json\/wp\/v2\/types\/post"}],"author":[{"embeddable":true,"href":"https:\/\/diariodocomercio.com.br\/mix\/wp-json\/wp\/v2\/users\/9"}],"replies":[{"embeddable":true,"href":"https:\/\/diariodocomercio.com.br\/mix\/wp-json\/wp\/v2\/comments?post=27953"}],"version-history":[{"count":2,"href":"https:\/\/diariodocomercio.com.br\/mix\/wp-json\/wp\/v2\/posts\/27953\/revisions"}],"predecessor-version":[{"id":28059,"href":"https:\/\/diariodocomercio.com.br\/mix\/wp-json\/wp\/v2\/posts\/27953\/revisions\/28059"}],"wp:featuredmedia":[{"embeddable":true,"href":"https:\/\/diariodocomercio.com.br\/mix\/wp-json\/wp\/v2\/media\/27957"}],"wp:attachment":[{"href":"https:\/\/diariodocomercio.com.br\/mix\/wp-json\/wp\/v2\/media?parent=27953"}],"wp:term":[{"taxonomy":"category","embeddable":true,"href":"https:\/\/diariodocomercio.com.br\/mix\/wp-json\/wp\/v2\/categories?post=27953"},{"taxonomy":"post_tag","embeddable":true,"href":"https:\/\/diariodocomercio.com.br\/mix\/wp-json\/wp\/v2\/tags?post=27953"}],"curies":[{"name":"wp","href":"https:\/\/api.w.org\/{rel}","templated":true}]}}