{"id":27959,"date":"2025-12-03T08:45:12","date_gmt":"2025-12-03T11:45:12","guid":{"rendered":"https:\/\/diariodocomercio.com.br\/mix\/?p=27959"},"modified":"2025-12-03T08:45:14","modified_gmt":"2025-12-03T11:45:14","slug":"apos-romance-com-vini-jr-virginia-anuncia-pausa-na-carreira","status":"publish","type":"post","link":"https:\/\/diariodocomercio.com.br\/mix\/apos-romance-com-vini-jr-virginia-anuncia-pausa-na-carreira\/","title":{"rendered":"Ap\u00f3s romance com Vini Jr, Virginia anuncia pausa na carreira"},"content":{"rendered":"\n<p>A influenciadora e apresentadora\u00a0<strong>Virginia Fonseca<\/strong> voltou a movimentar as redes sociais ap\u00f3s rumores de que teria solicitado um afastamento de cerca de um m\u00eas da\u00a0<strong>Grande Rio<\/strong>, onde ocupa o posto de rainha de bateria. As especula\u00e7\u00f5es surgiram ap\u00f3s a coluna F\u00e1bia Oliveira divulgar que Virginia viajaria \u00e0 Europa para passar o Natal e o Ano-Novo ao lado do namorado, o jogador\u00a0<strong>Vini Jr.<\/strong>, do Real Madrid.<\/p>\n\n\n\n<p>A Grande Rio, por\u00e9m, negou qualquer pedido formal de afastamento por parte da influenciadora. A agremia\u00e7\u00e3o explicou que o per\u00edodo mencionado corresponde ao&nbsp;<strong>recesso oficial<\/strong>&nbsp;da escola \u2014 que vale para todos os integrantes, independentemente do cargo.<\/p>\n\n\n\n<p>\u201cN\u00e3o tem isso, n\u00e3o. O nosso \u00faltimo ensaio de quadra ser\u00e1 no dia 16 de dezembro e o \u00faltimo de rua no dia 21. Depois disso, todo mundo para para o Natal e o Ano-Novo.&nbsp;<strong>N\u00e3o s\u00f3 ela merece descansar como a comunidade inteira<\/strong>\u201d, informou a diretoria em nota ao&nbsp;<em>Quem<\/em>.<\/p>\n\n\n\n<p>A assessoria de Virginia refor\u00e7ou a mesma vers\u00e3o.<br>\u201cA informa\u00e7\u00e3o n\u00e3o procede. O recesso \u00e9 geral e est\u00e1 no calend\u00e1rio oficial.&nbsp;<strong>Virginia jamais agiria de maneira irrespons\u00e1vel<\/strong>, ausentando-se por tanto tempo \u00e0s v\u00e9speras do desfile\u201d, destacou o comunicado.<\/p>\n\n\n\n<figure class=\"wp-block-image size-full\"><img decoding=\"async\" width=\"888\" height=\"603\" src=\"https:\/\/diariodocomercio.com.br\/mix\/wp-content\/uploads\/2025\/12\/image-38.png\" alt=\"\" class=\"wp-image-27962\" srcset=\"https:\/\/diariodocomercio.com.br\/mix\/wp-content\/uploads\/2025\/12\/image-38.png 888w, https:\/\/diariodocomercio.com.br\/mix\/wp-content\/uploads\/2025\/12\/image-38-300x204.png 300w, https:\/\/diariodocomercio.com.br\/mix\/wp-content\/uploads\/2025\/12\/image-38-768x522.png 768w, https:\/\/diariodocomercio.com.br\/mix\/wp-content\/uploads\/2025\/12\/image-38-150x102.png 150w, https:\/\/diariodocomercio.com.br\/mix\/wp-content\/uploads\/2025\/12\/image-38-750x509.png 750w\" sizes=\"(max-width: 888px) 100vw, 888px\" \/><figcaption class=\"wp-element-caption\">(Reprodu\u00e7\u00e3o\/AgNews)<\/figcaption><\/figure>\n\n\n\n<h2 class=\"wp-block-heading\"><strong>Virginia segue ativa<\/strong><\/h2>\n\n\n\n<p>Apesar dos rumores, Virginia tem marcado presen\u00e7a constante nos compromissos da escola. No ensaio de ter\u00e7a-feira (2), em Duque de Caxias (RJ), ela apareceu em um look vermelho vibrante e posou ao lado da m\u00e3e e do irm\u00e3o de Vini Jr., Fernanda Cristina e Netinho.<br>\u201c<strong>Foram me acompanhar hoje tamb\u00e9m<\/strong>\u201d, celebrou a influenciadora nas redes sociais.<\/p>\n\n\n\n<figure class=\"wp-block-image size-large\"><img decoding=\"async\" width=\"675\" height=\"1200\" src=\"https:\/\/diariodocomercio.com.br\/mix\/wp-content\/uploads\/2025\/12\/image-37-675x1200.png\" alt=\"\" class=\"wp-image-27961\" srcset=\"https:\/\/diariodocomercio.com.br\/mix\/wp-content\/uploads\/2025\/12\/image-37-675x1200.png 675w, https:\/\/diariodocomercio.com.br\/mix\/wp-content\/uploads\/2025\/12\/image-37-169x300.png 169w, https:\/\/diariodocomercio.com.br\/mix\/wp-content\/uploads\/2025\/12\/image-37-768x1365.png 768w, https:\/\/diariodocomercio.com.br\/mix\/wp-content\/uploads\/2025\/12\/image-37-864x1536.png 864w, https:\/\/diariodocomercio.com.br\/mix\/wp-content\/uploads\/2025\/12\/image-37-150x267.png 150w, https:\/\/diariodocomercio.com.br\/mix\/wp-content\/uploads\/2025\/12\/image-37-750x1333.png 750w, https:\/\/diariodocomercio.com.br\/mix\/wp-content\/uploads\/2025\/12\/image-37.png 1000w\" sizes=\"(max-width: 675px) 100vw, 675px\" \/><figcaption class=\"wp-element-caption\">(Reprodu\u00e7\u00e3o\/Instagram)<\/figcaption><\/figure>\n\n\n\n<p>No domingo (30), durante o minidesfile na Cidade do Samba, um momento chamou a aten\u00e7\u00e3o do p\u00fablico: Virginia trope\u00e7ou na pista e quase caiu. O v\u00eddeo viralizou no X (antigo Twitter), gerando memes e coment\u00e1rios ir\u00f4nicos.<\/p>\n\n\n\n<p>\u201cSer\u00e1 que at\u00e9 o Carnaval ela vai estar pronta?\u201d, brincou uma internauta. Outra atribuiu o deslize ao nervosismo: \u201cAcho que foi o nervosismo\u201d. Uma terceira mencionou o core\u00f3grafo da escola: \u201cEspero que Carlinhos Salgueiro d\u00ea jeito\u201d.<\/p>\n\n\n\n<h2 class=\"wp-block-heading\"><strong>Romance<\/strong><\/h2>\n\n\n\n<p>Virginia e Vini Jr. assumiram o relacionamento em outubro e, desde ent\u00e3o, a influenciadora tem dividido a rotina entre o Brasil e a Espanha. Ela deve viajar para passar as festas de fim de ano com o jogador \u2014 algo permitido pelo recesso oficial da escola.<\/p>\n\n\n\n<p>Assim, apesar dos boatos, a agenda da rainha de bateria continua dentro do previsto pela Grande Rio, que retoma suas atividades apenas em janeiro de 2026.<\/p>\n","protected":false},"excerpt":{"rendered":"<p>A influenciadora e apresentadora\u00a0Virginia Fonseca voltou a movimentar as redes sociais ap\u00f3s rumores de que teria solicitado um afastamento de cerca de um m\u00eas da\u00a0Grande Rio, onde ocupa o posto de rainha de bateria. As especula\u00e7\u00f5es surgiram ap\u00f3s a coluna F\u00e1bia Oliveira divulgar que Virginia viajaria \u00e0 Europa para passar o Natal e o Ano-Novo [&hellip;]<\/p>\n","protected":false},"author":9,"featured_media":27963,"comment_status":"closed","ping_status":"closed","sticky":false,"template":"","format":"standard","meta":{"jnews-multi-image_gallery":[],"jnews_single_post":{"format":"standard"},"jnews_primary_category":[],"jnews_social_meta":[],"jnews_override_counter":[],"jnews_post_split":[],"footnotes":""},"categories":[1],"tags":[],"class_list":["post-27959","post","type-post","status-publish","format-standard","has-post-thumbnail","hentry","category-geral"],"_referencia":"","_links":{"self":[{"href":"https:\/\/diariodocomercio.com.br\/mix\/wp-json\/wp\/v2\/posts\/27959","targetHints":{"allow":["GET"]}}],"collection":[{"href":"https:\/\/diariodocomercio.com.br\/mix\/wp-json\/wp\/v2\/posts"}],"about":[{"href":"https:\/\/diariodocomercio.com.br\/mix\/wp-json\/wp\/v2\/types\/post"}],"author":[{"embeddable":true,"href":"https:\/\/diariodocomercio.com.br\/mix\/wp-json\/wp\/v2\/users\/9"}],"replies":[{"embeddable":true,"href":"https:\/\/diariodocomercio.com.br\/mix\/wp-json\/wp\/v2\/comments?post=27959"}],"version-history":[{"count":1,"href":"https:\/\/diariodocomercio.com.br\/mix\/wp-json\/wp\/v2\/posts\/27959\/revisions"}],"predecessor-version":[{"id":27964,"href":"https:\/\/diariodocomercio.com.br\/mix\/wp-json\/wp\/v2\/posts\/27959\/revisions\/27964"}],"wp:featuredmedia":[{"embeddable":true,"href":"https:\/\/diariodocomercio.com.br\/mix\/wp-json\/wp\/v2\/media\/27963"}],"wp:attachment":[{"href":"https:\/\/diariodocomercio.com.br\/mix\/wp-json\/wp\/v2\/media?parent=27959"}],"wp:term":[{"taxonomy":"category","embeddable":true,"href":"https:\/\/diariodocomercio.com.br\/mix\/wp-json\/wp\/v2\/categories?post=27959"},{"taxonomy":"post_tag","embeddable":true,"href":"https:\/\/diariodocomercio.com.br\/mix\/wp-json\/wp\/v2\/tags?post=27959"}],"curies":[{"name":"wp","href":"https:\/\/api.w.org\/{rel}","templated":true}]}}