{"id":27971,"date":"2025-12-03T09:35:39","date_gmt":"2025-12-03T12:35:39","guid":{"rendered":"https:\/\/diariodocomercio.com.br\/mix\/?p=27971"},"modified":"2025-12-03T09:35:41","modified_gmt":"2025-12-03T12:35:41","slug":"argentina-derruba-o-gatonet-do-brasil-e-deixa-milhoes-de-pessoas-sem-televisao","status":"publish","type":"post","link":"https:\/\/diariodocomercio.com.br\/mix\/argentina-derruba-o-gatonet-do-brasil-e-deixa-milhoes-de-pessoas-sem-televisao\/","title":{"rendered":"Argentina derruba o \u201cgatonet\u201d do Brasil e deixa milh\u00f5es de pessoas sem televis\u00e3o"},"content":{"rendered":"\n<p>A coopera\u00e7\u00e3o entre Brasil e Argentina levou \u00e0 desmantelamento de uma <strong>vasta rede de pirataria de streaming ilegal <\/strong>entre agosto e novembro de 2025. A opera\u00e7\u00e3o mirou plataformas populares, como BTV e Red Play, que tinham milh\u00f5es de assinantes no Brasil.<\/p>\n\n\n\n<p>O objetivo foi combater o impacto financeiro gerado por essas opera\u00e7\u00f5es, estimado em centenas de milh\u00f5es de d\u00f3lares anuais. As a\u00e7\u00f5es ocorreram tanto na Argentina quanto no Brasil, focando em locais estrat\u00e9gicos e plataformas ilegais.<\/p>\n\n\n\n<h2 class=\"wp-block-heading\">Din\u00e2mica da opera\u00e7\u00e3o<\/h2>\n\n\n\n<p>A for\u00e7a-tarefa come\u00e7ou em agosto, quando autoridades realizaram buscas em centrais de pirataria na Argentina. Os dias 1\u00ba e 3 de novembro marcaram a primeira onda de bloqueios, atingindo servi\u00e7os como My Family Cinema.<\/p>\n\n\n\n<p>A segunda etapa, em 29 e 30 de novembro, fechou 22 servi\u00e7os, incluindo BTV e Red Play. As plataformas usavam TV boxes modificados para acessar ilegalmente conte\u00fados de streaming.<\/p>\n\n\n\n<h2 class=\"wp-block-heading\">M\u00e9todos utilizados pelos piratas<\/h2>\n\n\n\n<p>Os dispositivos TV boxes empregavam vers\u00f5es modificadas de Android, facilitando a pirataria. Homologa\u00e7\u00e3o pela Anatel \u00e9 necess\u00e1ria, mas muitos aparelhos n\u00e3o a possuem.<\/p>\n\n\n\n<p>Esses dispositivos atraem consumidores desavisados que, ao pagar at\u00e9 US$ 5 por m\u00eas, acabam financiando opera\u00e7\u00f5es criminosas.<\/p>\n\n\n\n<h2 class=\"wp-block-heading\">Repercuss\u00f5es no Brasil<\/h2>\n\n\n\n<p>A Opera\u00e7\u00e3o 404, iniciada no Brasil em 2019, j\u00e1 bloqueou muitos sites e aplicativos ilegais. Cerca de <strong>4,6 milh\u00f5es de usu\u00e1rios<\/strong> foram impactados pela pirataria.<\/p>\n\n\n\n<p>Colabora\u00e7\u00f5es entre pol\u00edcias e ag\u00eancias reguladoras, como a Anatel, foram cruciais para desmantelar este mercado.<\/p>\n","protected":false},"excerpt":{"rendered":"<p>Cerca de 4,6 milh\u00f5es de usu\u00e1rios foram impactados.<\/p>\n","protected":false},"author":12,"featured_media":27972,"comment_status":"closed","ping_status":"closed","sticky":false,"template":"","format":"standard","meta":{"jnews-multi-image_gallery":[],"jnews_single_post":{"format":"standard"},"jnews_primary_category":[],"jnews_social_meta":[],"jnews_override_counter":[],"jnews_post_split":[],"footnotes":""},"categories":[1],"tags":[],"class_list":["post-27971","post","type-post","status-publish","format-standard","has-post-thumbnail","hentry","category-geral"],"_referencia":"","_links":{"self":[{"href":"https:\/\/diariodocomercio.com.br\/mix\/wp-json\/wp\/v2\/posts\/27971","targetHints":{"allow":["GET"]}}],"collection":[{"href":"https:\/\/diariodocomercio.com.br\/mix\/wp-json\/wp\/v2\/posts"}],"about":[{"href":"https:\/\/diariodocomercio.com.br\/mix\/wp-json\/wp\/v2\/types\/post"}],"author":[{"embeddable":true,"href":"https:\/\/diariodocomercio.com.br\/mix\/wp-json\/wp\/v2\/users\/12"}],"replies":[{"embeddable":true,"href":"https:\/\/diariodocomercio.com.br\/mix\/wp-json\/wp\/v2\/comments?post=27971"}],"version-history":[{"count":1,"href":"https:\/\/diariodocomercio.com.br\/mix\/wp-json\/wp\/v2\/posts\/27971\/revisions"}],"predecessor-version":[{"id":27973,"href":"https:\/\/diariodocomercio.com.br\/mix\/wp-json\/wp\/v2\/posts\/27971\/revisions\/27973"}],"wp:featuredmedia":[{"embeddable":true,"href":"https:\/\/diariodocomercio.com.br\/mix\/wp-json\/wp\/v2\/media\/27972"}],"wp:attachment":[{"href":"https:\/\/diariodocomercio.com.br\/mix\/wp-json\/wp\/v2\/media?parent=27971"}],"wp:term":[{"taxonomy":"category","embeddable":true,"href":"https:\/\/diariodocomercio.com.br\/mix\/wp-json\/wp\/v2\/categories?post=27971"},{"taxonomy":"post_tag","embeddable":true,"href":"https:\/\/diariodocomercio.com.br\/mix\/wp-json\/wp\/v2\/tags?post=27971"}],"curies":[{"name":"wp","href":"https:\/\/api.w.org\/{rel}","templated":true}]}}