{"id":27983,"date":"2025-12-03T10:43:08","date_gmt":"2025-12-03T13:43:08","guid":{"rendered":"https:\/\/diariodocomercio.com.br\/mix\/?p=27983"},"modified":"2025-12-03T10:43:11","modified_gmt":"2025-12-03T13:43:11","slug":"orgao-gigante-do-governo-pega-fogo-na-madrugada-e-bombeiros-sao-acionados","status":"publish","type":"post","link":"https:\/\/diariodocomercio.com.br\/mix\/orgao-gigante-do-governo-pega-fogo-na-madrugada-e-bombeiros-sao-acionados\/","title":{"rendered":"\u00d3rg\u00e3o gigante do Governo pega fogo na madrugada e bombeiros s\u00e3o acionados"},"content":{"rendered":"\n<p>Um inc\u00eandio de grandes propor\u00e7\u00f5es atingiu, na madrugada desta quarta-feira (3), o\u00a0<strong>Pavilh\u00e3o 43 da Ceasa do Rio de Janeiro<\/strong>, em Iraj\u00e1, na zona norte da capital. O fogo come\u00e7ou por volta de\u00a0<strong>1h40<\/strong>\u00a0e rapidamente se espalhou pela principal central de abastecimento do estado, mobilizando bombeiros de\u00a0<strong>14 quart\u00e9is<\/strong>, mais de\u00a0<strong>110 militares<\/strong>\u00a0e\u00a0<strong>31 viaturas<\/strong>.<\/p>\n\n\n\n<p>Segundo o Corpo de Bombeiros, a principal dificuldade enfrentada durante a opera\u00e7\u00e3o foi acessar os&nbsp;<strong>28 boxes<\/strong>&nbsp;que comp\u00f5em metade do pavilh\u00e3o, muitos deles lotados de materiais inflam\u00e1veis como pl\u00e1sticos e pap\u00e9is.<\/p>\n\n\n<div class=\"wp-block-image\">\n<figure class=\"aligncenter size-full\"><img decoding=\"async\" width=\"380\" height=\"180\" src=\"https:\/\/diariodocomercio.com.br\/mix\/wp-content\/uploads\/2025\/12\/FD2AAXKX3JFIDNCM7PX7ZYZIGI.jpg.avif\" alt=\"\" class=\"wp-image-27984\" srcset=\"https:\/\/diariodocomercio.com.br\/mix\/wp-content\/uploads\/2025\/12\/FD2AAXKX3JFIDNCM7PX7ZYZIGI.jpg.avif 380w, https:\/\/diariodocomercio.com.br\/mix\/wp-content\/uploads\/2025\/12\/FD2AAXKX3JFIDNCM7PX7ZYZIGI.jpg-300x142.avif 300w, https:\/\/diariodocomercio.com.br\/mix\/wp-content\/uploads\/2025\/12\/FD2AAXKX3JFIDNCM7PX7ZYZIGI.jpg-150x71.avif 150w\" sizes=\"(max-width: 380px) 100vw, 380px\" \/><figcaption class=\"wp-element-caption\">(Reprodu\u00e7\u00e3o\/TV Globo)<\/figcaption><\/figure>\n<\/div>\n\n\n<p>Quatro bombeiros passaram mal por exaust\u00e3o e foram encaminhados ao hospital, j\u00e1 tendo recebido alta. N\u00e3o h\u00e1 registro de v\u00edtimas civis. As chamas n\u00e3o alcan\u00e7aram a Avenida Brasil, uma das vias mais importantes da cidade.<\/p>\n\n\n\n<p>O Centro de Opera\u00e7\u00f5es Rio (COR) informou que equipes da\u00a0<strong>\u00c1guas do Rio, CET-Rio, Comlurb e Guarda Municipal<\/strong> foram acionadas ainda durante a madrugada.<\/p>\n\n\n\n<figure class=\"wp-block-embed is-type-rich is-provider-twitter wp-block-embed-twitter\"><div class=\"wp-block-embed__wrapper\">\n<blockquote class=\"twitter-tweet\" data-width=\"500\" data-dnt=\"true\"><p lang=\"pt\" dir=\"ltr\">\ud83d\udd25INC\u00caNDIO NO CEASA!<br><br>\ud83d\udea8Aten\u00e7\u00e3o, motorista!<br><br>Um inc\u00eandio atinge o Pavilh\u00e3o 43 no Ceasa de Iraj\u00e1. Redobre a aten\u00e7\u00e3o ao circular pela via, pois pode haver bloqueios e a fuma\u00e7a pode prejudicar a visibilidade.<br><br>\ud83e\uddd1\u200d\ud83d\ude92\u00c1guas do Rio, CET-Rio, Bombeiros, Comlurb e Guarda Municipal foram\u2026 <a href=\"https:\/\/t.co\/00pbMW9Tuv\" target=\"_blank\">pic.twitter.com\/00pbMW9Tuv<\/a><\/p>&mdash; Centro de Opera\u00e7\u00f5es Rio (@OperacoesRio) <a href=\"https:\/\/twitter.com\/OperacoesRio\/status\/1996105561188761754?ref_src=twsrc%5Etfw\" target=\"_blank\" rel=\"noopener\">December 3, 2025<\/a><\/blockquote><script async src=\"https:\/\/platform.twitter.com\/widgets.js\" charset=\"utf-8\"><\/script>\n<\/div><\/figure>\n\n\n\n<h2 class=\"wp-block-heading\"><strong>Ceasa lamenta preju\u00edzos<\/strong><\/h2>\n\n\n\n<p>Em nota, a Ceasa-RJ lamentou profundamente o inc\u00eandio e destacou a dimens\u00e3o das perdas.<\/p>\n\n\n\n<p>Al\u00e9m do Pavilh\u00e3o 43, o 44 e parte do 42 tamb\u00e9m foram interditados. Os demais setores funcionam normalmente desde as 7h.<\/p>\n\n\n\n<p>A\u00a0<strong>\u00c1guas do Rio<\/strong>\u00a0enviou dois caminh\u00f5es-pipa para refor\u00e7ar o abastecimento de \u00e1gua no combate \u00e0s chamas.<\/p>\n\n\n\n<p>J\u00e1 a\u00a0<strong>CET-Rio<\/strong>\u00a0informou que, apesar da intensidade do inc\u00eandio,\u00a0<strong>n\u00e3o houve impacto no tr\u00e2nsito<\/strong>\u00a0da Avenida Brasil. A grande quantidade de fuma\u00e7a, por\u00e9m, levou o COR a emitir alerta aos motoristas que circulavam pela regi\u00e3o.<\/p>\n","protected":false},"excerpt":{"rendered":"<p>Um inc\u00eandio de grandes propor\u00e7\u00f5es atingiu, na madrugada desta quarta-feira (3), o\u00a0Pavilh\u00e3o 43 da Ceasa do Rio de Janeiro, em Iraj\u00e1, na zona norte da capital. O fogo come\u00e7ou por volta de\u00a01h40\u00a0e rapidamente se espalhou pela principal central de abastecimento do estado, mobilizando bombeiros de\u00a014 quart\u00e9is, mais de\u00a0110 militares\u00a0e\u00a031 viaturas. Segundo o Corpo de Bombeiros, [&hellip;]<\/p>\n","protected":false},"author":9,"featured_media":27987,"comment_status":"closed","ping_status":"closed","sticky":false,"template":"","format":"standard","meta":{"jnews-multi-image_gallery":[],"jnews_single_post":{"format":"standard"},"jnews_primary_category":[],"jnews_social_meta":[],"jnews_override_counter":[],"jnews_post_split":[],"footnotes":""},"categories":[1],"tags":[],"class_list":["post-27983","post","type-post","status-publish","format-standard","has-post-thumbnail","hentry","category-geral"],"_referencia":"","_links":{"self":[{"href":"https:\/\/diariodocomercio.com.br\/mix\/wp-json\/wp\/v2\/posts\/27983","targetHints":{"allow":["GET"]}}],"collection":[{"href":"https:\/\/diariodocomercio.com.br\/mix\/wp-json\/wp\/v2\/posts"}],"about":[{"href":"https:\/\/diariodocomercio.com.br\/mix\/wp-json\/wp\/v2\/types\/post"}],"author":[{"embeddable":true,"href":"https:\/\/diariodocomercio.com.br\/mix\/wp-json\/wp\/v2\/users\/9"}],"replies":[{"embeddable":true,"href":"https:\/\/diariodocomercio.com.br\/mix\/wp-json\/wp\/v2\/comments?post=27983"}],"version-history":[{"count":1,"href":"https:\/\/diariodocomercio.com.br\/mix\/wp-json\/wp\/v2\/posts\/27983\/revisions"}],"predecessor-version":[{"id":27988,"href":"https:\/\/diariodocomercio.com.br\/mix\/wp-json\/wp\/v2\/posts\/27983\/revisions\/27988"}],"wp:featuredmedia":[{"embeddable":true,"href":"https:\/\/diariodocomercio.com.br\/mix\/wp-json\/wp\/v2\/media\/27987"}],"wp:attachment":[{"href":"https:\/\/diariodocomercio.com.br\/mix\/wp-json\/wp\/v2\/media?parent=27983"}],"wp:term":[{"taxonomy":"category","embeddable":true,"href":"https:\/\/diariodocomercio.com.br\/mix\/wp-json\/wp\/v2\/categories?post=27983"},{"taxonomy":"post_tag","embeddable":true,"href":"https:\/\/diariodocomercio.com.br\/mix\/wp-json\/wp\/v2\/tags?post=27983"}],"curies":[{"name":"wp","href":"https:\/\/api.w.org\/{rel}","templated":true}]}}