{"id":27994,"date":"2025-12-03T11:45:42","date_gmt":"2025-12-03T14:45:42","guid":{"rendered":"https:\/\/diariodocomercio.com.br\/mix\/?p=27994"},"modified":"2025-12-03T11:45:44","modified_gmt":"2025-12-03T14:45:44","slug":"gigante-da-moda-e-vendida-por-r-74-bilhoes-e-choca-o-mundo","status":"publish","type":"post","link":"https:\/\/diariodocomercio.com.br\/mix\/gigante-da-moda-e-vendida-por-r-74-bilhoes-e-choca-o-mundo\/","title":{"rendered":"Gigante da moda \u00e9 vendida por R$ 7,4 bilh\u00f5es e choca o mundo"},"content":{"rendered":"\n<p>A ic\u00f4nica marca italiana <strong>Prada <\/strong>concluiu a <strong>compra da Versace <\/strong>nesta ter\u00e7a-feira, 2 de dezembro, por <strong>1,2 bilh\u00e3o de euros<\/strong>, cerca de 7,4 bilh\u00f5es de reais. A uni\u00e3o destas importantes casas de moda ocorre para reposicionar a It\u00e1lia no setor de luxo, tradicionalmente liderado por concorrentes franceses, como a LVMH.<\/p>\n\n\n\n<p>A transa\u00e7\u00e3o foi planejada para reverter dificuldades financeiras anteriores da Versace, sob a gest\u00e3o da Capri Holdings, e estabilizar a marca com a supervis\u00e3o do Grupo Prada.<\/p>\n\n\n\n<h2 class=\"wp-block-heading\">Consequ\u00eancias globais da aquisi\u00e7\u00e3o<\/h2>\n\n\n\n<p>Com essa aquisi\u00e7\u00e3o, a Prada busca se consolidar no cen\u00e1rio da moda global. A Versace, conhecida por seu estilo distintivo, poder\u00e1 revitalizar seu prest\u00edgio com o suporte financeiro e estrat\u00e9gico da Prada.<\/p>\n\n\n\n<p>Antes da compra, a Versace sofreu preju\u00edzos que inclu\u00edam um d\u00e9ficit operacional de 54 milh\u00f5es de d\u00f3lares no primeiro trimestre, um fardo deixado pela gest\u00e3o da Capri Holdings. Este movimento, portanto, n\u00e3o apenas equilibra os balancetes financeiros da Capri, mas tamb\u00e9m oferece \u00e0 Versace a chance de<strong> reestabelecer seus padr\u00f5es de excel\u00eancia.<\/strong><\/p>\n\n\n\n<h2 class=\"wp-block-heading\">Renova\u00e7\u00e3o do legado italiano de luxo<\/h2>\n\n\n\n<p>Sob a dire\u00e7\u00e3o de Lorenzo Bertelli, a Versace se prepara para restaurar seu glamour e identidade cultural. Para a Prada, a aquisi\u00e7\u00e3o n\u00e3o \u00e9 s\u00f3 uma amplia\u00e7\u00e3o do portf\u00f3lio, mas uma estrat\u00e9gia para diversificar sua base de clientes e alcan\u00e7ar novos mercados.<\/p>\n\n\n\n<p>O conglomerado italiano tamb\u00e9m usa seus recursos para dobrar suas receitas anuais, visando sua meta de 8 bilh\u00f5es de euros no futuro pr\u00f3ximo. A incorpora\u00e7\u00e3o de estilos variados, um ponto forte da Versace, \u00e9 central para a adapta\u00e7\u00e3o a novos cen\u00e1rios de consumo no setor de luxo.<\/p>\n","protected":false},"excerpt":{"rendered":"<p>Com aquisi\u00e7\u00e3o, marca busca se consolidar no cen\u00e1rio da moda global. <\/p>\n","protected":false},"author":12,"featured_media":26700,"comment_status":"closed","ping_status":"closed","sticky":false,"template":"","format":"standard","meta":{"jnews-multi-image_gallery":[],"jnews_single_post":{"format":"standard"},"jnews_primary_category":[],"jnews_social_meta":[],"jnews_override_counter":[],"jnews_post_split":[],"footnotes":""},"categories":[1],"tags":[],"class_list":["post-27994","post","type-post","status-publish","format-standard","has-post-thumbnail","hentry","category-geral"],"_referencia":"","_links":{"self":[{"href":"https:\/\/diariodocomercio.com.br\/mix\/wp-json\/wp\/v2\/posts\/27994","targetHints":{"allow":["GET"]}}],"collection":[{"href":"https:\/\/diariodocomercio.com.br\/mix\/wp-json\/wp\/v2\/posts"}],"about":[{"href":"https:\/\/diariodocomercio.com.br\/mix\/wp-json\/wp\/v2\/types\/post"}],"author":[{"embeddable":true,"href":"https:\/\/diariodocomercio.com.br\/mix\/wp-json\/wp\/v2\/users\/12"}],"replies":[{"embeddable":true,"href":"https:\/\/diariodocomercio.com.br\/mix\/wp-json\/wp\/v2\/comments?post=27994"}],"version-history":[{"count":1,"href":"https:\/\/diariodocomercio.com.br\/mix\/wp-json\/wp\/v2\/posts\/27994\/revisions"}],"predecessor-version":[{"id":27995,"href":"https:\/\/diariodocomercio.com.br\/mix\/wp-json\/wp\/v2\/posts\/27994\/revisions\/27995"}],"wp:featuredmedia":[{"embeddable":true,"href":"https:\/\/diariodocomercio.com.br\/mix\/wp-json\/wp\/v2\/media\/26700"}],"wp:attachment":[{"href":"https:\/\/diariodocomercio.com.br\/mix\/wp-json\/wp\/v2\/media?parent=27994"}],"wp:term":[{"taxonomy":"category","embeddable":true,"href":"https:\/\/diariodocomercio.com.br\/mix\/wp-json\/wp\/v2\/categories?post=27994"},{"taxonomy":"post_tag","embeddable":true,"href":"https:\/\/diariodocomercio.com.br\/mix\/wp-json\/wp\/v2\/tags?post=27994"}],"curies":[{"name":"wp","href":"https:\/\/api.w.org\/{rel}","templated":true}]}}