{"id":28002,"date":"2025-12-03T14:13:42","date_gmt":"2025-12-03T17:13:42","guid":{"rendered":"https:\/\/diariodocomercio.com.br\/mix\/?p=28002"},"modified":"2025-12-03T17:31:03","modified_gmt":"2025-12-03T20:31:03","slug":"55-municipios-no-sudeste-correm-risco-de-enchentes-graves-segundo-o-inmet","status":"publish","type":"post","link":"https:\/\/diariodocomercio.com.br\/mix\/55-municipios-no-sudeste-correm-risco-de-enchentes-graves-segundo-o-inmet\/","title":{"rendered":"55 munic\u00edpios no Sudeste correm risco de enchentes graves, segundo o Inmet"},"content":{"rendered":"\n<p>O&nbsp;Instituto Nacional de Meteorologia (Inmet)&nbsp;emitiu um&nbsp;alerta vermelho, o n\u00edvel mais alto da escala de severidade, para 55 munic\u00edpios do&nbsp;Esp\u00edrito Santo&nbsp;devido ao risco extremo de chuva volumosa entre esta quarta (3), \u00e0s 22h, e quinta-feira (4), \u00e0s 23h59. A previs\u00e3o indica&nbsp;mais de 100 mm de chuva por dia, com grande possibilidade de enchentes, deslizamentos de encostas e transbordamento de rios.<\/p>\n\n\n\n<h2 class=\"wp-block-heading\">Inmet alerta<\/h2>\n\n\n\n<p>Al\u00e9m do alerta vermelho, o Inmet ampliou o&nbsp;<strong>alerta laranja de tempestade<\/strong>&nbsp;para todas as cidades capixabas. O aviso, v\u00e1lido at\u00e9 as 10h de quinta-feira, prev\u00ea:<\/p>\n\n\n\n<ul class=\"wp-block-list\">\n<li>Chuvas de&nbsp;<strong>50 a 100 mm\/dia<\/strong><\/li>\n\n\n\n<li>Ventos de&nbsp;<strong>60 a 100 km\/h<\/strong><\/li>\n\n\n\n<li>Risco de&nbsp;<strong>queda de granizo<\/strong><\/li>\n\n\n\n<li>Possibilidade de&nbsp;<strong>alagamentos, quedas de \u00e1rvores, cortes de energia e danos a planta\u00e7\u00f5es<\/strong><\/li>\n<\/ul>\n\n\n\n<p>Segundo o \u00f3rg\u00e3o, a combina\u00e7\u00e3o de instabilidade atmosf\u00e9rica e grande volume de umidade mant\u00e9m&nbsp;todo o Esp\u00edrito Santo em estado de aten\u00e7\u00e3o.<\/p>\n\n\n\n<blockquote class=\"wp-block-quote is-layout-flow wp-block-quote-is-layout-flow\">\n<p>\u201cH\u00e1 grande perigo de alagamentos, transbordamentos de rios e deslizamentos de encostas\u201d, informou o Inmet no comunicado oficial.<\/p>\n<\/blockquote>\n\n\n\n<p>A&nbsp;Defesa Civil Estadual&nbsp;refor\u00e7ou o alerta e afirmou que os pr\u00f3ximos dias devem registrar \u201cfortes pancadas de chuva, rajadas de vento, descargas el\u00e9tricas e eventual queda de granizo\u201d.<\/p>\n\n\n\n<h2 class=\"wp-block-heading\"><strong>Munic\u00edpios sob alerta m\u00e1ximo<\/strong><\/h2>\n\n\n\n<p>A lista inclui cidades das regi\u00f5es Metropolitana, Norte, Noroeste, Serrana e Sul, totalizando mais de&nbsp;1,5 milh\u00e3o de capixabas potencialmente afetados.<\/p>\n\n\n\n<p>Entre os 55 munic\u00edpios inclu\u00eddos no&nbsp;<strong>alerta vermelho<\/strong>, est\u00e3o Afonso Cl\u00e1udio, Alegre, Alfredo Chaves, Anchieta, Apiac\u00e1, At\u00edlio Vivacqua, Baixo Guandu, Bom Jesus do Norte, Brejetuba, Cachoeiro de Itapemirim, Cariacica, Castelo, Concei\u00e7\u00e3o do Castelo, Divino de S\u00e3o Louren\u00e7o, Domingos Martins, Dores do Rio Preto, Gua\u00e7u\u00ed, Guarapari, Ibatiba, Ibitirama, Iconha, Irupi, Itagua\u00e7u, Itapemirim, Itarana, I\u00fana, Jer\u00f4nimo Monteiro, Laranja da Terra, Marata\u00edzes, Marechal Floriano, Mimoso do Sul, Muniz Freire, Muqui, Pi\u00fama, Presidente Kennedy, Rio Novo do Sul, Santa Leopoldina, Santa Maria de Jetib\u00e1, Santa Teresa, S\u00e3o Jos\u00e9 do Cal\u00e7ado, Serra, Vargem Alta, Venda Nova do Imigrante, Viana, Vila Velha e Vit\u00f3ria \u2014 \u00e1reas historicamente vulner\u00e1veis a enchentes.<\/p>\n\n\n\n<h2 class=\"wp-block-heading\"><strong>Orienta\u00e7\u00f5es de seguran\u00e7a<\/strong><\/h2>\n\n\n\n<p>O Inmet e a Defesa Civil refor\u00e7am que a popula\u00e7\u00e3o deve redobrar os cuidados:<\/p>\n\n\n\n<ul class=\"wp-block-list\">\n<li><strong>Evitar abrigo sob \u00e1rvores<\/strong>&nbsp;durante rajadas de vento<\/li>\n\n\n\n<li><strong>N\u00e3o estacionar<\/strong>&nbsp;ve\u00edculos perto de torres met\u00e1licas ou placas de propaganda<\/li>\n\n\n\n<li><strong>Desligar aparelhos el\u00e9tricos<\/strong>&nbsp;e, em \u00e1reas de risco, o quadro geral de energia<\/li>\n\n\n\n<li>Evitar atravessar \u00e1reas alagadas<\/li>\n\n\n\n<li>Verificar pontos de risco pr\u00f3ximos \u00e0s resid\u00eancias<\/li>\n<\/ul>\n\n\n\n<p>Para emerg\u00eancias, os contatos s\u00e3o:<\/p>\n\n\n\n<ul class=\"wp-block-list\">\n<li><strong>Defesa Civil<\/strong>: 199<\/li>\n\n\n\n<li><strong>Corpo de Bombeiros<\/strong>: 193<\/li>\n<\/ul>\n","protected":false},"excerpt":{"rendered":"<p>O&nbsp;Instituto Nacional de Meteorologia (Inmet)&nbsp;emitiu um&nbsp;alerta vermelho, o n\u00edvel mais alto da escala de severidade, para 55 munic\u00edpios do&nbsp;Esp\u00edrito Santo&nbsp;devido ao risco extremo de chuva volumosa entre esta quarta (3), \u00e0s 22h, e quinta-feira (4), \u00e0s 23h59. A previs\u00e3o indica&nbsp;mais de 100 mm de chuva por dia, com grande possibilidade de enchentes, deslizamentos de encostas [&hellip;]<\/p>\n","protected":false},"author":9,"featured_media":5849,"comment_status":"closed","ping_status":"closed","sticky":false,"template":"","format":"standard","meta":{"jnews-multi-image_gallery":[],"jnews_single_post":{"format":"standard"},"jnews_primary_category":[],"jnews_social_meta":[],"jnews_override_counter":[],"jnews_post_split":[],"footnotes":""},"categories":[1],"tags":[],"class_list":["post-28002","post","type-post","status-publish","format-standard","has-post-thumbnail","hentry","category-geral"],"_referencia":"","_links":{"self":[{"href":"https:\/\/diariodocomercio.com.br\/mix\/wp-json\/wp\/v2\/posts\/28002","targetHints":{"allow":["GET"]}}],"collection":[{"href":"https:\/\/diariodocomercio.com.br\/mix\/wp-json\/wp\/v2\/posts"}],"about":[{"href":"https:\/\/diariodocomercio.com.br\/mix\/wp-json\/wp\/v2\/types\/post"}],"author":[{"embeddable":true,"href":"https:\/\/diariodocomercio.com.br\/mix\/wp-json\/wp\/v2\/users\/9"}],"replies":[{"embeddable":true,"href":"https:\/\/diariodocomercio.com.br\/mix\/wp-json\/wp\/v2\/comments?post=28002"}],"version-history":[{"count":3,"href":"https:\/\/diariodocomercio.com.br\/mix\/wp-json\/wp\/v2\/posts\/28002\/revisions"}],"predecessor-version":[{"id":28057,"href":"https:\/\/diariodocomercio.com.br\/mix\/wp-json\/wp\/v2\/posts\/28002\/revisions\/28057"}],"wp:featuredmedia":[{"embeddable":true,"href":"https:\/\/diariodocomercio.com.br\/mix\/wp-json\/wp\/v2\/media\/5849"}],"wp:attachment":[{"href":"https:\/\/diariodocomercio.com.br\/mix\/wp-json\/wp\/v2\/media?parent=28002"}],"wp:term":[{"taxonomy":"category","embeddable":true,"href":"https:\/\/diariodocomercio.com.br\/mix\/wp-json\/wp\/v2\/categories?post=28002"},{"taxonomy":"post_tag","embeddable":true,"href":"https:\/\/diariodocomercio.com.br\/mix\/wp-json\/wp\/v2\/tags?post=28002"}],"curies":[{"name":"wp","href":"https:\/\/api.w.org\/{rel}","templated":true}]}}