{"id":28006,"date":"2025-12-03T14:32:40","date_gmt":"2025-12-03T17:32:40","guid":{"rendered":"https:\/\/diariodocomercio.com.br\/mix\/?p=28006"},"modified":"2025-12-03T17:33:16","modified_gmt":"2025-12-03T20:33:16","slug":"estudo-japones-revela-que-cabelos-brancos-podem-proteger-o-organismo-contra-o-cancer","status":"publish","type":"post","link":"https:\/\/diariodocomercio.com.br\/mix\/estudo-japones-revela-que-cabelos-brancos-podem-proteger-o-organismo-contra-o-cancer\/","title":{"rendered":"Estudo japon\u00eas revela que cabelos brancos podem proteger o organismo contra o c\u00e2ncer"},"content":{"rendered":"\n<p>Um estudo da&nbsp;Universidade de T\u00f3quio, publicado em outubro na revista&nbsp;<em>Nature Cell Biology<\/em>, revelou que o surgimento de&nbsp;cabelos brancos&nbsp;pode estar ligado a um&nbsp;mecanismo natural de prote\u00e7\u00e3o contra o c\u00e2ncer de pele, especialmente o melanoma. A pesquisa mostra que o embranquecimento ocorre quando o corpo elimina c\u00e9lulas-tronco danificadas antes que elas se tornem potencialmente perigosas.<\/p>\n\n\n\n<p>A equipe liderada pela bi\u00f3loga&nbsp;Emi Nishimura&nbsp;e pelo pesquisador&nbsp;Yasuaki Mohri&nbsp;analisou, em camundongos, como as&nbsp;c\u00e9lulas-tronco de melan\u00f3citos (McSCs)&nbsp;\u2014 respons\u00e1veis por produzir melanina \u2014 reagem a diferentes tipos de danos no DNA.<\/p>\n\n\n\n<p>Segundo os pesquisadores, quando essas c\u00e9lulas sofrem&nbsp;quebras duplas no DNA, elas entram em um processo chamado&nbsp;de seno-diferencia\u00e7\u00e3o. Nesse estado, as c\u00e9lulas deixam de se renovar, amadurecem de forma permanente e s\u00e3o descartadas pelo organismo, causando o&nbsp;surgimento dos fios brancos.<\/p>\n\n\n\n<p>Esse mecanismo \u00e9 ativado pelo&nbsp;caminho molecular p53-p21, conhecido por controlar o ciclo celular e impedir a forma\u00e7\u00e3o de tumores.<\/p>\n\n\n\n<blockquote class=\"wp-block-quote is-layout-flow wp-block-quote-is-layout-flow\">\n<p>\u201cEsses achados mostram que um mesmo grupo de c\u00e9lulas pode seguir caminhos opostos \u2014 exaust\u00e3o ou expans\u00e3o \u2014 dependendo do tipo de estresse e dos sinais do ambiente ao redor\u201d, afirmou Nishimura.<\/p>\n\n\n\n<p>\u201cEles reformulam o entendimento de que cabelos brancos e melanoma s\u00e3o eventos desconectados. Na verdade, s\u00e3o resultados divergentes das respostas ao estresse das c\u00e9lulas-tronco.\u201d<\/p>\n<\/blockquote>\n\n\n\n<h2 class=\"wp-block-heading\"><strong>Quando o processo falha, o risco de melanoma aumenta<\/strong><\/h2>\n\n\n<style>@media (min-width: 992px) {\n    .recomendadorV2Area1 {\n        width: 280px;\n    }\n    .recomendadorV2Area2 {\n        padding: 0px 20px;\n        width: calc(100% - 280px);\n    }\n}\n\n@media (max-width: 992px) {\n    .recomendadorV2Button {\n        margin: 0 auto;\n    }\n    .recomendadorV2Area {\n        flex-direction: column;\n        text-align: center;\n    }\n    .recomendadorV2Area2 {\n        padding: 0px 20px;\n    }\n}\n\n.recomendadorV2Area {\n    background: #eeeeee3d;\n    border-radius: 10px;\n    padding: 15px;\n    display: flex;\n    margin: 15px auto;\n    border: 1px solid #00000014;\n    max-width: 800px;\n}\n\n.recomendadorV2Area1 img {\n    width: 280px;\n    height: auto;\n    border-radius: 8px;\n}\n\n.linkrecomendadorv2 {\n    text-decoration: none !important;\n}\n\n.recomendadorV2Area2 .recomendadorV2Type {\n    text-transform: uppercase;\n    font-weight: 500;\n    font-size: 11px;\n    letter-spacing: 2px;\n    color: #666;\n    margin: 12px 0;\n    display: block;\n}\n\n.recomendadorV2Title h2 {\n    padding-top: 0px !important;\n    margin: 0px !important;\n    border-left: none !important;\n    padding-left: 0px !important;\n    line-height: 1.3;\n    color: #000 !important;\n    font-size: 24px;\n    margin-bottom: 12px !important;\n}\n\n.recomendadorV2Desc {\n    color: #333;\n    margin: 12px 0px !important;\n    font-size: 15px;\n    line-height: 1.5;\n}\n\n.recomendadorV2Button {\n    width: auto;\n    max-width: 200px;\n    margin: 0;\n    display: inline-flex;\n    align-items: center;\n    background: #1D3557;\n    border-radius: 8px;\n    color: #fff;\n    height: 36px;\n    justify-content: center;\n    text-align: center;\n    font-size: 14px;\n    padding: 0 20px;\n    transition: background-color 0.2s ease;\n}\n\n.recomendadorV2Button:hover {\n    background: #2a4d7a;\n}\n\n.recomendadorV2Button:after {\n    margin-top: -2px;\n    content: \"\u2192\";\n    padding: 0px 0px 0px 8px;\n}\n\n.recomendadorV2Alert {\n    text-align: left;\n    font-size: 11px;\n    margin-top: 8px;\n    color: #666;\n}\n\n.recomendadorFixedArea {\n    width: 100%;\n    display: flex;\n    justify-content: center;\n    align-items: center;\n}\n\n@media (min-width: 992px) {\n    #recomendadorFixed {\n        width: 32% !important;\n        left: 5%;\n    }\n    .recomendadorCloseFixed{\n        right: inherit !important;\n        left: 378px !important;\n    }\n}\n\n#recomendadorFixed {\n    width: 90%;\n    box-shadow: 0 10px 20px 0px #00000057;\n    display: none;\n    height: 90px;\n    background: #F6F6F6;\n    position: fixed;\n    flex-direction: row;\n    bottom: 10px;\n    z-index: 9999;\n    border-radius: 16px;\n    padding: 7px 10px;\n}\n\n.recomendadorLeftArea {\n    width: 160px;\n}\n\n.recomendadorRightArea h2 {\n    padding-top: 0px;\n    margin: 2px 0px 4px 0px !important;\n    font-weight: 400;\n    text-align: center;\n    padding-left: 0px !important;\n    color: #000 !important;\n    border-left: none !important;\n    line-height: 20px;\n    font-size: 12px !important;\n}\n\n.recomendadorImgFixed {\n    overflow: hidden;\n    padding: 8px 6px;\n    height: 100%;\n}\n\n.recomendadorImgFixed img {\n    height: 100% !important;\n    border-radius: 16px;\n}\n\n.recomendadorRightArea {\n    padding-top: 6px;\n    display: flex;\n    width: calc(100% - 130px);\n    justify-content: space-between;\n    align-items: center;\n    flex-direction: column;\n}\n\n.recomendadorButtonFixed {\n    margin: 0 auto;\n    background: #1D3557;\n    width: 80%;\n    text-align: center;\n    font-size: 10px;\n    color: #FFF;\n    padding: 2px 10px;\n    border-radius: 3px;\n}\n\n.recomendadorButtonFixed:after {\n    margin-top: -3px;\n    content: \"\u2192\";\n    padding: 0px 0px 0px 10px;\n}\n\n.recomendadorAlertFixed {\n    font-weight: 400;\n    text-align: center;\n    color: #484848;\n    font-size: 8px;\n}\n\n.recomendadorCloseFixed {\n    z-index: 99999;\n    display: none;\n    right: 0px;\n    left: inherit;\n    bottom: 99px;\n    position: fixed;\n    justify-content: center;\n    background: #F6F6F6;\n    width: 25px;\n    align-items: center;\n    height: 25px;\n    font-weight: 800;\n    border-radius: 50%;\n    border: 1px solid #EBEBEB;\n}\n\n.recomendadorV2Desc{\n    color: #000000;\n    margin: 20px 0px;\n}\n\n@media (max-width: 576px) {\n    .recomendadorV2Area {\n      padding: 10px;\n      max-width: 100%;\n    }\n  \n    .recomendadorV2Area1 img {\n      width: 100%;\n      border-radius: 6px;\n    }\n  \n    .recomendadorV2Area2 .recomendadorV2Type {\n      font-size: 9px;\n      letter-spacing: 1px;\n      margin: 8px 0;\n    }\n  \n    .recomendadorV2Title h2 {\n      font-size: 18px !important;\n      margin-bottom: 8px !important;\n      line-height: 1.2;\n    }\n  \n    .recomendadorV2Desc {\n      font-size: 14px;\n      margin: 8px 0 !important;\n      line-height: 1.4;\n    }\n  \n    .recomendadorV2Button {\n      font-size: 14px;\n      height: 40px;\n      padding: 0 12px;\n      max-width: 100%;\n      width: 100%;\n    }\n  \n    .recomendadorV2Button:after {\n      padding-left: 6px;\n    }\n  }\n  <\/style>\n        <div class=\"lazyblock-recomendador-v2-2jDGz wp-block-lazyblock-recomendador-v2\">\n        <a class=\"linkrecomendadorv2\" href=\"https:\/\/diariodocomercio.com.br\/mix\/anvisa-suspende-a-venda-de-suplementos-com-ingrediente-proibido\/?utm_source=lazy\">\n            <div class=\"recomendadorV2Area\">\n            <div class=\"recomendadorV2Area1\">\n                <div class=\"recomendadorV2Img\">\n                <img class=\"lazyloaded\" decoding=\"async\" src=\"https:\/\/diariodocomercio.com.br\/mix\/wp-content\/uploads\/2025\/07\/anvisa-750x375.jpg\" data-src=\"https:\/\/diariodocomercio.com.br\/mix\/wp-content\/uploads\/2025\/07\/anvisa-750x375.jpg\" alt=\"\">\n                <\/div>\n            <\/div>\n            <div class=\"recomendadorV2Area2\">\n                <div class=\"recomendadorV2Type\">\n                    <span>Sa\u00fade Alerta<\/span>\n                <\/div>\n                <div class=\"recomendadorV2Title\">\n                <h2><span>Suplementos suspensos \u26a0\ufe0f<\/span><\/h2>\n                <\/div>\n                <div class=\"recomendadorV2Desc\">\n                <span>Anvisa barra vendas por ingrediente proibido<\/span>\n                <\/div>\n                <div class=\"recomendadorV2Button\">Ver lista e detalhes<\/div>\n                <div class=\"recomendadorV2Alert\"><\/div>\n            <\/div>\n            <\/div>\n        <\/a>\n        <div>\n            <div style=\"z-index:99999;\" id=\"buttonClose\" onclick=\"closeRecomendadorFixed()\">\n            <div class=\"recomendadorCloseFixed\">X<\/div>\n            <\/div>\n            <a href=\"https:\/\/diariodocomercio.com.br\/mix\/anvisa-suspende-a-venda-de-suplementos-com-ingrediente-proibido\/?utm_source=lazy\">\n            <div class=\"recomendadorFixedArea\">\n                <div id=\"recomendadorFixed\">\n                <div class=\"recomendadorLeftArea\">\n                    <div class=\"recomendadorImgFixed\">\n                    <img class=\"lazyload\" decoding=\"async\" src=\"https:\/\/diariodocomercio.com.br\/mix\/wp-content\/uploads\/2025\/07\/anvisa-750x375.jpg\" alt=\"\">\n                    <\/div>\n                <\/div>\n                <div class=\"recomendadorRightArea\">\n                    <div class=\"recomendadorTitleFixed\">\n                    <h2><span>Suplementos suspensos \u26a0\ufe0f<\/span><\/h2>\n                    <\/div>\n                    <div class=\"recomendadorButtonFixed\">Ver lista e detalhes<\/div>\n                    <div class=\"recomendadorAlertFixed\"><\/div>\n                <\/div>\n                <\/div>\n            <\/div>\n            <\/a>\n        <\/div>\n        <\/div>\n\n\n\n<p>O estudo tamb\u00e9m identificou que, diante de&nbsp;<strong>carcin\u00f3genos<\/strong>&nbsp;como a radia\u00e7\u00e3o&nbsp;<strong>UVB<\/strong>&nbsp;ou a subst\u00e2ncia&nbsp;<strong>DMBA<\/strong>, as McSCs n\u00e3o entram em seno-diferencia\u00e7\u00e3o \u2014 mesmo com danos no DNA. Em vez disso, continuam se multiplicando e&nbsp;<strong>expandem-se clonamente<\/strong>, comportamento que favorece o surgimento de tumores.<\/p>\n\n\n\n<p>Esse desvio ocorre porque o tecido ao redor libera o&nbsp;<strong>fator KIT (SCF)<\/strong>, uma mol\u00e9cula que impede a diferencia\u00e7\u00e3o protetora e for\u00e7a as c\u00e9lulas danificadas a continuarem vivas e se replicando.<\/p>\n\n\n\n<blockquote class=\"wp-block-quote is-layout-flow wp-block-quote-is-layout-flow\">\n<p>Diz Nishimura: \u201cSe a seno-diferencia\u00e7\u00e3o \u00e9 uma forma de autoprote\u00e7\u00e3o, seu bloqueio abre caminho para que c\u00e9lulas comprometidas evoluam para o melanoma.\u201d<\/p>\n<\/blockquote>\n\n\n\n<h2 class=\"wp-block-heading\"><strong>Cabelos brancos n\u00e3o \u201cevitam c\u00e2ncer\u201d, mas indicam um sistema funcionando<\/strong><\/h2>\n\n\n\n<p>Os pesquisadores ressaltam que&nbsp;<strong>ter cabelos brancos n\u00e3o significa estar protegido contra o c\u00e2ncer<\/strong>, mas sim que o organismo est\u00e1 acionando uma via natural de elimina\u00e7\u00e3o de c\u00e9lulas com danos gen\u00e9ticos.<\/p>\n\n\n\n<p>Quando esse processo n\u00e3o ocorre, as c\u00e9lulas defeituosas permanecem, aumentando a chance de tumores.<\/p>\n\n\n\n<p>A descoberta estabelece uma conex\u00e3o in\u00e9dita entre:<\/p>\n\n\n\n<ul class=\"wp-block-list\">\n<li><strong>envelhecimento dos tecidos<\/strong>,<\/li>\n\n\n\n<li><strong>mecanismos de autodestrui\u00e7\u00e3o celular<\/strong>,<\/li>\n\n\n\n<li><strong>preven\u00e7\u00e3o do melanoma<\/strong>.<\/li>\n<\/ul>\n\n\n\n<p>Os autores afirmam que o estudo abre caminho para novas pesquisas sobre preven\u00e7\u00e3o e terapias que estimulem a remo\u00e7\u00e3o de c\u00e9lulas precancerosas.<\/p>\n","protected":false},"excerpt":{"rendered":"<p>Um estudo da&nbsp;Universidade de T\u00f3quio, publicado em outubro na revista&nbsp;Nature Cell Biology, revelou que o surgimento de&nbsp;cabelos brancos&nbsp;pode estar ligado a um&nbsp;mecanismo natural de prote\u00e7\u00e3o contra o c\u00e2ncer de pele, especialmente o melanoma. A pesquisa mostra que o embranquecimento ocorre quando o corpo elimina c\u00e9lulas-tronco danificadas antes que elas se tornem potencialmente perigosas. A equipe [&hellip;]<\/p>\n","protected":false},"author":9,"featured_media":9419,"comment_status":"closed","ping_status":"closed","sticky":false,"template":"","format":"standard","meta":{"jnews-multi-image_gallery":[],"jnews_single_post":{"format":"standard"},"jnews_primary_category":[],"jnews_social_meta":[],"jnews_override_counter":[],"jnews_post_split":[],"footnotes":""},"categories":[1],"tags":[],"class_list":["post-28006","post","type-post","status-publish","format-standard","has-post-thumbnail","hentry","category-geral"],"_referencia":"","_links":{"self":[{"href":"https:\/\/diariodocomercio.com.br\/mix\/wp-json\/wp\/v2\/posts\/28006","targetHints":{"allow":["GET"]}}],"collection":[{"href":"https:\/\/diariodocomercio.com.br\/mix\/wp-json\/wp\/v2\/posts"}],"about":[{"href":"https:\/\/diariodocomercio.com.br\/mix\/wp-json\/wp\/v2\/types\/post"}],"author":[{"embeddable":true,"href":"https:\/\/diariodocomercio.com.br\/mix\/wp-json\/wp\/v2\/users\/9"}],"replies":[{"embeddable":true,"href":"https:\/\/diariodocomercio.com.br\/mix\/wp-json\/wp\/v2\/comments?post=28006"}],"version-history":[{"count":2,"href":"https:\/\/diariodocomercio.com.br\/mix\/wp-json\/wp\/v2\/posts\/28006\/revisions"}],"predecessor-version":[{"id":28062,"href":"https:\/\/diariodocomercio.com.br\/mix\/wp-json\/wp\/v2\/posts\/28006\/revisions\/28062"}],"wp:featuredmedia":[{"embeddable":true,"href":"https:\/\/diariodocomercio.com.br\/mix\/wp-json\/wp\/v2\/media\/9419"}],"wp:attachment":[{"href":"https:\/\/diariodocomercio.com.br\/mix\/wp-json\/wp\/v2\/media?parent=28006"}],"wp:term":[{"taxonomy":"category","embeddable":true,"href":"https:\/\/diariodocomercio.com.br\/mix\/wp-json\/wp\/v2\/categories?post=28006"},{"taxonomy":"post_tag","embeddable":true,"href":"https:\/\/diariodocomercio.com.br\/mix\/wp-json\/wp\/v2\/tags?post=28006"}],"curies":[{"name":"wp","href":"https:\/\/api.w.org\/{rel}","templated":true}]}}