{"id":28022,"date":"2025-12-03T16:15:38","date_gmt":"2025-12-03T19:15:38","guid":{"rendered":"https:\/\/diariodocomercio.com.br\/mix\/?p=28022"},"modified":"2025-12-03T16:49:10","modified_gmt":"2025-12-03T19:49:10","slug":"aviao-desaparecido-desde-2014-com-239-pessoas-a-bordo-voltara-a-ser-procurado","status":"publish","type":"post","link":"https:\/\/diariodocomercio.com.br\/mix\/aviao-desaparecido-desde-2014-com-239-pessoas-a-bordo-voltara-a-ser-procurado\/","title":{"rendered":"Avi\u00e3o desaparecido desde 2014, com 239 pessoas a bordo, voltar\u00e1 a ser procurado"},"content":{"rendered":"\n<p>As buscas pelos destro\u00e7os do voo&nbsp;<strong>MH370<\/strong>, da Malaysia Airlines, ser\u00e3o retomadas no dia&nbsp;<strong>30 de dezembro<\/strong>, segundo anunciou nesta quarta-feira (3) o Minist\u00e9rio dos Transportes da Mal\u00e1sia. O avi\u00e3o desapareceu em&nbsp;<strong>8 de mar\u00e7o de 2014<\/strong> com&nbsp;<strong>239 pessoas a bordo<\/strong>&nbsp;enquanto seguia de Kuala Lumpur para Pequim, no epis\u00f3dio que se tornou um dos maiores enigmas da hist\u00f3ria da avia\u00e7\u00e3o.<\/p>\n\n\n\n<p>A nova opera\u00e7\u00e3o ter\u00e1 dura\u00e7\u00e3o prevista de&nbsp;<strong>55 dias<\/strong>&nbsp;e ser\u00e1 conduzida pela empresa de explora\u00e7\u00e3o submarina&nbsp;<strong>Ocean Infinity<\/strong>, que atuar\u00e1 novamente sob o acordo de&nbsp;<em>\u201cno find, no fee\u201d<\/em>&nbsp;\u2014 ou seja, s\u00f3 receber\u00e1 pagamento caso encontre os destro\u00e7os. O valor previsto \u00e9 de&nbsp;<strong>US$ 70 milh\u00f5es<\/strong>, conforme informou anteriormente o ministro dos Transportes,&nbsp;<strong>Loke Siew Fook<\/strong>.<\/p>\n\n\n\n<p>Em comunicado, o minist\u00e9rio afirmou que o avan\u00e7o da opera\u00e7\u00e3o \u201c<strong>refor\u00e7a o compromisso da Mal\u00e1sia em oferecer respostas \u00e0s fam\u00edlias afetadas pela trag\u00e9dia<\/strong>\u201d.<\/p>\n\n\n\n<figure class=\"wp-block-image size-large\"><img decoding=\"async\" width=\"1200\" height=\"792\" src=\"https:\/\/diariodocomercio.com.br\/mix\/wp-content\/uploads\/2025\/12\/image-45-1200x792.png\" alt=\"\" class=\"wp-image-28025\" srcset=\"https:\/\/diariodocomercio.com.br\/mix\/wp-content\/uploads\/2025\/12\/image-45-1200x792.png 1200w, https:\/\/diariodocomercio.com.br\/mix\/wp-content\/uploads\/2025\/12\/image-45-300x198.png 300w, https:\/\/diariodocomercio.com.br\/mix\/wp-content\/uploads\/2025\/12\/image-45-768x507.png 768w, https:\/\/diariodocomercio.com.br\/mix\/wp-content\/uploads\/2025\/12\/image-45-150x99.png 150w, https:\/\/diariodocomercio.com.br\/mix\/wp-content\/uploads\/2025\/12\/image-45-750x495.png 750w, https:\/\/diariodocomercio.com.br\/mix\/wp-content\/uploads\/2025\/12\/image-45-1140x752.png 1140w, https:\/\/diariodocomercio.com.br\/mix\/wp-content\/uploads\/2025\/12\/image-45.png 1240w\" sizes=\"(max-width: 1200px) 100vw, 1200px\" \/><figcaption class=\"wp-element-caption\">Embarca\u00e7\u00e3o chinesa procurando vest\u00edgios do avi\u00e3o (Reprodu\u00e7\u00e3o\/Zhang Jiansong\/REX)<\/figcaption><\/figure>\n\n\n\n<h2 class=\"wp-block-heading\"><strong>Maior busca da avia\u00e7\u00e3o volta a ser reaberta<\/strong><\/h2>\n\n\n\n<p>O desaparecimento do Boeing 777 mobilizou, entre 2014 e 2017, uma opera\u00e7\u00e3o multinacional que envolveu&nbsp;<strong>60 navios, 50 aeronaves e 26 pa\u00edses<\/strong>. Em 2018, a Ocean Infinity realizou nova busca, que durou tr\u00eas meses, mas tamb\u00e9m sem resultados.<\/p>\n\n\n\n<p>A retomada atual mira regi\u00f5es onde h\u00e1 maior probabilidade de localizar o avi\u00e3o, embora os pontos exatos n\u00e3o tenham sido divulgados. As buscas haviam come\u00e7ado discretamente em mar\u00e7o de 2025, mas foram suspensas devido ao mau tempo.<\/p>\n\n\n\n<p>O voo MH370 perdeu contato com o controle a\u00e9reo&nbsp;<strong>menos de uma hora ap\u00f3s a decolagem<\/strong>. Dados de radar indicam que a aeronave desviou radicalmente de sua rota antes de desaparecer sobre o oceano \u00cdndico. Uma investiga\u00e7\u00e3o conclu\u00edda em 2018 apontou a \u201cmanipula\u00e7\u00e3o intencional dos controles\u201d, mas n\u00e3o conseguiu determinar quem a realizou ou por qu\u00ea. \u201c<strong>A resposta s\u00f3 poder\u00e1 ser conclusiva se o destro\u00e7o for encontrado<\/strong>\u201d, afirmaram os investigadores na \u00e9poca.<\/p>\n\n\n\n<h2 class=\"wp-block-heading\"><strong>Fam\u00edlias voltam a ter esperan\u00e7a<\/strong><\/h2>\n\n\n\n<p>A not\u00edcia traz a tona a expectativa de parentes das v\u00edtimas, que h\u00e1 anos defendem a continuidade das buscas.<\/p>\n\n\n\n<p>\u201cNunca deixamos de desejar respostas, e saber que a busca continuar\u00e1 traz algum conforto\u201d, declarou&nbsp;Danica Weeks, australiana que perdeu o marido, Paul, no voo. \u201cEspero que esta nova fase nos traga a clareza e a paz que procuramos desde 8 de mar\u00e7o de 2014.\u201d<\/p>\n\n\n\n<p>O Minist\u00e9rio das Rela\u00e7\u00f5es Exteriores da Austr\u00e1lia afirmou apoiar \u201c<strong>todos os esfor\u00e7os pr\u00e1ticos para localizar o MH370<\/strong>\u201d e expressou o desejo de que a nova busca \u201ctraga&nbsp;<strong>encerramento \u00e0s fam\u00edlias<\/strong>&nbsp;que h\u00e1 tanto tempo sofrem\u201d.<\/p>\n\n\n\n<p>A China, pa\u00eds com o maior n\u00famero de passageiros a bordo, tamb\u00e9m se manifestou. O porta-voz do Minist\u00e9rio das Rela\u00e7\u00f5es Exteriores,&nbsp;<strong>Lin Jian<\/strong>, disse que Pequim \u201c<strong>aprecia os esfor\u00e7os feitos pelo governo malaio<\/strong>\u201d.<\/p>\n\n\n\n<p>Para&nbsp;<strong>Jiang Hui<\/strong>, cuja m\u00e3e estava no voo, a nova tentativa \u00e9 mais que necess\u00e1ria: \u201cMinha fam\u00edlia&nbsp;<strong>acolhe a continuidade da busca<\/strong>&nbsp;pela Mal\u00e1sia e pela Ocean Infinity\u201d.<\/p>\n","protected":false},"excerpt":{"rendered":"<p>As buscas pelos destro\u00e7os do voo&nbsp;MH370, da Malaysia Airlines, ser\u00e3o retomadas no dia&nbsp;30 de dezembro, segundo anunciou nesta quarta-feira (3) o Minist\u00e9rio dos Transportes da Mal\u00e1sia. O avi\u00e3o desapareceu em&nbsp;8 de mar\u00e7o de 2014 com&nbsp;239 pessoas a bordo&nbsp;enquanto seguia de Kuala Lumpur para Pequim, no epis\u00f3dio que se tornou um dos maiores enigmas da hist\u00f3ria [&hellip;]<\/p>\n","protected":false},"author":9,"featured_media":28026,"comment_status":"closed","ping_status":"closed","sticky":false,"template":"","format":"standard","meta":{"jnews-multi-image_gallery":[],"jnews_single_post":{"format":"standard"},"jnews_primary_category":[],"jnews_social_meta":[],"jnews_override_counter":[],"jnews_post_split":[],"footnotes":""},"categories":[1],"tags":[],"class_list":["post-28022","post","type-post","status-publish","format-standard","has-post-thumbnail","hentry","category-geral"],"_referencia":"","_links":{"self":[{"href":"https:\/\/diariodocomercio.com.br\/mix\/wp-json\/wp\/v2\/posts\/28022","targetHints":{"allow":["GET"]}}],"collection":[{"href":"https:\/\/diariodocomercio.com.br\/mix\/wp-json\/wp\/v2\/posts"}],"about":[{"href":"https:\/\/diariodocomercio.com.br\/mix\/wp-json\/wp\/v2\/types\/post"}],"author":[{"embeddable":true,"href":"https:\/\/diariodocomercio.com.br\/mix\/wp-json\/wp\/v2\/users\/9"}],"replies":[{"embeddable":true,"href":"https:\/\/diariodocomercio.com.br\/mix\/wp-json\/wp\/v2\/comments?post=28022"}],"version-history":[{"count":2,"href":"https:\/\/diariodocomercio.com.br\/mix\/wp-json\/wp\/v2\/posts\/28022\/revisions"}],"predecessor-version":[{"id":28039,"href":"https:\/\/diariodocomercio.com.br\/mix\/wp-json\/wp\/v2\/posts\/28022\/revisions\/28039"}],"wp:featuredmedia":[{"embeddable":true,"href":"https:\/\/diariodocomercio.com.br\/mix\/wp-json\/wp\/v2\/media\/28026"}],"wp:attachment":[{"href":"https:\/\/diariodocomercio.com.br\/mix\/wp-json\/wp\/v2\/media?parent=28022"}],"wp:term":[{"taxonomy":"category","embeddable":true,"href":"https:\/\/diariodocomercio.com.br\/mix\/wp-json\/wp\/v2\/categories?post=28022"},{"taxonomy":"post_tag","embeddable":true,"href":"https:\/\/diariodocomercio.com.br\/mix\/wp-json\/wp\/v2\/tags?post=28022"}],"curies":[{"name":"wp","href":"https:\/\/api.w.org\/{rel}","templated":true}]}}