{"id":28051,"date":"2025-12-03T18:04:00","date_gmt":"2025-12-03T21:04:00","guid":{"rendered":"https:\/\/diariodocomercio.com.br\/mix\/?p=28051"},"modified":"2025-12-03T19:42:24","modified_gmt":"2025-12-03T22:42:24","slug":"praias-de-florianopolis-serao-vendidas-e-terao-novo-nome-neste-verao","status":"publish","type":"post","link":"https:\/\/diariodocomercio.com.br\/mix\/praias-de-florianopolis-serao-vendidas-e-terao-novo-nome-neste-verao\/","title":{"rendered":"Praias de Florian\u00f3polis podem ser vendidas e ganhar novo nome neste ver\u00e3o"},"content":{"rendered":"\n<p><strong>Florian\u00f3polis<\/strong> pode transformar-se em um exemplo pioneiro de parcerias p\u00fablico-privadas, com a recente aprova\u00e7\u00e3o de um projeto de lei que autoriza a venda dos <strong>naming rights<\/strong> para locais p\u00fablicos, inclusive suas famosas praias. Nesta ter\u00e7a-feira, dia 2, a C\u00e2mara de Vereadores da cidade aprovou o Projeto de Lei 19169\/2024, que permite a associa\u00e7\u00e3o de marcas de empresas a eventos e espa\u00e7os p\u00fablicos.<\/p>\n\n\n\n<p>A medida, aprovada por 15 votos favor\u00e1veis e quatro contr\u00e1rios, busca atrair investimentos significativos, enquanto suscita discuss\u00f5es sobre a preserva\u00e7\u00e3o cultural da regi\u00e3o.<\/p>\n\n\n\n<p>O projeto abre a possibilidade de assinaturas de contratos de cess\u00e3o de nomes com empresas, em conformidade com as leis locais. Al\u00e9m de praias, locais como o Mercado P\u00fablico e a Passarela do Samba, e eventos tradicionais como o Carnaval e o R\u00e9veillon podem ter seus nomes vinculados a marcas.<\/p>\n\n\n\n<p>A proposta prev\u00ea a inclus\u00e3o de contrapartidas por parte das empresas, como investimentos em infraestrutura, visando a manuten\u00e7\u00e3o dos espa\u00e7os patrocinados.<\/p>\n\n\n\n<h2 class=\"wp-block-heading\">Impactos<\/h2>\n\n\n\n<p>A implementa\u00e7\u00e3o dos naming rights ser\u00e1 conduzida por meio de um processo licitat\u00f3rio regulamentado por editais. Os contratos assinados dever\u00e3o conter cl\u00e1usulas que garantam investimentos em infraestrutura e manuten\u00e7\u00e3o dos locais patrocinados, al\u00e9m de preservar os nomes originais, que ser\u00e3o apenas complementados pelas marcas.<\/p>\n\n\n\n<p>Este modelo \u00e9 comum no esporte, onde est\u00e1dios adotam nomes de patrocinadores. Florian\u00f3polis agora prop\u00f5e ampliar essa pr\u00e1tica para \u00e1reas de grande visibilidade, atraindo tanto moradores quanto turistas.<\/p>\n","protected":false},"excerpt":{"rendered":"<p>A proposta prev\u00ea a inclus\u00e3o de contrapartidas por parte de empresas, como investimentos em infraestrutura. <\/p>\n","protected":false},"author":12,"featured_media":24070,"comment_status":"closed","ping_status":"closed","sticky":false,"template":"","format":"standard","meta":{"jnews-multi-image_gallery":[],"jnews_single_post":{"format":"standard"},"jnews_primary_category":[],"jnews_social_meta":[],"jnews_override_counter":[],"jnews_post_split":[],"footnotes":""},"categories":[1],"tags":[],"class_list":["post-28051","post","type-post","status-publish","format-standard","has-post-thumbnail","hentry","category-geral"],"_referencia":"","_links":{"self":[{"href":"https:\/\/diariodocomercio.com.br\/mix\/wp-json\/wp\/v2\/posts\/28051","targetHints":{"allow":["GET"]}}],"collection":[{"href":"https:\/\/diariodocomercio.com.br\/mix\/wp-json\/wp\/v2\/posts"}],"about":[{"href":"https:\/\/diariodocomercio.com.br\/mix\/wp-json\/wp\/v2\/types\/post"}],"author":[{"embeddable":true,"href":"https:\/\/diariodocomercio.com.br\/mix\/wp-json\/wp\/v2\/users\/12"}],"replies":[{"embeddable":true,"href":"https:\/\/diariodocomercio.com.br\/mix\/wp-json\/wp\/v2\/comments?post=28051"}],"version-history":[{"count":2,"href":"https:\/\/diariodocomercio.com.br\/mix\/wp-json\/wp\/v2\/posts\/28051\/revisions"}],"predecessor-version":[{"id":28097,"href":"https:\/\/diariodocomercio.com.br\/mix\/wp-json\/wp\/v2\/posts\/28051\/revisions\/28097"}],"wp:featuredmedia":[{"embeddable":true,"href":"https:\/\/diariodocomercio.com.br\/mix\/wp-json\/wp\/v2\/media\/24070"}],"wp:attachment":[{"href":"https:\/\/diariodocomercio.com.br\/mix\/wp-json\/wp\/v2\/media?parent=28051"}],"wp:term":[{"taxonomy":"category","embeddable":true,"href":"https:\/\/diariodocomercio.com.br\/mix\/wp-json\/wp\/v2\/categories?post=28051"},{"taxonomy":"post_tag","embeddable":true,"href":"https:\/\/diariodocomercio.com.br\/mix\/wp-json\/wp\/v2\/tags?post=28051"}],"curies":[{"name":"wp","href":"https:\/\/api.w.org\/{rel}","templated":true}]}}