{"id":28063,"date":"2025-12-03T18:29:00","date_gmt":"2025-12-03T21:29:00","guid":{"rendered":"https:\/\/diariodocomercio.com.br\/mix\/?p=28063"},"modified":"2025-12-03T18:18:35","modified_gmt":"2025-12-03T21:18:35","slug":"por-que-crocodilos-e-jacares-nao-comem-capivaras","status":"publish","type":"post","link":"https:\/\/diariodocomercio.com.br\/mix\/por-que-crocodilos-e-jacares-nao-comem-capivaras\/","title":{"rendered":"Por que crocodilos e jacar\u00e9s n\u00e3o comem capivaras?"},"content":{"rendered":"\n<p>Por que os <strong>jacar\u00e9s ignoram capivaras<\/strong> em seus habitats compartilhados? Essa quest\u00e3o intriga pesquisadores e ambientalistas h\u00e1 tempos. Capivaras e jacar\u00e9s convivem em ambientes aqu\u00e1ticos da Am\u00e9rica do Sul. Espera-se um comportamento predat\u00f3rio, mas a conviv\u00eancia pac\u00edfica prevalece.\u00a0<\/p>\n\n\n\n<p>Quem observa esta intera\u00e7\u00e3o pode questionar a harmonia da cadeia alimentar. Entretanto, aspectos f\u00edsicos e sociais das capivaras explicam essa din\u00e2mica.<\/p>\n\n\n\n<p>As capivaras s\u00e3o proativas em sua preserva\u00e7\u00e3o. Elas vivem em grupos, usam vocaliza\u00e7\u00f5es de alerta e nadam com agilidade para evitar predadores, como os jacar\u00e9s. Embora estejam na mesma cadeia alimentar, preferem coexistir pacificamente.<\/p>\n\n\n\n<p>Estudos sugerem que o risco de um ataque pode n\u00e3o valer a pena para os jacar\u00e9s. Essas condi\u00e7\u00f5es permitem que ambas esp\u00e9cies compartilhem o mesmo habitat sem conflitos frequentes.<\/p>\n\n\n\n<h2 class=\"wp-block-heading\">A presen\u00e7a da capivara nas \u00e1reas urbanas<\/h2>\n\n\n\n<p>Capivaras tamb\u00e9m prosperam em ambientes urbanos. Elas se adaptam bem a lares no meio urbano, como parques e lagos. Nessas \u00e1reas, encontram abrigo e alimento, afastadas de predadores naturais.<\/p>\n\n\n\n<p>A presen\u00e7a de \u00e1reas verdes e \u00e1guas na cidade oferece um ref\u00fagio seguro. Em Curitiba, as capivaras passaram a adotar h\u00e1bitos noturnos para evitar a atividade humana, mostrando sua capacidade adaptativa.<\/p>\n\n\n\n<h2 class=\"wp-block-heading\">Estrutura social e estrat\u00e9gias de defesa<\/h2>\n\n\n\n<p>A estrutura social das capivaras, que vivem em grupos, serve de prote\u00e7\u00e3o contra amea\u00e7as. S\u00e3o h\u00e1beis na defesa, com incisivos fortes e agilidade na \u00e1gua, elementos que desencorajam predadores.<\/p>\n\n\n\n<p>Sua <strong>dieta herb\u00edvora<\/strong> garante que n\u00e3o competem diretamente por comida com os jacar\u00e9s e crocodilos. Assim, a coexist\u00eancia \u00e9 facilitada, evitando confrontos desnecess\u00e1rios.<\/p>\n","protected":false},"excerpt":{"rendered":"<p>Essa quest\u00e3o intriga pesquisadores e ambientalistas h\u00e1 tempos. <\/p>\n","protected":false},"author":12,"featured_media":28066,"comment_status":"closed","ping_status":"closed","sticky":false,"template":"","format":"standard","meta":{"jnews-multi-image_gallery":[],"jnews_single_post":{"format":"standard"},"jnews_primary_category":[],"jnews_social_meta":[],"jnews_override_counter":[],"jnews_post_split":[],"footnotes":""},"categories":[1],"tags":[],"class_list":["post-28063","post","type-post","status-publish","format-standard","has-post-thumbnail","hentry","category-geral"],"_referencia":"","_links":{"self":[{"href":"https:\/\/diariodocomercio.com.br\/mix\/wp-json\/wp\/v2\/posts\/28063","targetHints":{"allow":["GET"]}}],"collection":[{"href":"https:\/\/diariodocomercio.com.br\/mix\/wp-json\/wp\/v2\/posts"}],"about":[{"href":"https:\/\/diariodocomercio.com.br\/mix\/wp-json\/wp\/v2\/types\/post"}],"author":[{"embeddable":true,"href":"https:\/\/diariodocomercio.com.br\/mix\/wp-json\/wp\/v2\/users\/12"}],"replies":[{"embeddable":true,"href":"https:\/\/diariodocomercio.com.br\/mix\/wp-json\/wp\/v2\/comments?post=28063"}],"version-history":[{"count":1,"href":"https:\/\/diariodocomercio.com.br\/mix\/wp-json\/wp\/v2\/posts\/28063\/revisions"}],"predecessor-version":[{"id":28080,"href":"https:\/\/diariodocomercio.com.br\/mix\/wp-json\/wp\/v2\/posts\/28063\/revisions\/28080"}],"wp:featuredmedia":[{"embeddable":true,"href":"https:\/\/diariodocomercio.com.br\/mix\/wp-json\/wp\/v2\/media\/28066"}],"wp:attachment":[{"href":"https:\/\/diariodocomercio.com.br\/mix\/wp-json\/wp\/v2\/media?parent=28063"}],"wp:term":[{"taxonomy":"category","embeddable":true,"href":"https:\/\/diariodocomercio.com.br\/mix\/wp-json\/wp\/v2\/categories?post=28063"},{"taxonomy":"post_tag","embeddable":true,"href":"https:\/\/diariodocomercio.com.br\/mix\/wp-json\/wp\/v2\/tags?post=28063"}],"curies":[{"name":"wp","href":"https:\/\/api.w.org\/{rel}","templated":true}]}}