{"id":2807,"date":"2025-02-13T17:31:02","date_gmt":"2025-02-13T20:31:02","guid":{"rendered":"https:\/\/diariodocomercio.com.br\/mix\/?p=2807"},"modified":"2025-02-13T17:31:03","modified_gmt":"2025-02-13T20:31:03","slug":"uber-passa-por-alteracao-e-novas-regras-ja-estao-valendo-voce-pode-exigir-ar-condicionado","status":"publish","type":"post","link":"https:\/\/diariodocomercio.com.br\/mix\/uber-passa-por-alteracao-e-novas-regras-ja-estao-valendo-voce-pode-exigir-ar-condicionado\/","title":{"rendered":"Uber passa por altera\u00e7\u00e3o e novas regras j\u00e1 est\u00e3o valendo: voc\u00ea pode exigir ar-condicionado"},"content":{"rendered":"\n<p>A Uber \u00e9 um dos aplicativos de transportes mais populares do Brasil, mas existem algumas regras que precisam ser atualizadas, para que os usu\u00e1rios continuem se sentindo satisfeitos com os servi\u00e7os. Desta vez, a novidade anunciada pela empresa \u00e9 que os passageiros ter\u00e3o o direito de exibir que o motorista mantenha o ar-condicionado ligado durante toda a viagem. Essa medida n\u00e3o \u00e9 uma recomenda\u00e7\u00e3o, mas sim uma obriga\u00e7\u00e3o para os motoristas de cumprir, de acordo com a nova legisla\u00e7\u00e3o imposta por estados como o Rio de Janeiro.<\/p>\n\n\n\n<p>A partir deste ano, a Uber implantou essa altera\u00e7\u00e3o, visando melhorar a experi\u00eancia dos usu\u00e1rios, refor\u00e7ou o cumprimento dessa medida para garantir mais conforto, especialmente nos per\u00edodos de calor extremo que afligem muitas cidades brasileiras. Vale ressaltar que antes, o uso do ar-condicionado poderia ser solicitado por usu\u00e1rios que escolhessem a modalidade Comfort. Mas, de acordo com a empresa, o aparelho de refrigera\u00e7\u00e3o \u00e9 um requisito para motoristas de qualquer categoria do aplicativo (Uber X, Uber Comfort e Uber Black).&nbsp;<\/p>\n\n\n\n<h2 class=\"wp-block-heading\">Entenda a mudan\u00e7a da Uber pelo uso do ar-condicionado<\/h2>\n\n\n\n<p>O usu\u00e1rio ter\u00e1 a liberdade de pedir que o ar-condicionado seja ligado, pois \u00e9 uma diretriz da empresa que todos os motoristas parceiros tenham ve\u00edculos compat\u00edveis com esse item. Essa exig\u00eancia faz parte dos requisitos b\u00e1sicos do aplicativo e a empresa ressalta que deve funcionar durante toda a corrida: <em>&#8220;o C\u00f3digo da Comunidade estabelece que o motorista parceiro deve realizar manuten\u00e7\u00e3o para garantir as condi\u00e7\u00f5es de funcionamento de todos os itens do ve\u00edculo, o que inclui o ar-condicionado&#8221;.<\/em><\/p>\n\n\n\n<p>Segundo a Uber, os motoristas da categoria Uber X e das demais devem levar em conta que o ar-condicionado faz parte do bem-estar dele e dos passageiros, portanto, s\u00e3o obrigados a ligar quando o usu\u00e1rio solicitar. No documento divulgado, a empresa afirma que <em>&#8220;\u00e9 esperado que durante as viagens o ar-condicionado seja utilizado, em todas as modalidades de viagem, para proporcionar temperatura confort\u00e1vel para ambos ao longo do trajeto&#8221;.<\/em><\/p>\n","protected":false},"excerpt":{"rendered":"<p>A Uber \u00e9 um dos aplicativos de transportes mais populares do Brasil, mas existem algumas regras que precisam ser atualizadas, para que os usu\u00e1rios continuem se sentindo satisfeitos com os servi\u00e7os. Desta vez, a novidade anunciada pela empresa \u00e9 que os passageiros ter\u00e3o o direito de exibir que o motorista mantenha o ar-condicionado ligado durante [&hellip;]<\/p>\n","protected":false},"author":7,"featured_media":2808,"comment_status":"closed","ping_status":"closed","sticky":false,"template":"","format":"standard","meta":{"jnews-multi-image_gallery":[],"jnews_single_post":{"format":"standard"},"jnews_primary_category":[],"jnews_social_meta":[],"jnews_override_counter":[],"jnews_post_split":[],"footnotes":""},"categories":[1],"tags":[],"class_list":["post-2807","post","type-post","status-publish","format-standard","has-post-thumbnail","hentry","category-geral"],"_referencia":"","_links":{"self":[{"href":"https:\/\/diariodocomercio.com.br\/mix\/wp-json\/wp\/v2\/posts\/2807","targetHints":{"allow":["GET"]}}],"collection":[{"href":"https:\/\/diariodocomercio.com.br\/mix\/wp-json\/wp\/v2\/posts"}],"about":[{"href":"https:\/\/diariodocomercio.com.br\/mix\/wp-json\/wp\/v2\/types\/post"}],"author":[{"embeddable":true,"href":"https:\/\/diariodocomercio.com.br\/mix\/wp-json\/wp\/v2\/users\/7"}],"replies":[{"embeddable":true,"href":"https:\/\/diariodocomercio.com.br\/mix\/wp-json\/wp\/v2\/comments?post=2807"}],"version-history":[{"count":1,"href":"https:\/\/diariodocomercio.com.br\/mix\/wp-json\/wp\/v2\/posts\/2807\/revisions"}],"predecessor-version":[{"id":2809,"href":"https:\/\/diariodocomercio.com.br\/mix\/wp-json\/wp\/v2\/posts\/2807\/revisions\/2809"}],"wp:featuredmedia":[{"embeddable":true,"href":"https:\/\/diariodocomercio.com.br\/mix\/wp-json\/wp\/v2\/media\/2808"}],"wp:attachment":[{"href":"https:\/\/diariodocomercio.com.br\/mix\/wp-json\/wp\/v2\/media?parent=2807"}],"wp:term":[{"taxonomy":"category","embeddable":true,"href":"https:\/\/diariodocomercio.com.br\/mix\/wp-json\/wp\/v2\/categories?post=2807"},{"taxonomy":"post_tag","embeddable":true,"href":"https:\/\/diariodocomercio.com.br\/mix\/wp-json\/wp\/v2\/tags?post=2807"}],"curies":[{"name":"wp","href":"https:\/\/api.w.org\/{rel}","templated":true}]}}