{"id":28089,"date":"2025-12-06T19:06:00","date_gmt":"2025-12-06T22:06:00","guid":{"rendered":"https:\/\/diariodocomercio.com.br\/mix\/?p=28089"},"modified":"2025-12-03T18:55:19","modified_gmt":"2025-12-03T21:55:19","slug":"gasolina-pode-ultrapassar-r-10-e-brasileiros-estao-preocupados","status":"publish","type":"post","link":"https:\/\/diariodocomercio.com.br\/mix\/gasolina-pode-ultrapassar-r-10-e-brasileiros-estao-preocupados\/","title":{"rendered":"Gasolina pode ultrapassar R$ 10 e brasileiros est\u00e3o preocupados"},"content":{"rendered":"\n<p>A expectativa por uma nova greve dos caminhoneiros no Brasil ganha for\u00e7a. Caminhoneiros de v\u00e1rias regi\u00f5es realizaram uma <strong>paralisa\u00e7\u00e3o nacional <\/strong>em 4 de dezembro. O movimento traz mem\u00f3rias de 2018, quando uma greve similar levou o pre\u00e7o da gasolina a altos valores, prejudicando a economia do pa\u00eds.<\/p>\n\n\n\n<p>A mobiliza\u00e7\u00e3o atual acontece em meio \u00e0 insatisfa\u00e7\u00e3o com as condi\u00e7\u00f5es de trabalho, aumento nos custos de opera\u00e7\u00e3o e eleva\u00e7\u00e3o do Imposto sobre Circula\u00e7\u00e3o de Mercadorias e Servi\u00e7os (ICMS). A possibilidade de novos reajustes no diesel intensifica a tens\u00e3o. O governo e a sociedade est\u00e3o em alerta.<\/p>\n\n\n\n<h2 class=\"wp-block-heading\">Por que o pre\u00e7o do combust\u00edvel preocupa?<\/h2>\n\n\n\n<p>A greve de 2018 destacou o impacto potencial de uma nova paralisa\u00e7\u00e3o. O desabastecimento de produtos essenciais foi um problema s\u00e9rio devido ao aumento dos pre\u00e7os dos combust\u00edveis.<\/p>\n\n\n\n<p>Atualmente, o pre\u00e7o m\u00e9dio da gasolina \u00e9 de R$ 6,38 por litro, o que levanta preocupa\u00e7\u00f5es sobre uma repeti\u00e7\u00e3o dos eventos passados. Com o prosseguimento da paralisa\u00e7\u00e3o, o valor do combust\u00edvel pode <strong>ultrapassar os R$ 10 por litro<\/strong>, segundo proje\u00e7\u00f5es.<\/p>\n\n\n\n<p>Os caminhoneiros s\u00e3o fundamentais na log\u00edstica do pa\u00eds. Eles alegam que as condi\u00e7\u00f5es de trabalho s\u00e3o injustas e, sem melhorias, realizar a greve \u00e9 a \u00fanica alternativa para expressar suas demandas de forma mais enf\u00e1tica.<\/p>\n\n\n\n<p>Apesar da mobiliza\u00e7\u00e3o crescer, h\u00e1 divis\u00e3o entre os caminhoneiros. Parte se op\u00f5e \u00e0 greve, apontando motiva\u00e7\u00f5es pol\u00edticas e poss\u00edveis impactos negativos na economia. A situa\u00e7\u00e3o \u00e9 complexa, com receios de preju\u00edzos financeiros se a paralisa\u00e7\u00e3o acontecer.<\/p>\n","protected":false},"excerpt":{"rendered":"<p>Movimento traz mem\u00f3rias de 2018, quando uma greve levou o pre\u00e7o da gasolina a altos valores.<\/p>\n","protected":false},"author":12,"featured_media":10572,"comment_status":"closed","ping_status":"closed","sticky":false,"template":"","format":"standard","meta":{"jnews-multi-image_gallery":[],"jnews_single_post":{"format":"standard"},"jnews_primary_category":[],"jnews_social_meta":[],"jnews_override_counter":[],"jnews_post_split":[],"footnotes":""},"categories":[1],"tags":[],"class_list":["post-28089","post","type-post","status-publish","format-standard","has-post-thumbnail","hentry","category-geral"],"_referencia":"","_links":{"self":[{"href":"https:\/\/diariodocomercio.com.br\/mix\/wp-json\/wp\/v2\/posts\/28089","targetHints":{"allow":["GET"]}}],"collection":[{"href":"https:\/\/diariodocomercio.com.br\/mix\/wp-json\/wp\/v2\/posts"}],"about":[{"href":"https:\/\/diariodocomercio.com.br\/mix\/wp-json\/wp\/v2\/types\/post"}],"author":[{"embeddable":true,"href":"https:\/\/diariodocomercio.com.br\/mix\/wp-json\/wp\/v2\/users\/12"}],"replies":[{"embeddable":true,"href":"https:\/\/diariodocomercio.com.br\/mix\/wp-json\/wp\/v2\/comments?post=28089"}],"version-history":[{"count":2,"href":"https:\/\/diariodocomercio.com.br\/mix\/wp-json\/wp\/v2\/posts\/28089\/revisions"}],"predecessor-version":[{"id":28091,"href":"https:\/\/diariodocomercio.com.br\/mix\/wp-json\/wp\/v2\/posts\/28089\/revisions\/28091"}],"wp:featuredmedia":[{"embeddable":true,"href":"https:\/\/diariodocomercio.com.br\/mix\/wp-json\/wp\/v2\/media\/10572"}],"wp:attachment":[{"href":"https:\/\/diariodocomercio.com.br\/mix\/wp-json\/wp\/v2\/media?parent=28089"}],"wp:term":[{"taxonomy":"category","embeddable":true,"href":"https:\/\/diariodocomercio.com.br\/mix\/wp-json\/wp\/v2\/categories?post=28089"},{"taxonomy":"post_tag","embeddable":true,"href":"https:\/\/diariodocomercio.com.br\/mix\/wp-json\/wp\/v2\/tags?post=28089"}],"curies":[{"name":"wp","href":"https:\/\/api.w.org\/{rel}","templated":true}]}}