{"id":28092,"date":"2025-12-03T19:45:50","date_gmt":"2025-12-03T22:45:50","guid":{"rendered":"https:\/\/diariodocomercio.com.br\/mix\/?p=28092"},"modified":"2025-12-03T19:45:52","modified_gmt":"2025-12-03T22:45:52","slug":"leo-pereira-do-flamengo-estaria-vivendo-romance-com-atleta-da-selecao-brasileira-feminina","status":"publish","type":"post","link":"https:\/\/diariodocomercio.com.br\/mix\/leo-pereira-do-flamengo-estaria-vivendo-romance-com-atleta-da-selecao-brasileira-feminina\/","title":{"rendered":"L\u00e9o Pereira, do Flamengo, estaria vivendo romance com atleta da sele\u00e7\u00e3o brasileira feminina"},"content":{"rendered":"\n<p>O poss\u00edvel romance entre o zagueiro <strong>L\u00e9o Pereira<\/strong>, do Flamengo, e a ginasta ol\u00edmpica <strong>Fl\u00e1via Saraiva<\/strong> tomou conta das redes sociais desde o fim de semana da conquista do tetracampeonato da Libertadores. Segundo relatos de convidados da comemora\u00e7\u00e3o realizada no \u00faltimo domingo (30), na casa do jogador Carrascal, na Barra da Tijuca, o casal teria trocado beijos e deixado o local juntos \u2014 informa\u00e7\u00e3o divulgada inicialmente pelo jornal <em>Extra<\/em>.<\/p>\n\n\n\n<p>Fontes presentes \u00e0 celebra\u00e7\u00e3o afirmaram que os dois seguiram da casa do anfitri\u00e3o para a resid\u00eancia de L\u00e9o Pereira, tamb\u00e9m na Barra. De acordo com uma pessoa pr\u00f3xima ao atleta, Fl\u00e1via teria passado a noite no local e sa\u00eddo apenas na manh\u00e3 de segunda-feira, rumo ao treino no Comit\u00ea Ol\u00edmpico do Brasil (COB).<\/p>\n\n\n\n<p>A repercuss\u00e3o nas redes cresceu ainda mais quando Fl\u00e1via fechou os coment\u00e1rios de suas postagens no Instagram, ap\u00f3s multiplica\u00e7\u00e3o de mensagens, boatos e at\u00e9 ataques.<\/p>\n\n\n\n<figure class=\"wp-block-image size-full\"><img decoding=\"async\" width=\"1200\" height=\"740\" src=\"https:\/\/diariodocomercio.com.br\/mix\/wp-content\/uploads\/2025\/12\/image-50.png\" alt=\"\" class=\"wp-image-28101\" srcset=\"https:\/\/diariodocomercio.com.br\/mix\/wp-content\/uploads\/2025\/12\/image-50.png 1200w, https:\/\/diariodocomercio.com.br\/mix\/wp-content\/uploads\/2025\/12\/image-50-300x185.png 300w, https:\/\/diariodocomercio.com.br\/mix\/wp-content\/uploads\/2025\/12\/image-50-768x474.png 768w, https:\/\/diariodocomercio.com.br\/mix\/wp-content\/uploads\/2025\/12\/image-50-150x93.png 150w, https:\/\/diariodocomercio.com.br\/mix\/wp-content\/uploads\/2025\/12\/image-50-750x463.png 750w, https:\/\/diariodocomercio.com.br\/mix\/wp-content\/uploads\/2025\/12\/image-50-1140x703.png 1140w\" sizes=\"(max-width: 1200px) 100vw, 1200px\" \/><figcaption class=\"wp-element-caption\">Fl\u00e1via Saraiva<\/figcaption><\/figure>\n\n\n\n<h2 class=\"wp-block-heading\"><strong>Assessoria de Fl\u00e1via nega romance<\/strong><\/h2>\n\n\n\n<p>Diante das especula\u00e7\u00f5es, a assessoria da ginasta \u2014 medalhista ol\u00edmpica em Paris 2024 e bronze no Mundial de 2023 \u2014 divulgou uma nota negando qualquer envolvimento amoroso com o jogador.<\/p>\n\n\n\n<blockquote class=\"wp-block-quote is-layout-flow wp-block-quote-is-layout-flow\">\n<p><strong>\u201cA ginasta n\u00e3o tem nenhum tipo de envolvimento com ningu\u00e9m neste momento. Fl\u00e1via est\u00e1 solteira, \u00e9 uma atleta profissional e teve sua vida pessoal invadida de forma irrespons\u00e1vel. Os ataques na internet s\u00e3o cru\u00e9is e inaceit\u00e1veis. Esperamos respeito por parte de todos\u201d,<\/strong> afirmou a equipe de comunica\u00e7\u00e3o da atleta, em nota enviada ao <em>gshow<\/em>.<\/p>\n<\/blockquote>\n\n\n\n<p>A coluna de F\u00e1bia Oliveira j\u00e1 havia revelado, anteriormente, que Fl\u00e1via estava solteira desde 11 de novembro, quando terminou o relacionamento com T\u00falio Filho, conhecido como Tulinho, filho do ex-jogador T\u00falio Maravilha.<\/p>\n\n\n\n<h2 class=\"wp-block-heading\"><strong>Repercuss\u00e3o gera cr\u00edticas entre famosos<\/strong><\/h2>\n\n\n\n<p>A cobertura do suposto affair tamb\u00e9m gerou rea\u00e7\u00e3o de artistas e influenciadores. Ap\u00f3s um portal publicar uma mat\u00e9ria intitulada \u201cQuem \u00e9 Fl\u00e1via Saraiva?\u201d, cr\u00edticas surgiram nas redes \u2014 muitas apontando desrespeito com a ginasta, uma das principais atletas da hist\u00f3ria recente da gin\u00e1stica art\u00edstica brasileira.<\/p>\n\n\n\n<p>A cantora <strong>MC Rebecca<\/strong> ironizou: \u201c<em>Quem \u00e9 Fl\u00e1via Saraiva? Est\u00e3o de sacanagem mesmo<\/em>\u201d. A influenciadora <strong>Giulia Costa<\/strong> e as atletas <strong>Bia e Branca Feres<\/strong> tamb\u00e9m expressaram apoio \u00e0 ginasta, criticando a abordagem da imprensa.<\/p>\n","protected":false},"excerpt":{"rendered":"<p>O poss\u00edvel romance entre o zagueiro L\u00e9o Pereira, do Flamengo, e a ginasta ol\u00edmpica Fl\u00e1via Saraiva tomou conta das redes sociais desde o fim de semana da conquista do tetracampeonato da Libertadores. Segundo relatos de convidados da comemora\u00e7\u00e3o realizada no \u00faltimo domingo (30), na casa do jogador Carrascal, na Barra da Tijuca, o casal teria [&hellip;]<\/p>\n","protected":false},"author":9,"featured_media":28098,"comment_status":"closed","ping_status":"closed","sticky":false,"template":"","format":"standard","meta":{"jnews-multi-image_gallery":[],"jnews_single_post":{"format":"standard"},"jnews_primary_category":[],"jnews_social_meta":[],"jnews_override_counter":[],"jnews_post_split":[],"footnotes":""},"categories":[1],"tags":[],"class_list":["post-28092","post","type-post","status-publish","format-standard","has-post-thumbnail","hentry","category-geral"],"_referencia":"","_links":{"self":[{"href":"https:\/\/diariodocomercio.com.br\/mix\/wp-json\/wp\/v2\/posts\/28092","targetHints":{"allow":["GET"]}}],"collection":[{"href":"https:\/\/diariodocomercio.com.br\/mix\/wp-json\/wp\/v2\/posts"}],"about":[{"href":"https:\/\/diariodocomercio.com.br\/mix\/wp-json\/wp\/v2\/types\/post"}],"author":[{"embeddable":true,"href":"https:\/\/diariodocomercio.com.br\/mix\/wp-json\/wp\/v2\/users\/9"}],"replies":[{"embeddable":true,"href":"https:\/\/diariodocomercio.com.br\/mix\/wp-json\/wp\/v2\/comments?post=28092"}],"version-history":[{"count":1,"href":"https:\/\/diariodocomercio.com.br\/mix\/wp-json\/wp\/v2\/posts\/28092\/revisions"}],"predecessor-version":[{"id":28102,"href":"https:\/\/diariodocomercio.com.br\/mix\/wp-json\/wp\/v2\/posts\/28092\/revisions\/28102"}],"wp:featuredmedia":[{"embeddable":true,"href":"https:\/\/diariodocomercio.com.br\/mix\/wp-json\/wp\/v2\/media\/28098"}],"wp:attachment":[{"href":"https:\/\/diariodocomercio.com.br\/mix\/wp-json\/wp\/v2\/media?parent=28092"}],"wp:term":[{"taxonomy":"category","embeddable":true,"href":"https:\/\/diariodocomercio.com.br\/mix\/wp-json\/wp\/v2\/categories?post=28092"},{"taxonomy":"post_tag","embeddable":true,"href":"https:\/\/diariodocomercio.com.br\/mix\/wp-json\/wp\/v2\/tags?post=28092"}],"curies":[{"name":"wp","href":"https:\/\/api.w.org\/{rel}","templated":true}]}}