{"id":28112,"date":"2025-12-04T07:47:31","date_gmt":"2025-12-04T10:47:31","guid":{"rendered":"https:\/\/diariodocomercio.com.br\/mix\/?p=28112"},"modified":"2025-12-04T18:24:16","modified_gmt":"2025-12-04T21:24:16","slug":"familias-receberao-credito-de-r-200-para-a-compra-de-material-escolar-em-2026","status":"publish","type":"post","link":"https:\/\/diariodocomercio.com.br\/mix\/familias-receberao-credito-de-r-200-para-a-compra-de-material-escolar-em-2026\/","title":{"rendered":"Fam\u00edlias receber\u00e3o cr\u00e9dito de R$ 200 para a compra de material escolar em 2026"},"content":{"rendered":"\n<p>A partir de 2026, fam\u00edlias de estudantes da rede municipal de Londrina receber\u00e3o um&nbsp;<strong>cr\u00e9dito de at\u00e9 R$ 200<\/strong>&nbsp;destinado exclusivamente \u00e0 compra de material escolar. A medida integra o&nbsp;<strong>Programa Cart\u00e3o Material Escolar<\/strong>, criado pela&nbsp;<strong>Lei n\u00ba 14.031<\/strong>&nbsp;e sancionado pelo prefeito&nbsp;<strong>Tiago Amaral (PSD)<\/strong>. O cart\u00e3o ser\u00e1 entregue aos pais ou respons\u00e1veis e poder\u00e1 ser utilizado apenas em estabelecimentos credenciados pela Secretaria Municipal de Educa\u00e7\u00e3o (SME).<\/p>\n\n\n\n<p>O programa contemplar\u00e1&nbsp;<strong>todos os alunos dos CMEIs, CEIs e da Educa\u00e7\u00e3o de Jovens e Adultos (EJA)<\/strong>&nbsp;\u2014 cerca de 48 mil crian\u00e7as, jovens e adultos. O valor do cr\u00e9dito ser\u00e1 definido anualmente, com base no custo m\u00e9dio dos materiais no com\u00e9rcio local, e variar\u00e1 conforme a idade do estudante.<\/p>\n\n\n\n<h2 class=\"wp-block-heading\">Aux\u00edlio para material escolar <\/h2>\n\n\n\n<p>Segundo a secret\u00e1ria municipal de Educa\u00e7\u00e3o,&nbsp;<strong>Vania da Costa<\/strong>, o modelo foi inspirado em iniciativas j\u00e1 adotadas por outras cidades.<\/p>\n\n\n\n<blockquote class=\"wp-block-quote is-layout-flow wp-block-quote-is-layout-flow\">\n<p><em>\u201cBuscamos refer\u00eancias em iniciativas semelhantes para implementar em Londrina uma proposta inovadora, que beneficiar\u00e1 nossos alunos e toda a comunidade escolar\u201d<\/em>, afirmou.<\/p>\n<\/blockquote>\n\n\n\n<p>O valor m\u00e1ximo estimado \u00e9 de&nbsp;<strong>R$ 200<\/strong>, destinado aos estudantes das etapas mais avan\u00e7adas. Crian\u00e7as menores, que demandam menos materiais, receber\u00e3o quantias proporcionais.<\/p>\n\n\n\n<h2 class=\"wp-block-heading\"><strong>Cart\u00e3o ter\u00e1 controle r\u00edgido e uso restrito<\/strong><\/h2>\n\n\n<style>@media (min-width: 992px) {\n    .recomendadorV2Area1 {\n        width: 280px;\n    }\n    .recomendadorV2Area2 {\n        padding: 0px 20px;\n        width: calc(100% - 280px);\n    }\n}\n\n@media (max-width: 992px) {\n    .recomendadorV2Button {\n        margin: 0 auto;\n    }\n    .recomendadorV2Area {\n        flex-direction: column;\n        text-align: center;\n    }\n    .recomendadorV2Area2 {\n        padding: 0px 20px;\n    }\n}\n\n.recomendadorV2Area {\n    background: #eeeeee3d;\n    border-radius: 10px;\n    padding: 15px;\n    display: flex;\n    margin: 15px auto;\n    border: 1px solid #00000014;\n    max-width: 800px;\n}\n\n.recomendadorV2Area1 img {\n    width: 280px;\n    height: auto;\n    border-radius: 8px;\n}\n\n.linkrecomendadorv2 {\n    text-decoration: none !important;\n}\n\n.recomendadorV2Area2 .recomendadorV2Type {\n    text-transform: uppercase;\n    font-weight: 500;\n    font-size: 11px;\n    letter-spacing: 2px;\n    color: #666;\n    margin: 12px 0;\n    display: block;\n}\n\n.recomendadorV2Title h2 {\n    padding-top: 0px !important;\n    margin: 0px !important;\n    border-left: none !important;\n    padding-left: 0px !important;\n    line-height: 1.3;\n    color: #000 !important;\n    font-size: 24px;\n    margin-bottom: 12px !important;\n}\n\n.recomendadorV2Desc {\n    color: #333;\n    margin: 12px 0px !important;\n    font-size: 15px;\n    line-height: 1.5;\n}\n\n.recomendadorV2Button {\n    width: auto;\n    max-width: 200px;\n    margin: 0;\n    display: inline-flex;\n    align-items: center;\n    background: #1D3557;\n    border-radius: 8px;\n    color: #fff;\n    height: 36px;\n    justify-content: center;\n    text-align: center;\n    font-size: 14px;\n    padding: 0 20px;\n    transition: background-color 0.2s ease;\n}\n\n.recomendadorV2Button:hover {\n    background: #2a4d7a;\n}\n\n.recomendadorV2Button:after {\n    margin-top: -2px;\n    content: \"\u2192\";\n    padding: 0px 0px 0px 8px;\n}\n\n.recomendadorV2Alert {\n    text-align: left;\n    font-size: 11px;\n    margin-top: 8px;\n    color: #666;\n}\n\n.recomendadorFixedArea {\n    width: 100%;\n    display: flex;\n    justify-content: center;\n    align-items: center;\n}\n\n@media (min-width: 992px) {\n    #recomendadorFixed {\n        width: 32% !important;\n        left: 5%;\n    }\n    .recomendadorCloseFixed{\n        right: inherit !important;\n        left: 378px !important;\n    }\n}\n\n#recomendadorFixed {\n    width: 90%;\n    box-shadow: 0 10px 20px 0px #00000057;\n    display: none;\n    height: 90px;\n    background: #F6F6F6;\n    position: fixed;\n    flex-direction: row;\n    bottom: 10px;\n    z-index: 9999;\n    border-radius: 16px;\n    padding: 7px 10px;\n}\n\n.recomendadorLeftArea {\n    width: 160px;\n}\n\n.recomendadorRightArea h2 {\n    padding-top: 0px;\n    margin: 2px 0px 4px 0px !important;\n    font-weight: 400;\n    text-align: center;\n    padding-left: 0px !important;\n    color: #000 !important;\n    border-left: none !important;\n    line-height: 20px;\n    font-size: 12px !important;\n}\n\n.recomendadorImgFixed {\n    overflow: hidden;\n    padding: 8px 6px;\n    height: 100%;\n}\n\n.recomendadorImgFixed img {\n    height: 100% !important;\n    border-radius: 16px;\n}\n\n.recomendadorRightArea {\n    padding-top: 6px;\n    display: flex;\n    width: calc(100% - 130px);\n    justify-content: space-between;\n    align-items: center;\n    flex-direction: column;\n}\n\n.recomendadorButtonFixed {\n    margin: 0 auto;\n    background: #1D3557;\n    width: 80%;\n    text-align: center;\n    font-size: 10px;\n    color: #FFF;\n    padding: 2px 10px;\n    border-radius: 3px;\n}\n\n.recomendadorButtonFixed:after {\n    margin-top: -3px;\n    content: \"\u2192\";\n    padding: 0px 0px 0px 10px;\n}\n\n.recomendadorAlertFixed {\n    font-weight: 400;\n    text-align: center;\n    color: #484848;\n    font-size: 8px;\n}\n\n.recomendadorCloseFixed {\n    z-index: 99999;\n    display: none;\n    right: 0px;\n    left: inherit;\n    bottom: 99px;\n    position: fixed;\n    justify-content: center;\n    background: #F6F6F6;\n    width: 25px;\n    align-items: center;\n    height: 25px;\n    font-weight: 800;\n    border-radius: 50%;\n    border: 1px solid #EBEBEB;\n}\n\n.recomendadorV2Desc{\n    color: #000000;\n    margin: 20px 0px;\n}\n\n@media (max-width: 576px) {\n    .recomendadorV2Area {\n      padding: 10px;\n      max-width: 100%;\n    }\n  \n    .recomendadorV2Area1 img {\n      width: 100%;\n      border-radius: 6px;\n    }\n  \n    .recomendadorV2Area2 .recomendadorV2Type {\n      font-size: 9px;\n      letter-spacing: 1px;\n      margin: 8px 0;\n    }\n  \n    .recomendadorV2Title h2 {\n      font-size: 18px !important;\n      margin-bottom: 8px !important;\n      line-height: 1.2;\n    }\n  \n    .recomendadorV2Desc {\n      font-size: 14px;\n      margin: 8px 0 !important;\n      line-height: 1.4;\n    }\n  \n    .recomendadorV2Button {\n      font-size: 14px;\n      height: 40px;\n      padding: 0 12px;\n      max-width: 100%;\n      width: 100%;\n    }\n  \n    .recomendadorV2Button:after {\n      padding-left: 6px;\n    }\n  }\n  <\/style>\n        <div class=\"lazyblock-recomendador-v2-2jDGz wp-block-lazyblock-recomendador-v2\">\n        <a class=\"linkrecomendadorv2\" href=\"https:\/\/diariodocomercio.com.br\/mix\/alem-da-aposentadoria-inss-anuncia-presente-de-natal-para-milhoes-de-idosos-ate-05-12\/?utm_source=lazy\">\n            <div class=\"recomendadorV2Area\">\n            <div class=\"recomendadorV2Area1\">\n                <div class=\"recomendadorV2Img\">\n                <img class=\"lazyloaded\" decoding=\"async\" src=\"https:\/\/diariodocomercio.com.br\/mix\/wp-content\/uploads\/2025\/12\/32648-750x375.jpg\" data-src=\"https:\/\/diariodocomercio.com.br\/mix\/wp-content\/uploads\/2025\/12\/32648-750x375.jpg\" alt=\"\">\n                <\/div>\n            <\/div>\n            <div class=\"recomendadorV2Area2\">\n                <div class=\"recomendadorV2Type\">\n                    <span>Benef\u00edcio extra<\/span>\n                <\/div>\n                <div class=\"recomendadorV2Title\">\n                <h2><span>Presente do INSS no Natal \ud83c\udf84<\/span><\/h2>\n                <\/div>\n                <div class=\"recomendadorV2Desc\">\n                <span>Veja quem recebe e como aproveitar.<\/span>\n                <\/div>\n                <div class=\"recomendadorV2Button\">Descobrir agora<\/div>\n                <div class=\"recomendadorV2Alert\"><\/div>\n            <\/div>\n            <\/div>\n        <\/a>\n        <div>\n            <div style=\"z-index:99999;\" id=\"buttonClose\" onclick=\"closeRecomendadorFixed()\">\n            <div class=\"recomendadorCloseFixed\">X<\/div>\n            <\/div>\n            <a href=\"https:\/\/diariodocomercio.com.br\/mix\/alem-da-aposentadoria-inss-anuncia-presente-de-natal-para-milhoes-de-idosos-ate-05-12\/?utm_source=lazy\">\n            <div class=\"recomendadorFixedArea\">\n                <div id=\"recomendadorFixed\">\n                <div class=\"recomendadorLeftArea\">\n                    <div class=\"recomendadorImgFixed\">\n                    <img class=\"lazyload\" decoding=\"async\" src=\"https:\/\/diariodocomercio.com.br\/mix\/wp-content\/uploads\/2025\/12\/32648-750x375.jpg\" alt=\"\">\n                    <\/div>\n                <\/div>\n                <div class=\"recomendadorRightArea\">\n                    <div class=\"recomendadorTitleFixed\">\n                    <h2><span>Presente do INSS no Natal \ud83c\udf84<\/span><\/h2>\n                    <\/div>\n                    <div class=\"recomendadorButtonFixed\">Descobrir agora<\/div>\n                    <div class=\"recomendadorAlertFixed\"><\/div>\n                <\/div>\n                <\/div>\n            <\/div>\n            <\/a>\n        <\/div>\n        <\/div>\n\n\n\n<p>O cart\u00e3o ser\u00e1 nominal e incluir\u00e1 o nome do aluno, o CPF do respons\u00e1vel legal e o c\u00f3digo do estudante no Sistema de Gest\u00e3o de Informa\u00e7\u00f5es da rede municipal. As compras dever\u00e3o seguir&nbsp;<strong>exclusivamente<\/strong>&nbsp;as listas divulgadas pela SME no site da prefeitura, com detalhamento dos itens permitidos.<\/p>\n\n\n\n<p>Para evitar uso indevido, os CNPJs das lojas credenciadas ser\u00e3o vinculados ao programa, o que permitir\u00e1 rastrear todas as despesas. O munic\u00edpio tamb\u00e9m publicar\u00e1 anualmente o n\u00famero de alunos atendidos, os valores investidos e avalia\u00e7\u00f5es do atendimento prestado pelos com\u00e9rcios.<\/p>\n\n\n\n<p>Materiais de uso coletivo ficam proibidos. O cart\u00e3o poder\u00e1 ser&nbsp;<strong>cancelado<\/strong>&nbsp;em casos de:<\/p>\n\n\n\n<ul class=\"wp-block-list\">\n<li>transfer\u00eancia para fora da rede municipal;<\/li>\n\n\n\n<li>aus\u00eancia escolar injustificada superior a 30 dias;<\/li>\n\n\n\n<li>compra de produtos n\u00e3o autorizados;<\/li>\n\n\n\n<li>abandono ou evas\u00e3o escolar.<\/li>\n<\/ul>\n\n\n\n<p>Se houver irregularidades, pais ou respons\u00e1veis dever\u00e3o&nbsp;<strong>ressarcir os valores<\/strong>&nbsp;aos cofres p\u00fablicos e poder\u00e3o sofrer outras penalidades previstas em lei.<\/p>\n","protected":false},"excerpt":{"rendered":"<p>A partir de 2026, fam\u00edlias de estudantes da rede municipal de Londrina receber\u00e3o um&nbsp;cr\u00e9dito de at\u00e9 R$ 200&nbsp;destinado exclusivamente \u00e0 compra de material escolar. A medida integra o&nbsp;Programa Cart\u00e3o Material Escolar, criado pela&nbsp;Lei n\u00ba 14.031&nbsp;e sancionado pelo prefeito&nbsp;Tiago Amaral (PSD). O cart\u00e3o ser\u00e1 entregue aos pais ou respons\u00e1veis e poder\u00e1 ser utilizado apenas em estabelecimentos [&hellip;]<\/p>\n","protected":false},"author":9,"featured_media":28113,"comment_status":"closed","ping_status":"closed","sticky":false,"template":"","format":"standard","meta":{"jnews-multi-image_gallery":[],"jnews_single_post":{"format":"standard"},"jnews_primary_category":[],"jnews_social_meta":[],"jnews_override_counter":[],"jnews_post_split":[],"footnotes":""},"categories":[1],"tags":[],"class_list":["post-28112","post","type-post","status-publish","format-standard","has-post-thumbnail","hentry","category-geral"],"_referencia":"","_links":{"self":[{"href":"https:\/\/diariodocomercio.com.br\/mix\/wp-json\/wp\/v2\/posts\/28112","targetHints":{"allow":["GET"]}}],"collection":[{"href":"https:\/\/diariodocomercio.com.br\/mix\/wp-json\/wp\/v2\/posts"}],"about":[{"href":"https:\/\/diariodocomercio.com.br\/mix\/wp-json\/wp\/v2\/types\/post"}],"author":[{"embeddable":true,"href":"https:\/\/diariodocomercio.com.br\/mix\/wp-json\/wp\/v2\/users\/9"}],"replies":[{"embeddable":true,"href":"https:\/\/diariodocomercio.com.br\/mix\/wp-json\/wp\/v2\/comments?post=28112"}],"version-history":[{"count":4,"href":"https:\/\/diariodocomercio.com.br\/mix\/wp-json\/wp\/v2\/posts\/28112\/revisions"}],"predecessor-version":[{"id":28243,"href":"https:\/\/diariodocomercio.com.br\/mix\/wp-json\/wp\/v2\/posts\/28112\/revisions\/28243"}],"wp:featuredmedia":[{"embeddable":true,"href":"https:\/\/diariodocomercio.com.br\/mix\/wp-json\/wp\/v2\/media\/28113"}],"wp:attachment":[{"href":"https:\/\/diariodocomercio.com.br\/mix\/wp-json\/wp\/v2\/media?parent=28112"}],"wp:term":[{"taxonomy":"category","embeddable":true,"href":"https:\/\/diariodocomercio.com.br\/mix\/wp-json\/wp\/v2\/categories?post=28112"},{"taxonomy":"post_tag","embeddable":true,"href":"https:\/\/diariodocomercio.com.br\/mix\/wp-json\/wp\/v2\/tags?post=28112"}],"curies":[{"name":"wp","href":"https:\/\/api.w.org\/{rel}","templated":true}]}}