{"id":28124,"date":"2025-12-04T08:17:20","date_gmt":"2025-12-04T11:17:20","guid":{"rendered":"https:\/\/diariodocomercio.com.br\/mix\/?p=28124"},"modified":"2025-12-04T13:08:54","modified_gmt":"2025-12-04T16:08:54","slug":"vacina-de-r-1-50000-comeca-a-ser-oferecida-de-graca-pelo-sus","status":"publish","type":"post","link":"https:\/\/diariodocomercio.com.br\/mix\/vacina-de-r-1-50000-comeca-a-ser-oferecida-de-graca-pelo-sus\/","title":{"rendered":"Vacina de R$ 1.500,00 come\u00e7a a ser oferecida de gra\u00e7a pelo SUS"},"content":{"rendered":"\n<p>O Minist\u00e9rio da Sa\u00fade come\u00e7ou nesta ter\u00e7a-feira (2) a distribui\u00e7\u00e3o nacional da nova vacina contra o&nbsp;<strong>V\u00edrus Sincicial Respirat\u00f3rio (VSR)<\/strong>&nbsp;\u2014 respons\u00e1vel pela maior parte dos casos de bronquiolite e pneumonia em beb\u00eas. O imunizante, que na rede privada pode custar&nbsp;<strong>at\u00e9 R$ 1.500<\/strong>, ser\u00e1 aplicado&nbsp;<strong>gratuitamente pelo SUS<\/strong>&nbsp;em&nbsp;<strong>gestantes a partir da 28\u00aa semana<\/strong>.<\/p>\n\n\n\n<p>O primeiro lote, com&nbsp;<strong>673 mil doses<\/strong>, j\u00e1 est\u00e1 sendo enviado a todas as unidades da federa\u00e7\u00e3o. O Distrito Federal foi o primeiro a receber o carregamento. Estados como Paran\u00e1, Bahia, S\u00e3o Paulo e Minas Gerais tamb\u00e9m recebem as doses entre 2 e 3 de dezembro. No total, o governo adquiriu&nbsp;<strong>1,8 milh\u00e3o de doses<\/strong>&nbsp;para a estrat\u00e9gia inicial.<\/p>\n\n\n\n<p>O VSR \u00e9 uma das principais causas de infec\u00e7\u00f5es respirat\u00f3rias graves em crian\u00e7as pequenas. At\u00e9 22 de novembro de 2025, o Brasil registrou&nbsp;<strong>43,2 mil casos de S\u00edndrome Respirat\u00f3ria Aguda Grave (SRAG)<\/strong>&nbsp;provocados pelo v\u00edrus \u2014&nbsp;<strong>82,5% em crian\u00e7as menores de dois anos<\/strong>.<\/p>\n\n\n\n<p>A vacina oferece&nbsp;<strong>prote\u00e7\u00e3o direta ao beb\u00ea nas primeiras semanas de vida<\/strong>, reduzindo de forma significativa o risco de hospitaliza\u00e7\u00e3o. Estudos cl\u00ednicos, como o&nbsp;<em>Matisse<\/em>, apontam efic\u00e1cia de&nbsp;<strong>81,8%<\/strong>&nbsp;na preven\u00e7\u00e3o de quadros graves nos primeiros tr\u00eas meses ap\u00f3s o nascimento.<\/p>\n\n\n\n<h2 class=\"wp-block-heading\"><strong>Tecnologia ser\u00e1 transferida ao Brasil<\/strong><\/h2>\n\n\n<style>@media (min-width: 992px) {\n    .recomendadorV2Area1 {\n        width: 280px;\n    }\n    .recomendadorV2Area2 {\n        padding: 0px 20px;\n        width: calc(100% - 280px);\n    }\n}\n\n@media (max-width: 992px) {\n    .recomendadorV2Button {\n        margin: 0 auto;\n    }\n    .recomendadorV2Area {\n        flex-direction: column;\n        text-align: center;\n    }\n    .recomendadorV2Area2 {\n        padding: 0px 20px;\n    }\n}\n\n.recomendadorV2Area {\n    background: #eeeeee3d;\n    border-radius: 10px;\n    padding: 15px;\n    display: flex;\n    margin: 15px auto;\n    border: 1px solid #00000014;\n    max-width: 800px;\n}\n\n.recomendadorV2Area1 img {\n    width: 280px;\n    height: auto;\n    border-radius: 8px;\n}\n\n.linkrecomendadorv2 {\n    text-decoration: none !important;\n}\n\n.recomendadorV2Area2 .recomendadorV2Type {\n    text-transform: uppercase;\n    font-weight: 500;\n    font-size: 11px;\n    letter-spacing: 2px;\n    color: #666;\n    margin: 12px 0;\n    display: block;\n}\n\n.recomendadorV2Title h2 {\n    padding-top: 0px !important;\n    margin: 0px !important;\n    border-left: none !important;\n    padding-left: 0px !important;\n    line-height: 1.3;\n    color: #000 !important;\n    font-size: 24px;\n    margin-bottom: 12px !important;\n}\n\n.recomendadorV2Desc {\n    color: #333;\n    margin: 12px 0px !important;\n    font-size: 15px;\n    line-height: 1.5;\n}\n\n.recomendadorV2Button {\n    width: auto;\n    max-width: 200px;\n    margin: 0;\n    display: inline-flex;\n    align-items: center;\n    background: #1D3557;\n    border-radius: 8px;\n    color: #fff;\n    height: 36px;\n    justify-content: center;\n    text-align: center;\n    font-size: 14px;\n    padding: 0 20px;\n    transition: background-color 0.2s ease;\n}\n\n.recomendadorV2Button:hover {\n    background: #2a4d7a;\n}\n\n.recomendadorV2Button:after {\n    margin-top: -2px;\n    content: \"\u2192\";\n    padding: 0px 0px 0px 8px;\n}\n\n.recomendadorV2Alert {\n    text-align: left;\n    font-size: 11px;\n    margin-top: 8px;\n    color: #666;\n}\n\n.recomendadorFixedArea {\n    width: 100%;\n    display: flex;\n    justify-content: center;\n    align-items: center;\n}\n\n@media (min-width: 992px) {\n    #recomendadorFixed {\n        width: 32% !important;\n        left: 5%;\n    }\n    .recomendadorCloseFixed{\n        right: inherit !important;\n        left: 378px !important;\n    }\n}\n\n#recomendadorFixed {\n    width: 90%;\n    box-shadow: 0 10px 20px 0px #00000057;\n    display: none;\n    height: 90px;\n    background: #F6F6F6;\n    position: fixed;\n    flex-direction: row;\n    bottom: 10px;\n    z-index: 9999;\n    border-radius: 16px;\n    padding: 7px 10px;\n}\n\n.recomendadorLeftArea {\n    width: 160px;\n}\n\n.recomendadorRightArea h2 {\n    padding-top: 0px;\n    margin: 2px 0px 4px 0px !important;\n    font-weight: 400;\n    text-align: center;\n    padding-left: 0px !important;\n    color: #000 !important;\n    border-left: none !important;\n    line-height: 20px;\n    font-size: 12px !important;\n}\n\n.recomendadorImgFixed {\n    overflow: hidden;\n    padding: 8px 6px;\n    height: 100%;\n}\n\n.recomendadorImgFixed img {\n    height: 100% !important;\n    border-radius: 16px;\n}\n\n.recomendadorRightArea {\n    padding-top: 6px;\n    display: flex;\n    width: calc(100% - 130px);\n    justify-content: space-between;\n    align-items: center;\n    flex-direction: column;\n}\n\n.recomendadorButtonFixed {\n    margin: 0 auto;\n    background: #1D3557;\n    width: 80%;\n    text-align: center;\n    font-size: 10px;\n    color: #FFF;\n    padding: 2px 10px;\n    border-radius: 3px;\n}\n\n.recomendadorButtonFixed:after {\n    margin-top: -3px;\n    content: \"\u2192\";\n    padding: 0px 0px 0px 10px;\n}\n\n.recomendadorAlertFixed {\n    font-weight: 400;\n    text-align: center;\n    color: #484848;\n    font-size: 8px;\n}\n\n.recomendadorCloseFixed {\n    z-index: 99999;\n    display: none;\n    right: 0px;\n    left: inherit;\n    bottom: 99px;\n    position: fixed;\n    justify-content: center;\n    background: #F6F6F6;\n    width: 25px;\n    align-items: center;\n    height: 25px;\n    font-weight: 800;\n    border-radius: 50%;\n    border: 1px solid #EBEBEB;\n}\n\n.recomendadorV2Desc{\n    color: #000000;\n    margin: 20px 0px;\n}\n\n@media (max-width: 576px) {\n    .recomendadorV2Area {\n      padding: 10px;\n      max-width: 100%;\n    }\n  \n    .recomendadorV2Area1 img {\n      width: 100%;\n      border-radius: 6px;\n    }\n  \n    .recomendadorV2Area2 .recomendadorV2Type {\n      font-size: 9px;\n      letter-spacing: 1px;\n      margin: 8px 0;\n    }\n  \n    .recomendadorV2Title h2 {\n      font-size: 18px !important;\n      margin-bottom: 8px !important;\n      line-height: 1.2;\n    }\n  \n    .recomendadorV2Desc {\n      font-size: 14px;\n      margin: 8px 0 !important;\n      line-height: 1.4;\n    }\n  \n    .recomendadorV2Button {\n      font-size: 14px;\n      height: 40px;\n      padding: 0 12px;\n      max-width: 100%;\n      width: 100%;\n    }\n  \n    .recomendadorV2Button:after {\n      padding-left: 6px;\n    }\n  }\n  <\/style>\n        <div class=\"lazyblock-recomendador-v2-2jDGz wp-block-lazyblock-recomendador-v2\">\n        <a class=\"linkrecomendadorv2\" href=\"https:\/\/diariodocomercio.com.br\/mix\/hospital-mais-caro-de-sao-paulo-agora-tera-atendimento-gratuito-em-parceria-com-o-sus\/?utm_source=lazy\">\n            <div class=\"recomendadorV2Area\">\n            <div class=\"recomendadorV2Area1\">\n                <div class=\"recomendadorV2Img\">\n                <img class=\"lazyloaded\" decoding=\"async\" src=\"https:\/\/diariodocomercio.com.br\/mix\/wp-content\/uploads\/2025\/06\/2149656031-750x375.jpg\" data-src=\"https:\/\/diariodocomercio.com.br\/mix\/wp-content\/uploads\/2025\/06\/2149656031-750x375.jpg\" alt=\"\">\n                <\/div>\n            <\/div>\n            <div class=\"recomendadorV2Area2\">\n                <div class=\"recomendadorV2Type\">\n                    <span>Sa\u00fade SP<\/span>\n                <\/div>\n                <div class=\"recomendadorV2Title\">\n                <h2><span>SUS no hospital de elite \ud83c\udfe5<\/span><\/h2>\n                <\/div>\n                <div class=\"recomendadorV2Desc\">\n                <span>Unidade mais cara passa a atender gr\u00e1tis<\/span>\n                <\/div>\n                <div class=\"recomendadorV2Button\">Ver como funciona<\/div>\n                <div class=\"recomendadorV2Alert\"><\/div>\n            <\/div>\n            <\/div>\n        <\/a>\n        <div>\n            <div style=\"z-index:99999;\" id=\"buttonClose\" onclick=\"closeRecomendadorFixed()\">\n            <div class=\"recomendadorCloseFixed\">X<\/div>\n            <\/div>\n            <a href=\"https:\/\/diariodocomercio.com.br\/mix\/hospital-mais-caro-de-sao-paulo-agora-tera-atendimento-gratuito-em-parceria-com-o-sus\/?utm_source=lazy\">\n            <div class=\"recomendadorFixedArea\">\n                <div id=\"recomendadorFixed\">\n                <div class=\"recomendadorLeftArea\">\n                    <div class=\"recomendadorImgFixed\">\n                    <img class=\"lazyload\" decoding=\"async\" src=\"https:\/\/diariodocomercio.com.br\/mix\/wp-content\/uploads\/2025\/06\/2149656031-750x375.jpg\" alt=\"\">\n                    <\/div>\n                <\/div>\n                <div class=\"recomendadorRightArea\">\n                    <div class=\"recomendadorTitleFixed\">\n                    <h2><span>SUS no hospital de elite \ud83c\udfe5<\/span><\/h2>\n                    <\/div>\n                    <div class=\"recomendadorButtonFixed\">Ver como funciona<\/div>\n                    <div class=\"recomendadorAlertFixed\"><\/div>\n                <\/div>\n                <\/div>\n            <\/div>\n            <\/a>\n        <\/div>\n        <\/div>\n\n\n\n<p>A oferta gratuita da vacina s\u00f3 se tornou poss\u00edvel ap\u00f3s acordo entre o&nbsp;<strong>Instituto Butantan<\/strong>&nbsp;e o laborat\u00f3rio fabricante, que prev\u00ea&nbsp;<strong>transfer\u00eancia de tecnologia<\/strong>&nbsp;para que o imunizante passe a ser produzido no pa\u00eds. Segundo o Minist\u00e9rio da Sa\u00fade, isso deve ampliar a autonomia nacional e garantir abastecimento cont\u00ednuo.<\/p>\n\n\n\n<p>A secret\u00e1ria de Vigil\u00e2ncia em Sa\u00fade e Ambiente do Minist\u00e9rio da Sa\u00fade,&nbsp;<strong>n\u00e3o mencionada nominalmente nos textos originais<\/strong>, refor\u00e7ou que a inclus\u00e3o da vacina \u00e9 um passo hist\u00f3rico na prote\u00e7\u00e3o infantil:<\/p>\n\n\n\n<blockquote class=\"wp-block-quote is-layout-flow wp-block-quote-is-layout-flow\">\n<p><em>\u201cTrata-se de uma das principais causas de interna\u00e7\u00e3o em beb\u00eas. A vacina materna \u00e9 uma estrat\u00e9gia segura, eficaz e que salva vidas.\u201d<\/em><\/p>\n<\/blockquote>\n\n\n\n<h2 class=\"wp-block-heading\"><strong>Quem deve se vacinar?<\/strong><\/h2>\n\n\n\n<p>O grupo priorit\u00e1rio \u00e9 formado por&nbsp;<strong>todas as gestantes<\/strong>, a partir de&nbsp;<strong>28 semanas de gravidez<\/strong>, sem limite de idade materna. A recomenda\u00e7\u00e3o \u00e9 aplicar&nbsp;<strong>uma dose por gesta\u00e7\u00e3o<\/strong>, mesmo para quem j\u00e1 tenha tomado em uma gravidez anterior.<\/p>\n\n\n\n<p>A vacina pode ser administrada&nbsp;<strong>no mesmo dia<\/strong>&nbsp;que os imunizantes contra&nbsp;<strong>influenza<\/strong>&nbsp;e&nbsp;<strong>covid-19<\/strong>, sem necessidade de intervalo.<\/p>\n\n\n\n<h2 class=\"wp-block-heading\"><strong>Distribui\u00e7\u00e3o pelo pa\u00eds<\/strong><\/h2>\n\n\n\n<p>Veja alguns dos Estados que mais receber\u00e3o doses no primeiro lote:<\/p>\n\n\n\n<ul class=\"wp-block-list\">\n<li><strong>S\u00e3o Paulo:<\/strong>&nbsp;134.555<\/li>\n\n\n\n<li><strong>Minas Gerais:<\/strong>&nbsp;62.165<\/li>\n\n\n\n<li><strong>Rio de Janeiro:<\/strong>&nbsp;46.720<\/li>\n\n\n\n<li><strong>Bahia:<\/strong>&nbsp;44.525<\/li>\n\n\n\n<li><strong>Paran\u00e1:<\/strong>&nbsp;37.120<\/li>\n\n\n\n<li><strong>Par\u00e1:<\/strong>&nbsp;33.050<\/li>\n<\/ul>\n\n\n\n<p>O Paran\u00e1, por exemplo, informou que iniciar\u00e1 a vacina\u00e7\u00e3o t\u00e3o logo as&nbsp;<strong>37,1 mil doses<\/strong>&nbsp;cheguem \u00e0s centrais regionais, previstas para esta quarta (3).<\/p>\n\n\n\n<p>O VSR \u00e9 respons\u00e1vel por:<\/p>\n\n\n\n<ul class=\"wp-block-list\">\n<li><strong>75% dos casos de bronquiolite<\/strong>;<\/li>\n\n\n\n<li><strong>40% das pneumonias<\/strong>&nbsp;em crian\u00e7as menores de dois anos.<\/li>\n<\/ul>\n\n\n\n<p>N\u00e3o h\u00e1 tratamento espec\u00edfico contra o v\u00edrus \u2014 apenas suporte cl\u00ednico, como oxig\u00eanio, hidrata\u00e7\u00e3o e broncodilatadores. Por isso, a preven\u00e7\u00e3o \u00e9 considerada fundamental.<\/p>\n","protected":false},"excerpt":{"rendered":"<p>O Minist\u00e9rio da Sa\u00fade come\u00e7ou nesta ter\u00e7a-feira (2) a distribui\u00e7\u00e3o nacional da nova vacina contra o&nbsp;V\u00edrus Sincicial Respirat\u00f3rio (VSR)&nbsp;\u2014 respons\u00e1vel pela maior parte dos casos de bronquiolite e pneumonia em beb\u00eas. O imunizante, que na rede privada pode custar&nbsp;at\u00e9 R$ 1.500, ser\u00e1 aplicado&nbsp;gratuitamente pelo SUS&nbsp;em&nbsp;gestantes a partir da 28\u00aa semana. O primeiro lote, com&nbsp;673 mil [&hellip;]<\/p>\n","protected":false},"author":9,"featured_media":5327,"comment_status":"closed","ping_status":"closed","sticky":false,"template":"","format":"standard","meta":{"jnews-multi-image_gallery":[],"jnews_single_post":{"format":"standard"},"jnews_primary_category":[],"jnews_social_meta":[],"jnews_override_counter":[],"jnews_post_split":[],"footnotes":""},"categories":[1],"tags":[],"class_list":["post-28124","post","type-post","status-publish","format-standard","has-post-thumbnail","hentry","category-geral"],"_referencia":"","_links":{"self":[{"href":"https:\/\/diariodocomercio.com.br\/mix\/wp-json\/wp\/v2\/posts\/28124","targetHints":{"allow":["GET"]}}],"collection":[{"href":"https:\/\/diariodocomercio.com.br\/mix\/wp-json\/wp\/v2\/posts"}],"about":[{"href":"https:\/\/diariodocomercio.com.br\/mix\/wp-json\/wp\/v2\/types\/post"}],"author":[{"embeddable":true,"href":"https:\/\/diariodocomercio.com.br\/mix\/wp-json\/wp\/v2\/users\/9"}],"replies":[{"embeddable":true,"href":"https:\/\/diariodocomercio.com.br\/mix\/wp-json\/wp\/v2\/comments?post=28124"}],"version-history":[{"count":5,"href":"https:\/\/diariodocomercio.com.br\/mix\/wp-json\/wp\/v2\/posts\/28124\/revisions"}],"predecessor-version":[{"id":28180,"href":"https:\/\/diariodocomercio.com.br\/mix\/wp-json\/wp\/v2\/posts\/28124\/revisions\/28180"}],"wp:featuredmedia":[{"embeddable":true,"href":"https:\/\/diariodocomercio.com.br\/mix\/wp-json\/wp\/v2\/media\/5327"}],"wp:attachment":[{"href":"https:\/\/diariodocomercio.com.br\/mix\/wp-json\/wp\/v2\/media?parent=28124"}],"wp:term":[{"taxonomy":"category","embeddable":true,"href":"https:\/\/diariodocomercio.com.br\/mix\/wp-json\/wp\/v2\/categories?post=28124"},{"taxonomy":"post_tag","embeddable":true,"href":"https:\/\/diariodocomercio.com.br\/mix\/wp-json\/wp\/v2\/tags?post=28124"}],"curies":[{"name":"wp","href":"https:\/\/api.w.org\/{rel}","templated":true}]}}