{"id":28188,"date":"2025-12-04T14:27:14","date_gmt":"2025-12-04T17:27:14","guid":{"rendered":"https:\/\/diariodocomercio.com.br\/mix\/?p=28188"},"modified":"2025-12-04T21:54:52","modified_gmt":"2025-12-05T00:54:52","slug":"homenagem-a-silvio-santos-sera-exibida-em-um-dos-maiores-aeroportos-do-brasil","status":"publish","type":"post","link":"https:\/\/diariodocomercio.com.br\/mix\/homenagem-a-silvio-santos-sera-exibida-em-um-dos-maiores-aeroportos-do-brasil\/","title":{"rendered":"Homenagem a Silvio Santos ser\u00e1 exibida em um dos maiores aeroportos do Brasil"},"content":{"rendered":"\n<p>A partir desta quarta-feira (4), o Aeroporto Internacional de Florian\u00f3polis passa a receber a\u00a0<strong>Caravana do Silvinho<\/strong>, uma exposi\u00e7\u00e3o itinerante composta por\u00a0<strong>45 esculturas inspiradas em Silvio Santos<\/strong>, um dos maiores \u00edcones da televis\u00e3o brasileira. A informa\u00e7\u00e3o foi confirmada pelo perfil oficial do SBT Santa Catarina.<\/p>\n\n\n\n<p>Gratuita e aberta ao p\u00fablico, a mostra permanece no local at\u00e9&nbsp;<strong>4 de janeiro de 2026<\/strong>, transformando o aeroporto \u2014 um dos mais movimentados do Sul do pa\u00eds \u2014 em um espa\u00e7o cultural de homenagem ao apresentador.<\/p>\n\n\n\n<h2 class=\"wp-block-heading\">Arte contempor\u00e2nea para celebrar o legado de Silvio Santos<\/h2>\n\n\n\n<p>Idealizada pela artista pl\u00e1stica&nbsp;<strong>Cintia Abravanel<\/strong>, filha primog\u00eanita de Silvio Santos, a caravana j\u00e1 percorreu S\u00e3o Paulo, Rio Grande do Sul e Paran\u00e1, e agora chega \u00e0 capital catarinense antes de seguir para outras regi\u00f5es.<\/p>\n\n\n\n<figure class=\"wp-block-image size-large\"><img decoding=\"async\" width=\"1200\" height=\"779\" src=\"https:\/\/diariodocomercio.com.br\/mix\/wp-content\/uploads\/2025\/12\/IMG_1806-1200x779.jpeg\" alt=\"\" class=\"wp-image-28192\" srcset=\"https:\/\/diariodocomercio.com.br\/mix\/wp-content\/uploads\/2025\/12\/IMG_1806-1200x779.jpeg 1200w, https:\/\/diariodocomercio.com.br\/mix\/wp-content\/uploads\/2025\/12\/IMG_1806-300x195.jpeg 300w, https:\/\/diariodocomercio.com.br\/mix\/wp-content\/uploads\/2025\/12\/IMG_1806-768x499.jpeg 768w, https:\/\/diariodocomercio.com.br\/mix\/wp-content\/uploads\/2025\/12\/IMG_1806-150x97.jpeg 150w, https:\/\/diariodocomercio.com.br\/mix\/wp-content\/uploads\/2025\/12\/IMG_1806-750x487.jpeg 750w, https:\/\/diariodocomercio.com.br\/mix\/wp-content\/uploads\/2025\/12\/IMG_1806-1140x740.jpeg 1140w, https:\/\/diariodocomercio.com.br\/mix\/wp-content\/uploads\/2025\/12\/IMG_1806.jpeg 1241w\" sizes=\"(max-width: 1200px) 100vw, 1200px\" \/><figcaption class=\"wp-element-caption\">(Reprodu\u00e7\u00e3o\/Caravana do Silvinho)<\/figcaption><\/figure>\n\n\n\n<p>As pe\u00e7as, com&nbsp;<strong>1,60 metro de altura<\/strong>, s\u00e3o feitas em fibra de vidro e servem como base para interven\u00e7\u00f5es de artistas de diferentes estilos. Mais de&nbsp;<strong>400 inscri\u00e7\u00f5es<\/strong>&nbsp;foram recebidas na audi\u00eancia p\u00fablica que selecionou os participantes, formando um panorama plural de interpreta\u00e7\u00f5es sobre a figura de Silvio.<\/p>\n\n\n\n<h2 class=\"wp-block-heading\">Um mosaico de mem\u00f3rias culturais e afetivas<\/h2>\n\n\n\n<p>A Caravana do Silvinho transforma cada escultura em uma leitura particular do apresentador, misturando elementos de comunica\u00e7\u00e3o, mem\u00f3ria afetiva e identidade brasileira. Para os&nbsp;<strong>Irm\u00e3os Feitosa<\/strong>, artistas participantes, o projeto democratiza o acesso \u00e0 arte.<\/p>\n\n\n\n<p>Em Florian\u00f3polis, o projeto pretende aproximar ainda mais o p\u00fablico de um personagem profundamente presente no cotidiano brasileiro \u2014 especialmente em um espa\u00e7o de tr\u00e2nsito intenso como o aeroporto.<\/p>\n\n\n\n<p>Entre os artistas selecionados est\u00e1 a catarinense&nbsp;<strong>Ana Carolina Iannaccone<\/strong>, que trouxe suas pr\u00f3prias mem\u00f3rias de inf\u00e2ncia para a obra.<\/p>\n\n\n\n<h2 class=\"wp-block-heading\">Circula\u00e7\u00e3o e estrutura<\/h2>\n\n\n\n<p>A mostra j\u00e1 passou por locais de grande visibilidade, como:<\/p>\n\n\n\n<ul class=\"wp-block-list\">\n<li><strong>Jardim Bot\u00e2nico de S\u00e3o Paulo<\/strong><\/li>\n\n\n\n<li><strong>Pontal Shopping (Porto Alegre)<\/strong><\/li>\n\n\n\n<li><strong>Memorial Paranista (Curitiba)<\/strong><\/li>\n<\/ul>\n\n\n\n<p>Com curadoria da&nbsp;<strong>Abrava Arte Produ\u00e7\u00f5es<\/strong>&nbsp;e da&nbsp;<strong>Breit Produ\u00e7\u00f5es<\/strong>, o projeto tem patroc\u00ednio da&nbsp;<strong>Tele Sena<\/strong>, apoio log\u00edstico da&nbsp;<strong>Granero Transportes<\/strong>&nbsp;e materiais fornecidos por&nbsp;<strong>Acrilex<\/strong>,&nbsp;<strong>Colorgin<\/strong>&nbsp;e&nbsp;<strong>Edding Brasil<\/strong>.<\/p>\n","protected":false},"excerpt":{"rendered":"<p>A partir desta quarta-feira (4), o Aeroporto Internacional de Florian\u00f3polis passa a receber a\u00a0Caravana do Silvinho, uma exposi\u00e7\u00e3o itinerante composta por\u00a045 esculturas inspiradas em Silvio Santos, um dos maiores \u00edcones da televis\u00e3o brasileira. A informa\u00e7\u00e3o foi confirmada pelo perfil oficial do SBT Santa Catarina. Gratuita e aberta ao p\u00fablico, a mostra permanece no local at\u00e9&nbsp;4 [&hellip;]<\/p>\n","protected":false},"author":9,"featured_media":8898,"comment_status":"closed","ping_status":"closed","sticky":false,"template":"","format":"standard","meta":{"jnews-multi-image_gallery":[],"jnews_single_post":{"format":"standard"},"jnews_primary_category":[],"jnews_social_meta":[],"jnews_override_counter":[],"jnews_post_split":[],"footnotes":""},"categories":[1],"tags":[],"class_list":["post-28188","post","type-post","status-publish","format-standard","has-post-thumbnail","hentry","category-geral"],"_referencia":"","_links":{"self":[{"href":"https:\/\/diariodocomercio.com.br\/mix\/wp-json\/wp\/v2\/posts\/28188","targetHints":{"allow":["GET"]}}],"collection":[{"href":"https:\/\/diariodocomercio.com.br\/mix\/wp-json\/wp\/v2\/posts"}],"about":[{"href":"https:\/\/diariodocomercio.com.br\/mix\/wp-json\/wp\/v2\/types\/post"}],"author":[{"embeddable":true,"href":"https:\/\/diariodocomercio.com.br\/mix\/wp-json\/wp\/v2\/users\/9"}],"replies":[{"embeddable":true,"href":"https:\/\/diariodocomercio.com.br\/mix\/wp-json\/wp\/v2\/comments?post=28188"}],"version-history":[{"count":5,"href":"https:\/\/diariodocomercio.com.br\/mix\/wp-json\/wp\/v2\/posts\/28188\/revisions"}],"predecessor-version":[{"id":28298,"href":"https:\/\/diariodocomercio.com.br\/mix\/wp-json\/wp\/v2\/posts\/28188\/revisions\/28298"}],"wp:featuredmedia":[{"embeddable":true,"href":"https:\/\/diariodocomercio.com.br\/mix\/wp-json\/wp\/v2\/media\/8898"}],"wp:attachment":[{"href":"https:\/\/diariodocomercio.com.br\/mix\/wp-json\/wp\/v2\/media?parent=28188"}],"wp:term":[{"taxonomy":"category","embeddable":true,"href":"https:\/\/diariodocomercio.com.br\/mix\/wp-json\/wp\/v2\/categories?post=28188"},{"taxonomy":"post_tag","embeddable":true,"href":"https:\/\/diariodocomercio.com.br\/mix\/wp-json\/wp\/v2\/tags?post=28188"}],"curies":[{"name":"wp","href":"https:\/\/api.w.org\/{rel}","templated":true}]}}