{"id":28206,"date":"2025-12-04T15:16:58","date_gmt":"2025-12-04T18:16:58","guid":{"rendered":"https:\/\/diariodocomercio.com.br\/mix\/?p=28206"},"modified":"2025-12-04T18:23:36","modified_gmt":"2025-12-04T21:23:36","slug":"alem-da-aposentadoria-inss-anuncia-presente-de-natal-para-milhoes-de-idosos-ate-05-12","status":"publish","type":"post","link":"https:\/\/diariodocomercio.com.br\/mix\/alem-da-aposentadoria-inss-anuncia-presente-de-natal-para-milhoes-de-idosos-ate-05-12\/","title":{"rendered":"Al\u00e9m da aposentadoria, INSS anuncia presente de Natal para milh\u00f5es de idosos at\u00e9 05\/12"},"content":{"rendered":"\n<p>O <strong>INSS <\/strong>iniciou o pagamento do d\u00e9cimo terceiro sal\u00e1rio para novos benefici\u00e1rios no \u00faltimo dia 24 de novembro. O Instituto Nacional do Seguro Social destinou R$ 2,2 bilh\u00f5es para a opera\u00e7\u00e3o, beneficiando 2,3 milh\u00f5es de pessoas em todo o Brasil. Esse aporte ampliar\u00e1 o fluxo de recursos no mercado, especialmente durante o per\u00edodo de movimento intenso de fim de ano.<\/p>\n\n\n\n<p>Os destinat\u00e1rios deste pagamento s\u00e3o os segurados que <strong>come\u00e7aram a receber seus benef\u00edcios ap\u00f3s junho <\/strong>de 2025. A lista inclui aposentados, pensionistas e benefici\u00e1rios de aux\u00edlios, como aux\u00edlio-doen\u00e7a, aux\u00edlio-acidente, aux\u00edlio-reclus\u00e3o e sal\u00e1rio-maternidade.<\/p>\n\n\n\n<p>Contudo, os benefici\u00e1rios do Benef\u00edcio de Presta\u00e7\u00e3o Continuada (BPC) e da Renda Mensal Vital\u00edcia (RMV) <strong>n\u00e3o t\u00eam direito <\/strong>ao 13\u00ba.<\/p>\n\n\n\n<h2 class=\"wp-block-heading\">Consulta do d\u00e9cimo terceiro<\/h2>\n\n\n\n<p>Para saber o valor e a data exata do dep\u00f3sito, \u00e9 aconselh\u00e1vel acessar o sistema <strong>Meu INSS,<\/strong> dispon\u00edvel no site e aplicativo. Essa plataforma permite verificar informa\u00e7\u00f5es detalhadas, como o extrato de pagamento.<\/p>\n\n\n\n<p>\u00c9 importante ter em m\u00e3os o n\u00famero do benef\u00edcio, desconsiderando o d\u00edgito verificador na consulta.<\/p>\n\n\n\n<h2 class=\"wp-block-heading\">Calend\u00e1rio de pagamentos do INSS<\/h2>\n\n\n\n<p>Os dep\u00f3sitos do d\u00e9cimo terceiro seguem um cronograma que considera o n\u00famero final do cart\u00e3o de benef\u00edcio. Para quem recebe at\u00e9 um sal\u00e1rio m\u00ednimo, os dep\u00f3sitos come\u00e7aram em 24 de novembro e se estendem at\u00e9 5 de dezembro.<\/p>\n\n\n\n<p>Para valores acima do sal\u00e1rio m\u00ednimo, os dep\u00f3sitos ocorrem entre 1\u00ba e 5 de dezembro.<\/p>\n\n\n\n<p><strong>Pagamentos para benefici\u00e1rios de at\u00e9 um sal\u00e1rio m\u00ednimo:<\/strong><\/p>\n\n\n\n<ul class=\"wp-block-list\">\n<li>Final 1: 24 de novembro<\/li>\n\n\n\n<li>Final 2: 25 de novembro<\/li>\n\n\n\n<li>Final 3: 26 de novembro<\/li>\n\n\n\n<li>Final 4: 27 de novembro<\/li>\n\n\n\n<li>Final 5: 28 de novembro<\/li>\n\n\n\n<li>Final 6: 1 de dezembro<\/li>\n\n\n\n<li>Final 7: 2 de dezembro<\/li>\n\n\n\n<li>Final 8: 3 de dezembro<\/li>\n\n\n\n<li>Final 9: 4 de dezembro<\/li>\n\n\n\n<li>Final 0: 5 de dezembro<\/li>\n<\/ul>\n\n\n\n<p><strong>Pagamentos para benefici\u00e1rios acima de um sal\u00e1rio m\u00ednimo:<\/strong><\/p>\n\n\n\n<ul class=\"wp-block-list\">\n<li>Finais 1 e 6: 1 de dezembro<\/li>\n\n\n\n<li>Finais 2 e 7: 2 de dezembro<\/li>\n\n\n\n<li>Finais 3 e 8: 3 de dezembro<\/li>\n\n\n\n<li>Finais 4 e 9: 4 de dezembro<\/li>\n\n\n\n<li>Finais 5 e 0: 5 de dezembro<\/li>\n<\/ul>\n\n\n\n<p>Todas as opera\u00e7\u00f5es ocorrer\u00e3o conforme o cronograma anunciado pelo Instituto, seguindo o calend\u00e1rio oficial do INSS.<\/p>\n","protected":false},"excerpt":{"rendered":"<p>Valores podem ser consultados pela internet. Veja como.<\/p>\n","protected":false},"author":12,"featured_media":28208,"comment_status":"closed","ping_status":"closed","sticky":false,"template":"","format":"standard","meta":{"jnews-multi-image_gallery":[],"jnews_single_post":{"format":"standard"},"jnews_primary_category":[],"jnews_social_meta":[],"jnews_override_counter":[],"jnews_post_split":[],"footnotes":""},"categories":[1],"tags":[],"class_list":["post-28206","post","type-post","status-publish","format-standard","has-post-thumbnail","hentry","category-geral"],"_referencia":"","_links":{"self":[{"href":"https:\/\/diariodocomercio.com.br\/mix\/wp-json\/wp\/v2\/posts\/28206","targetHints":{"allow":["GET"]}}],"collection":[{"href":"https:\/\/diariodocomercio.com.br\/mix\/wp-json\/wp\/v2\/posts"}],"about":[{"href":"https:\/\/diariodocomercio.com.br\/mix\/wp-json\/wp\/v2\/types\/post"}],"author":[{"embeddable":true,"href":"https:\/\/diariodocomercio.com.br\/mix\/wp-json\/wp\/v2\/users\/12"}],"replies":[{"embeddable":true,"href":"https:\/\/diariodocomercio.com.br\/mix\/wp-json\/wp\/v2\/comments?post=28206"}],"version-history":[{"count":2,"href":"https:\/\/diariodocomercio.com.br\/mix\/wp-json\/wp\/v2\/posts\/28206\/revisions"}],"predecessor-version":[{"id":28241,"href":"https:\/\/diariodocomercio.com.br\/mix\/wp-json\/wp\/v2\/posts\/28206\/revisions\/28241"}],"wp:featuredmedia":[{"embeddable":true,"href":"https:\/\/diariodocomercio.com.br\/mix\/wp-json\/wp\/v2\/media\/28208"}],"wp:attachment":[{"href":"https:\/\/diariodocomercio.com.br\/mix\/wp-json\/wp\/v2\/media?parent=28206"}],"wp:term":[{"taxonomy":"category","embeddable":true,"href":"https:\/\/diariodocomercio.com.br\/mix\/wp-json\/wp\/v2\/categories?post=28206"},{"taxonomy":"post_tag","embeddable":true,"href":"https:\/\/diariodocomercio.com.br\/mix\/wp-json\/wp\/v2\/tags?post=28206"}],"curies":[{"name":"wp","href":"https:\/\/api.w.org\/{rel}","templated":true}]}}