{"id":28214,"date":"2025-12-04T16:43:12","date_gmt":"2025-12-04T19:43:12","guid":{"rendered":"https:\/\/diariodocomercio.com.br\/mix\/?p=28214"},"modified":"2025-12-04T16:43:14","modified_gmt":"2025-12-04T19:43:14","slug":"maior-aviao-do-mundo-com-73-metros-e-capacidade-para-830-passageiros-sofreu-pane-no-brasil","status":"publish","type":"post","link":"https:\/\/diariodocomercio.com.br\/mix\/maior-aviao-do-mundo-com-73-metros-e-capacidade-para-830-passageiros-sofreu-pane-no-brasil\/","title":{"rendered":"Maior avi\u00e3o do mundo, com 73 metros e capacidade para 830 passageiros, sofreu pane no Brasil"},"content":{"rendered":"\n<p>Um <strong>Airbus A380 da Emirates<\/strong>, que partia do Aeroporto Internacional de Guarulhos em S\u00e3o Paulo, com destino a Dubai, precisou retornar devido a uma falha t\u00e9cnica. O incidente ocorreu na madrugada de 22 de maio de 2025. O voo, com n\u00famero EK 262, foi interrompido aproximadamente duas horas ap\u00f3s a decolagem, for\u00e7ando o retorno \u00e0 origem.<\/p>\n\n\n\n<p>A aeronave, considerada a maior de passageiros do mundo, come\u00e7ou a realizar voltas sobre o litoral norte de S\u00e3o Paulo, especialmente na regi\u00e3o de Ubatuba, ap\u00f3s cerca de 15 minutos de voo. A manobra foi uma tentativa de identificar o problema t\u00e9cnico, que n\u00e3o foi explicitado pela companhia a\u00e9rea.<\/p>\n\n\n\n<h2 class=\"wp-block-heading\">Maior avi\u00e3o de passageiros<\/h2>\n\n\n\n<p>O Airbus A380 da Emirates pode acomodar at\u00e9 850 passageiros. Com 73 metros de comprimento e 80 metros de envergadura, o avi\u00e3o destaca-se pela sua capacidade e seguran\u00e7a em opera\u00e7\u00f5es complexas.<\/p>\n\n\n\n<p>Apesar do incidente, ele aterrissou em Guarulhos por volta das 3h23, sem intercorr\u00eancias, com equipes de resgate prontas na pista.<\/p>\n\n\n\n<h2 class=\"wp-block-heading\">Medidas&nbsp;<\/h2>\n\n\n\n<p>Ap\u00f3s o desembarque seguro dos passageiros e tripula\u00e7\u00e3o, a Emirates ofereceu acomoda\u00e7\u00e3o em hot\u00e9is pr\u00f3ximos ao aeroporto. O voo foi remarcado para sexta-feira, 23 de maio. Essas medidas visaram minimizar os impactos nos planos de viagem dos passageiros.<\/p>\n\n\n\n<p>O retorno do A380 gerou curiosidade e aten\u00e7\u00e3o, tanto entre os moradores locais quanto nos entusiastas da avia\u00e7\u00e3o. Os relatos de testemunhas destacaram a complexidade e os desafios das opera\u00e7\u00f5es a\u00e9reas modernas.&nbsp;<\/p>\n","protected":false},"excerpt":{"rendered":"<p>Aeronave partia do aeroporto quando precisou retornar devido a uma falha t\u00e9cnica. <\/p>\n","protected":false},"author":12,"featured_media":28215,"comment_status":"closed","ping_status":"closed","sticky":false,"template":"","format":"standard","meta":{"jnews-multi-image_gallery":[],"jnews_single_post":{"format":"standard"},"jnews_primary_category":[],"jnews_social_meta":[],"jnews_override_counter":[],"jnews_post_split":[],"footnotes":""},"categories":[1],"tags":[],"class_list":["post-28214","post","type-post","status-publish","format-standard","has-post-thumbnail","hentry","category-geral"],"_referencia":"","_links":{"self":[{"href":"https:\/\/diariodocomercio.com.br\/mix\/wp-json\/wp\/v2\/posts\/28214","targetHints":{"allow":["GET"]}}],"collection":[{"href":"https:\/\/diariodocomercio.com.br\/mix\/wp-json\/wp\/v2\/posts"}],"about":[{"href":"https:\/\/diariodocomercio.com.br\/mix\/wp-json\/wp\/v2\/types\/post"}],"author":[{"embeddable":true,"href":"https:\/\/diariodocomercio.com.br\/mix\/wp-json\/wp\/v2\/users\/12"}],"replies":[{"embeddable":true,"href":"https:\/\/diariodocomercio.com.br\/mix\/wp-json\/wp\/v2\/comments?post=28214"}],"version-history":[{"count":1,"href":"https:\/\/diariodocomercio.com.br\/mix\/wp-json\/wp\/v2\/posts\/28214\/revisions"}],"predecessor-version":[{"id":28216,"href":"https:\/\/diariodocomercio.com.br\/mix\/wp-json\/wp\/v2\/posts\/28214\/revisions\/28216"}],"wp:featuredmedia":[{"embeddable":true,"href":"https:\/\/diariodocomercio.com.br\/mix\/wp-json\/wp\/v2\/media\/28215"}],"wp:attachment":[{"href":"https:\/\/diariodocomercio.com.br\/mix\/wp-json\/wp\/v2\/media?parent=28214"}],"wp:term":[{"taxonomy":"category","embeddable":true,"href":"https:\/\/diariodocomercio.com.br\/mix\/wp-json\/wp\/v2\/categories?post=28214"},{"taxonomy":"post_tag","embeddable":true,"href":"https:\/\/diariodocomercio.com.br\/mix\/wp-json\/wp\/v2\/tags?post=28214"}],"curies":[{"name":"wp","href":"https:\/\/api.w.org\/{rel}","templated":true}]}}