{"id":2824,"date":"2025-02-13T18:48:15","date_gmt":"2025-02-13T21:48:15","guid":{"rendered":"https:\/\/diariodocomercio.com.br\/mix\/?p=2824"},"modified":"2025-02-13T18:48:16","modified_gmt":"2025-02-13T21:48:16","slug":"whatsapp-vai-ser-bloqueado-juiz-da-prazo-para-meta-se-manifestar","status":"publish","type":"post","link":"https:\/\/diariodocomercio.com.br\/mix\/whatsapp-vai-ser-bloqueado-juiz-da-prazo-para-meta-se-manifestar\/","title":{"rendered":"WhatsApp vai ser bloqueado? Juiz d\u00e1 prazo para Meta se manifestar"},"content":{"rendered":"\n<p>Depois do descumprimento de ordens judiciais, um juiz da cidade de Catal\u00e3o, no estado de Goi\u00e1s, considerou suspender o WhatsApp no Brasil, pois a Meta n\u00e3o estava cumprindo com suas obriga\u00e7\u00f5es. De acordo com o portal Metr\u00f3poles, que teve acesso ao processo, a decis\u00e3o foi proferida na \u00faltima segunda-feira (10\/02), determinada pelo juiz Luiz Ant\u00f4nio Afonso J\u00fanior, que exigiu que o aplicativo WhatsApp Business restabelecesse o acesso de um usu\u00e1rio a sua conta dentro da plataforma. Na noite de ter\u00e7a-feira (11), entretanto, a empresa cumpriu com a decis\u00e3o.<\/p>\n\n\n\n<p>O processo foi aberto contra a Meta, ap\u00f3s a empresa ter bloqueado o acesso do jornalista Abadio Mois\u00e9s Filho \u00e0 sua pr\u00f3pria conta do Whatsapp Business, voltada \u00e0s atividades comerciais. O juiz da causa exigiu que fosse restabelecido o aplicativo e colocou como multa di\u00e1ria o valor de&nbsp; R$ 3 mil, podendo chegar a R$ 50 mil, contra a Meta caso a empresa n\u00e3o cumprisse a decis\u00e3o judicial.&nbsp;<\/p>\n\n\n\n<h2 class=\"wp-block-heading\">Entenda melhor se o WhatsApp ser\u00e1 suspenso no pa\u00eds<\/h2>\n\n\n\n<p>No documento, tamb\u00e9m foi advertido que, em caso de descumprimento, outras medidas coercitivas poderiam ser aplicadas contra Meta, \u201cincluindo a possibilidade de bloqueio de contas banc\u00e1rias ou a suspens\u00e3o tempor\u00e1ria de atividades no pa\u00eds\u201d. Mas, n\u00e3o foi necess\u00e1rio chegar ao extremo de impedir que o aplicativo de mensagem fosse utilizado nacionalmente, pois a empresa cumpriu a determina\u00e7\u00e3o judicial imposta pela Justi\u00e7a de Goi\u00e1s.<\/p>\n\n\n\n<p>Dessa maneira, at\u00e9 o momento n\u00e3o existe a possibilidade do aplicativo deixar de funcionar por causa de suspens\u00e3o. Em outros casos, como j\u00e1 ocorreu no passado, o WhatsApp e outros produtos da Meta, como Instagram deixaram de funcionar por um per\u00edodo, por problemas com a empresa.&nbsp;<\/p>\n","protected":false},"excerpt":{"rendered":"<p>Depois do descumprimento de ordens judiciais, um juiz da cidade de Catal\u00e3o, no estado de Goi\u00e1s, considerou suspender o WhatsApp no Brasil, pois a Meta n\u00e3o estava cumprindo com suas obriga\u00e7\u00f5es. De acordo com o portal Metr\u00f3poles, que teve acesso ao processo, a decis\u00e3o foi proferida na \u00faltima segunda-feira (10\/02), determinada pelo juiz Luiz Ant\u00f4nio [&hellip;]<\/p>\n","protected":false},"author":7,"featured_media":1851,"comment_status":"closed","ping_status":"closed","sticky":false,"template":"","format":"standard","meta":{"jnews-multi-image_gallery":[],"jnews_single_post":{"format":"standard"},"jnews_primary_category":[],"jnews_social_meta":[],"jnews_override_counter":[],"jnews_post_split":[],"footnotes":""},"categories":[1],"tags":[],"class_list":["post-2824","post","type-post","status-publish","format-standard","has-post-thumbnail","hentry","category-geral"],"_referencia":"","_links":{"self":[{"href":"https:\/\/diariodocomercio.com.br\/mix\/wp-json\/wp\/v2\/posts\/2824","targetHints":{"allow":["GET"]}}],"collection":[{"href":"https:\/\/diariodocomercio.com.br\/mix\/wp-json\/wp\/v2\/posts"}],"about":[{"href":"https:\/\/diariodocomercio.com.br\/mix\/wp-json\/wp\/v2\/types\/post"}],"author":[{"embeddable":true,"href":"https:\/\/diariodocomercio.com.br\/mix\/wp-json\/wp\/v2\/users\/7"}],"replies":[{"embeddable":true,"href":"https:\/\/diariodocomercio.com.br\/mix\/wp-json\/wp\/v2\/comments?post=2824"}],"version-history":[{"count":1,"href":"https:\/\/diariodocomercio.com.br\/mix\/wp-json\/wp\/v2\/posts\/2824\/revisions"}],"predecessor-version":[{"id":2825,"href":"https:\/\/diariodocomercio.com.br\/mix\/wp-json\/wp\/v2\/posts\/2824\/revisions\/2825"}],"wp:featuredmedia":[{"embeddable":true,"href":"https:\/\/diariodocomercio.com.br\/mix\/wp-json\/wp\/v2\/media\/1851"}],"wp:attachment":[{"href":"https:\/\/diariodocomercio.com.br\/mix\/wp-json\/wp\/v2\/media?parent=2824"}],"wp:term":[{"taxonomy":"category","embeddable":true,"href":"https:\/\/diariodocomercio.com.br\/mix\/wp-json\/wp\/v2\/categories?post=2824"},{"taxonomy":"post_tag","embeddable":true,"href":"https:\/\/diariodocomercio.com.br\/mix\/wp-json\/wp\/v2\/tags?post=2824"}],"curies":[{"name":"wp","href":"https:\/\/api.w.org\/{rel}","templated":true}]}}