{"id":28255,"date":"2025-12-04T19:13:36","date_gmt":"2025-12-04T22:13:36","guid":{"rendered":"https:\/\/diariodocomercio.com.br\/mix\/?p=28255"},"modified":"2025-12-04T19:13:38","modified_gmt":"2025-12-04T22:13:38","slug":"brasileiros-com-ate-24-anos-vao-receber-auxilio-de-r-1-200-em-fevereiro","status":"publish","type":"post","link":"https:\/\/diariodocomercio.com.br\/mix\/brasileiros-com-ate-24-anos-vao-receber-auxilio-de-r-1-200-em-fevereiro\/","title":{"rendered":"Brasileiros com at\u00e9 24 anos v\u00e3o receber aux\u00edlio de R$ 1.200 em fevereiro"},"content":{"rendered":"\n<p>O governo brasileiro divulgou o calend\u00e1rio de pagamentos de 2025 do programa <strong>P\u00e9-de-Meia<\/strong>, que apoia estudantes de baixa renda do Ensino M\u00e9dio e da Educa\u00e7\u00e3o de Jovens e Adultos (EJA) em escolas p\u00fablicas. O programa beneficia jovens de 14 a 24 anos, garantindo suporte financeiro para melhorar a continuidade acad\u00eamica.<\/p>\n\n\n\n<p>O P\u00e9-de-Meia funciona por meio de pagamentos realizados pela Caixa Econ\u00f4mica Federal em contas digitais dos benefici\u00e1rios. O programa oferece quatro tipos de incentivos financeiros: Incentivo Matr\u00edcula, Incentivo Frequ\u00eancia, Incentivo Conclus\u00e3o e Incentivo Enem.<\/p>\n\n\n\n<h2 class=\"wp-block-heading\">Como funciona o programa P\u00e9-de-Meia?<\/h2>\n\n\n\n<p>O programa P\u00e9-de-Meia oferece v\u00e1rios incentivos:<\/p>\n\n\n\n<ul class=\"wp-block-list\">\n<li><strong>Incentivo Matr\u00edcula:<\/strong> R$ 200, pago anualmente.<\/li>\n\n\n\n<li><strong>Incentivo Frequ\u00eancia: <\/strong>R$ 1.800, dividido em nove parcelas anuais com frequ\u00eancia m\u00ednima de 80%.<\/li>\n\n\n\n<li><strong>Incentivo Conclus\u00e3o:<\/strong> R$ 1.000, ao final de cada ano conclu\u00eddo.<\/li>\n\n\n\n<li><strong>Incentivo Enem: <\/strong>R$ 200 para aqueles que participam do Enem.<\/li>\n<\/ul>\n\n\n\n<p>Os aptos aos incentivos Conclus\u00e3o e Enem, no total de <strong>R$ 1.200, <\/strong>poder\u00e3o realizar o saque entre 26 de fevereiro e 5 de mar\u00e7o de 2026.<\/p>\n\n\n\n<h2 class=\"wp-block-heading\">Outros benef\u00edcios e iniciativas estudantis<\/h2>\n\n\n\n<p>Al\u00e9m do P\u00e9-de-Meia, o governo brasileiro implementou a Pol\u00edtica Nacional de Assist\u00eancia Estudantil (Pnaes) para democratizar o acesso ao ensino superior, reduzindo desigualdades.<\/p>\n\n\n\n<p>Destaca-se o Programa Bolsa Perman\u00eancia, que oferece ajuda financeira a estudantes de medicina de baixa renda, um esfor\u00e7o para combater a evas\u00e3o e melhorar o \u00edndice de conclus\u00e3o de cursos.<\/p>\n\n\n\n<p>O Programa P\u00e9-de-Meia e outros apoios estudantis visam garantir que mais estudantes brasileiros tenham sucesso acad\u00eamico.&nbsp;<\/p>\n","protected":false},"excerpt":{"rendered":"<p>O governo brasileiro divulgou a data de pagamento.<\/p>\n","protected":false},"author":12,"featured_media":10834,"comment_status":"closed","ping_status":"closed","sticky":false,"template":"","format":"standard","meta":{"jnews-multi-image_gallery":[],"jnews_single_post":{"format":"standard"},"jnews_primary_category":[],"jnews_social_meta":[],"jnews_override_counter":[],"jnews_post_split":[],"footnotes":""},"categories":[1],"tags":[],"class_list":["post-28255","post","type-post","status-publish","format-standard","has-post-thumbnail","hentry","category-geral"],"_referencia":"","_links":{"self":[{"href":"https:\/\/diariodocomercio.com.br\/mix\/wp-json\/wp\/v2\/posts\/28255","targetHints":{"allow":["GET"]}}],"collection":[{"href":"https:\/\/diariodocomercio.com.br\/mix\/wp-json\/wp\/v2\/posts"}],"about":[{"href":"https:\/\/diariodocomercio.com.br\/mix\/wp-json\/wp\/v2\/types\/post"}],"author":[{"embeddable":true,"href":"https:\/\/diariodocomercio.com.br\/mix\/wp-json\/wp\/v2\/users\/12"}],"replies":[{"embeddable":true,"href":"https:\/\/diariodocomercio.com.br\/mix\/wp-json\/wp\/v2\/comments?post=28255"}],"version-history":[{"count":1,"href":"https:\/\/diariodocomercio.com.br\/mix\/wp-json\/wp\/v2\/posts\/28255\/revisions"}],"predecessor-version":[{"id":28256,"href":"https:\/\/diariodocomercio.com.br\/mix\/wp-json\/wp\/v2\/posts\/28255\/revisions\/28256"}],"wp:featuredmedia":[{"embeddable":true,"href":"https:\/\/diariodocomercio.com.br\/mix\/wp-json\/wp\/v2\/media\/10834"}],"wp:attachment":[{"href":"https:\/\/diariodocomercio.com.br\/mix\/wp-json\/wp\/v2\/media?parent=28255"}],"wp:term":[{"taxonomy":"category","embeddable":true,"href":"https:\/\/diariodocomercio.com.br\/mix\/wp-json\/wp\/v2\/categories?post=28255"},{"taxonomy":"post_tag","embeddable":true,"href":"https:\/\/diariodocomercio.com.br\/mix\/wp-json\/wp\/v2\/tags?post=28255"}],"curies":[{"name":"wp","href":"https:\/\/api.w.org\/{rel}","templated":true}]}}