{"id":28258,"date":"2025-12-04T19:51:52","date_gmt":"2025-12-04T22:51:52","guid":{"rendered":"https:\/\/diariodocomercio.com.br\/mix\/?p=28258"},"modified":"2025-12-04T19:51:54","modified_gmt":"2025-12-04T22:51:54","slug":"maior-tragedia-ambiental-do-brasil-acontecia-ha-10-anos-relembre","status":"publish","type":"post","link":"https:\/\/diariodocomercio.com.br\/mix\/maior-tragedia-ambiental-do-brasil-acontecia-ha-10-anos-relembre\/","title":{"rendered":"Maior trag\u00e9dia ambiental do Brasil acontecia h\u00e1 10 anos; relembre"},"content":{"rendered":"\n<p>O dia&nbsp;<strong>5 de novembro de 2015<\/strong>&nbsp;marcou para sempre a hist\u00f3ria ambiental do Brasil. \u00c0s 16h20, a&nbsp;<strong>Barragem do Fund\u00e3o<\/strong>, da mineradora Samarco \u2014 controlada por Vale e BHP \u2014 rompeu-se e liberou&nbsp;<strong>55 milh\u00f5es de metros c\u00fabicos de rejeitos de min\u00e9rio de ferro<\/strong>, provocando o maior desastre ambiental j\u00e1 registrado no pa\u00eds em volume de rejeitos despejados na natureza.<\/p>\n\n\n\n<p>A enxurrada de lama varreu em minutos o distrito de&nbsp;<strong>Bento Rodrigues<\/strong>, a 8 km do local, destruindo casas, mem\u00f3rias e vidas.&nbsp;<strong>Dezenove pessoas morreram<\/strong>. Em apenas 15 minutos, o povoado de 620 moradores deixou de existir. Hoje, restam ru\u00ednas.<\/p>\n\n\n\n<p>Por&nbsp;<strong>16 dias<\/strong>, a lama contaminada avan\u00e7ou pelos&nbsp;<strong>853 km do Rio Doce<\/strong>, afetando 39 munic\u00edpios de Minas Gerais e Esp\u00edrito Santo e impactando a vida de&nbsp;<strong>1,2 milh\u00e3o de pessoas<\/strong>. Houve escassez de \u00e1gua, preju\u00edzos ao turismo, perda de renda de pescadores, destrui\u00e7\u00e3o de ecossistemas e&nbsp;<strong>mais de 2 mil hectares de terras ficaram inutilizados<\/strong>&nbsp;para plantio.<\/p>\n\n\n\n<p>A onda de rejeitos atingiu a foz do rio em 21 de novembro, espalhando-se por um raio de 80 km no mar e provocando danos severos \u00e0 ind\u00fastria pesqueira e \u00e0s comunidades tradicionais.<\/p>\n\n\n\n<figure class=\"wp-block-image size-full\"><img decoding=\"async\" width=\"860\" height=\"570\" src=\"https:\/\/diariodocomercio.com.br\/mix\/wp-content\/uploads\/2025\/12\/IMG_1902.jpeg\" alt=\"\" class=\"wp-image-28265\" srcset=\"https:\/\/diariodocomercio.com.br\/mix\/wp-content\/uploads\/2025\/12\/IMG_1902.jpeg 860w, https:\/\/diariodocomercio.com.br\/mix\/wp-content\/uploads\/2025\/12\/IMG_1902-300x199.jpeg 300w, https:\/\/diariodocomercio.com.br\/mix\/wp-content\/uploads\/2025\/12\/IMG_1902-768x509.jpeg 768w, https:\/\/diariodocomercio.com.br\/mix\/wp-content\/uploads\/2025\/12\/IMG_1902-150x99.jpeg 150w, https:\/\/diariodocomercio.com.br\/mix\/wp-content\/uploads\/2025\/12\/IMG_1902-750x497.jpeg 750w\" sizes=\"(max-width: 860px) 100vw, 860px\" \/><\/figure>\n\n\n\n<h2 class=\"wp-block-heading\"><strong>10 anos depois: repara\u00e7\u00e3o incompleta e processos sem desfecho<\/strong><\/h2>\n\n\n\n<p>Uma d\u00e9cada ap\u00f3s a trag\u00e9dia, a justi\u00e7a brasileira ainda n\u00e3o deu uma resposta final.<\/p>\n\n\n\n<p>Em novembro de 2024, a Justi\u00e7a Federal\u00a0<strong>absolveu a Samarco, a Vale, a BHP e todos os r\u00e9us<\/strong>, alegando falta de provas de condutas individuais que levaram ao rompimento.<\/p>\n\n\n\n<p>O Minist\u00e9rio P\u00fablico Federal recorreu, afirmando que havia\u00a0<strong>omiss\u00f5es organizacionais graves<\/strong>\u00a0e que dirigentes tinham plena ci\u00eancia dos riscos de liquefa\u00e7\u00e3o da barragem. O recurso ainda n\u00e3o foi julgado, e parte dos crimes j\u00e1 prescreveu.<\/p>\n\n\n\n<p>O MPF pede responsabiliza\u00e7\u00e3o de seis ex-dirigentes:<br><strong>Ricardo Vescovi, Kleber Terra, Germano Lopes, Wagner Alves, Davi\u00e9ly Silva e Samuel Paes Loures.<\/strong><\/p>\n\n\n\n<h3 class=\"wp-block-heading\"><strong>Indeniza\u00e7\u00f5es e acordos de repara\u00e7\u00e3o<\/strong><\/h3>\n\n\n\n<p>Em outubro de 2024, mineradoras e governos firmaram novo acordo de\u00a0<strong>R$ 170 bilh\u00f5es<\/strong>\u00a0para repara\u00e7\u00e3o socioambiental.<\/p>\n\n\n\n<p>Desses,\u00a0<strong>R$ 32 bilh\u00f5es<\/strong>\u00a0ficaram sob execu\u00e7\u00e3o direta da Samarco. A empresa afirma ter pago\u00a0<strong>R$ 14 bilh\u00f5es<\/strong>\u00a0em indeniza\u00e7\u00f5es e aux\u00edlios. A Funda\u00e7\u00e3o Renova registrava\u00a0<strong>R$ 18,1 bilh\u00f5es<\/strong>\u00a0executados at\u00e9 setembro de 2024.<\/p>\n\n\n\n<p>Mesmo assim, comunidades atingidas \u2014 como Bento Rodrigues, Paracatu e Gesteira \u2014 dizem que o&nbsp;<strong>reassentamento \u00e9 lento<\/strong>&nbsp;e que a repara\u00e7\u00e3o n\u00e3o corresponde \u00e0 magnitude da trag\u00e9dia.<\/p>\n\n\n\n<h2 class=\"wp-block-heading\"><strong>Avan\u00e7o no exterior: Justi\u00e7a inglesa condena a BHP<\/strong><\/h2>\n\n\n\n<p>Enquanto no Brasil o processo patina, no Reino Unido houve um marco.<\/p>\n\n\n\n<p>Em dezembro de 2024, a\u00a0<strong>Justi\u00e7a da Inglaterra condenou a BHP<\/strong>\u00a0em uma a\u00e7\u00e3o coletiva movida por\u00a0<strong>620 mil atingidos<\/strong>, incluindo moradores, empresas, munic\u00edpios e institui\u00e7\u00f5es religiosas.<\/p>\n\n\n\n<p>Os autores reivindicam\u00a0<strong>cerca de R$ 230 bilh\u00f5es<\/strong>\u00a0em indeniza\u00e7\u00f5es. A decis\u00e3o reconhece a responsabilidade da empresa, embora o valor final ainda n\u00e3o tenha sido definido.<\/p>\n\n\n\n<p>Trata-se do&nbsp;<strong>maior processo internacional j\u00e1 analisado<\/strong>&nbsp;sobre um desastre socioambiental brasileiro.<\/p>\n\n\n\n<h2 class=\"wp-block-heading\"><strong>A ferida ainda aberta<\/strong><\/h2>\n\n\n\n<p>Dez anos depois, o desastre de Mariana continua sendo uma ferida aberta na hist\u00f3ria ambiental, social e jur\u00eddica do Brasil.<\/p>\n\n\n\n<p>A lama secou, mas deixou marcas profundas: comunidades deslocadas, pescadores sem sustento, \u00e1reas contaminadas e uma longa disputa judicial que parece longe do fim.<\/p>\n\n\n\n<p>O colapso da barragem de Fund\u00e3o n\u00e3o apagou apenas um distrito \u2014 exp\u00f4s um modelo de minera\u00e7\u00e3o marcado por fragilidades, omiss\u00f5es e falta de fiscaliza\u00e7\u00e3o. E, para milhares de atingidos, a reconstru\u00e7\u00e3o segue em curso, lenta, fragmentada e, para muitos, insuficiente.<\/p>\n","protected":false},"excerpt":{"rendered":"<p>O dia&nbsp;5 de novembro de 2015&nbsp;marcou para sempre a hist\u00f3ria ambiental do Brasil. \u00c0s 16h20, a&nbsp;Barragem do Fund\u00e3o, da mineradora Samarco \u2014 controlada por Vale e BHP \u2014 rompeu-se e liberou&nbsp;55 milh\u00f5es de metros c\u00fabicos de rejeitos de min\u00e9rio de ferro, provocando o maior desastre ambiental j\u00e1 registrado no pa\u00eds em volume de rejeitos despejados [&hellip;]<\/p>\n","protected":false},"author":9,"featured_media":28264,"comment_status":"closed","ping_status":"closed","sticky":false,"template":"","format":"standard","meta":{"jnews-multi-image_gallery":[],"jnews_single_post":{"format":"standard"},"jnews_primary_category":[],"jnews_social_meta":[],"jnews_override_counter":[],"jnews_post_split":[],"footnotes":""},"categories":[1],"tags":[],"class_list":["post-28258","post","type-post","status-publish","format-standard","has-post-thumbnail","hentry","category-geral"],"_referencia":"","_links":{"self":[{"href":"https:\/\/diariodocomercio.com.br\/mix\/wp-json\/wp\/v2\/posts\/28258","targetHints":{"allow":["GET"]}}],"collection":[{"href":"https:\/\/diariodocomercio.com.br\/mix\/wp-json\/wp\/v2\/posts"}],"about":[{"href":"https:\/\/diariodocomercio.com.br\/mix\/wp-json\/wp\/v2\/types\/post"}],"author":[{"embeddable":true,"href":"https:\/\/diariodocomercio.com.br\/mix\/wp-json\/wp\/v2\/users\/9"}],"replies":[{"embeddable":true,"href":"https:\/\/diariodocomercio.com.br\/mix\/wp-json\/wp\/v2\/comments?post=28258"}],"version-history":[{"count":3,"href":"https:\/\/diariodocomercio.com.br\/mix\/wp-json\/wp\/v2\/posts\/28258\/revisions"}],"predecessor-version":[{"id":28266,"href":"https:\/\/diariodocomercio.com.br\/mix\/wp-json\/wp\/v2\/posts\/28258\/revisions\/28266"}],"wp:featuredmedia":[{"embeddable":true,"href":"https:\/\/diariodocomercio.com.br\/mix\/wp-json\/wp\/v2\/media\/28264"}],"wp:attachment":[{"href":"https:\/\/diariodocomercio.com.br\/mix\/wp-json\/wp\/v2\/media?parent=28258"}],"wp:term":[{"taxonomy":"category","embeddable":true,"href":"https:\/\/diariodocomercio.com.br\/mix\/wp-json\/wp\/v2\/categories?post=28258"},{"taxonomy":"post_tag","embeddable":true,"href":"https:\/\/diariodocomercio.com.br\/mix\/wp-json\/wp\/v2\/tags?post=28258"}],"curies":[{"name":"wp","href":"https:\/\/api.w.org\/{rel}","templated":true}]}}