{"id":28301,"date":"2025-12-05T09:03:01","date_gmt":"2025-12-05T12:03:01","guid":{"rendered":"https:\/\/diariodocomercio.com.br\/mix\/?p=28301"},"modified":"2025-12-05T09:03:04","modified_gmt":"2025-12-05T12:03:04","slug":"unidades-de-saude-serao-fechadas-nos-proximos-dias-e-so-retomam-as-atividades-na-terca-feira-09-12","status":"publish","type":"post","link":"https:\/\/diariodocomercio.com.br\/mix\/unidades-de-saude-serao-fechadas-nos-proximos-dias-e-so-retomam-as-atividades-na-terca-feira-09-12\/","title":{"rendered":"Unidades de sa\u00fade ser\u00e3o fechadas nos pr\u00f3ximos dias e s\u00f3 retomam as atividades na ter\u00e7a-feira (09\/12)"},"content":{"rendered":"\n<p>N\u00e3o temos mais nenhum feriado nacional at\u00e9 o Natal, mas v\u00e1rias cidades v\u00e3o celebrar um feriado municipal na pr\u00f3xima segunda-feira (8). Em Macei\u00f3, capital de Alagoas, ainda ser\u00e1 um feriado prolongado, j\u00e1 que ela est\u00e1 em ponto facultativo nesta sexta (5), devido ao anivers\u00e1rio da cidade. Para os moradores de Macei\u00f3, aten\u00e7\u00e3o: esse &#8220;feriad\u00e3o&#8221; vai afetar o atendimento de unidades de sa\u00fade b\u00e1sicas, que retomam os atendimentos apenas na pr\u00f3xima ter\u00e7a (9).<\/p>\n\n\n\n<p>O Pam Salgadinho \u00e9 uma exce\u00e7\u00e3o, funcionando nesta sexta, mas fechando na segunda. Assim como as unidades de sa\u00fade, o Centro de Controle de Zoonoses (CCZ) fecha nesta sexta e s\u00f3 retoma os atendimentos na ter\u00e7a, mas ele mantem um regime de plant\u00e3o para poss\u00edveis apreens\u00f5es de animais e den\u00fancias da popula\u00e7\u00e3o. O plant\u00e3o ser\u00e1 das 8h \u00e0s 16n.<\/p>\n\n\n\n<p>J\u00e1 a vacina\u00e7\u00e3o nos pontos fixos dos shoppings da capital alagoana continua funcionando normalmente tanto na sexta quanto na segunda, assim como durante o fim de semana. Confira os hor\u00e1rios:<\/p>\n\n\n\n<ul class=\"wp-block-list\">\n<li>Macei\u00f3 Shopping: 12h \u00e0s 20h;<\/li>\n\n\n\n<li>P\u00e1tio Shopping: 12h \u00e0s 20h.<\/li>\n<\/ul>\n\n\n\n<p>O dia 8 de dezembro \u00e9 a celebra\u00e7\u00e3o cat\u00f3lica do Dia de Nossa Senhora da Concei\u00e7\u00e3o ou Dia da Imaculada Concei\u00e7\u00e3o, uma das faces da Virgem Maria. Das 27 capitais brasileiras, 13 decretaram a data como feriado, normalmente por terem a santa como padroeira da cidade.<\/p>\n\n\n\n<h2 class=\"wp-block-heading\">Dia 8 \u00e9 feriado nas seguintes capitais brasileiras:<\/h2>\n\n\n\n<ul class=\"wp-block-list\">\n<li>Aracaju, Sergipe;<\/li>\n\n\n\n<li>Bel\u00e9m, Par\u00e1;<\/li>\n\n\n\n<li>Belo Horizonte, Minas Gerais;<\/li>\n\n\n\n<li>Boa Vista, Roraima;<\/li>\n\n\n\n<li>Cuiab\u00e1, Mato Grosso;<\/li>\n\n\n\n<li>Jo\u00e3o Pessoa, Para\u00edba;<\/li>\n\n\n\n<li>Macap\u00e1, Amap\u00e1;<\/li>\n\n\n\n<li>Macei\u00f3, Alagoas;<\/li>\n\n\n\n<li>Manaus, Amazonas;<\/li>\n\n\n\n<li>Recife, Pernambuco;<\/li>\n\n\n\n<li>Salvador, Bahia;<\/li>\n\n\n\n<li>S\u00e3o Lu\u00eds, Maranh\u00e3o;<\/li>\n\n\n\n<li>Teresina, Piau\u00ed.<\/li>\n<\/ul>\n\n\n\n<style>@media (min-width: 992px) {\n    .recomendadorV2Area1 {\n        width: 280px;\n    }\n    .recomendadorV2Area2 {\n        padding: 0px 20px;\n        width: calc(100% - 280px);\n    }\n}\n\n@media (max-width: 992px) {\n    .recomendadorV2Button {\n        margin: 0 auto;\n    }\n    .recomendadorV2Area {\n        flex-direction: column;\n        text-align: center;\n    }\n    .recomendadorV2Area2 {\n        padding: 0px 20px;\n    }\n}\n\n.recomendadorV2Area {\n    background: #eeeeee3d;\n    border-radius: 10px;\n    padding: 15px;\n    display: flex;\n    margin: 15px auto;\n    border: 1px solid #00000014;\n    max-width: 800px;\n}\n\n.recomendadorV2Area1 img {\n    width: 280px;\n    height: auto;\n    border-radius: 8px;\n}\n\n.linkrecomendadorv2 {\n    text-decoration: none !important;\n}\n\n.recomendadorV2Area2 .recomendadorV2Type {\n    text-transform: uppercase;\n    font-weight: 500;\n    font-size: 11px;\n    letter-spacing: 2px;\n    color: #666;\n    margin: 12px 0;\n    display: block;\n}\n\n.recomendadorV2Title h2 {\n    padding-top: 0px !important;\n    margin: 0px !important;\n    border-left: none !important;\n    padding-left: 0px !important;\n    line-height: 1.3;\n    color: #000 !important;\n    font-size: 24px;\n    margin-bottom: 12px !important;\n}\n\n.recomendadorV2Desc {\n    color: #333;\n    margin: 12px 0px !important;\n    font-size: 15px;\n    line-height: 1.5;\n}\n\n.recomendadorV2Button {\n    width: auto;\n    max-width: 200px;\n    margin: 0;\n    display: inline-flex;\n    align-items: center;\n    background: #1D3557;\n    border-radius: 8px;\n    color: #fff;\n    height: 36px;\n    justify-content: center;\n    text-align: center;\n    font-size: 14px;\n    padding: 0 20px;\n    transition: background-color 0.2s ease;\n}\n\n.recomendadorV2Button:hover {\n    background: #2a4d7a;\n}\n\n.recomendadorV2Button:after {\n    margin-top: -2px;\n    content: \"\u2192\";\n    padding: 0px 0px 0px 8px;\n}\n\n.recomendadorV2Alert {\n    text-align: left;\n    font-size: 11px;\n    margin-top: 8px;\n    color: #666;\n}\n\n.recomendadorFixedArea {\n    width: 100%;\n    display: flex;\n    justify-content: center;\n    align-items: center;\n}\n\n@media (min-width: 992px) {\n    #recomendadorFixed {\n        width: 32% !important;\n        left: 5%;\n    }\n    .recomendadorCloseFixed{\n        right: inherit !important;\n        left: 378px !important;\n    }\n}\n\n#recomendadorFixed {\n    width: 90%;\n    box-shadow: 0 10px 20px 0px #00000057;\n    display: none;\n    height: 90px;\n    background: #F6F6F6;\n    position: fixed;\n    flex-direction: row;\n    bottom: 10px;\n    z-index: 9999;\n    border-radius: 16px;\n    padding: 7px 10px;\n}\n\n.recomendadorLeftArea {\n    width: 160px;\n}\n\n.recomendadorRightArea h2 {\n    padding-top: 0px;\n    margin: 2px 0px 4px 0px !important;\n    font-weight: 400;\n    text-align: center;\n    padding-left: 0px !important;\n    color: #000 !important;\n    border-left: none !important;\n    line-height: 20px;\n    font-size: 12px !important;\n}\n\n.recomendadorImgFixed {\n    overflow: hidden;\n    padding: 8px 6px;\n    height: 100%;\n}\n\n.recomendadorImgFixed img {\n    height: 100% !important;\n    border-radius: 16px;\n}\n\n.recomendadorRightArea {\n    padding-top: 6px;\n    display: flex;\n    width: calc(100% - 130px);\n    justify-content: space-between;\n    align-items: center;\n    flex-direction: column;\n}\n\n.recomendadorButtonFixed {\n    margin: 0 auto;\n    background: #1D3557;\n    width: 80%;\n    text-align: center;\n    font-size: 10px;\n    color: #FFF;\n    padding: 2px 10px;\n    border-radius: 3px;\n}\n\n.recomendadorButtonFixed:after {\n    margin-top: -3px;\n    content: \"\u2192\";\n    padding: 0px 0px 0px 10px;\n}\n\n.recomendadorAlertFixed {\n    font-weight: 400;\n    text-align: center;\n    color: #484848;\n    font-size: 8px;\n}\n\n.recomendadorCloseFixed {\n    z-index: 99999;\n    display: none;\n    right: 0px;\n    left: inherit;\n    bottom: 99px;\n    position: fixed;\n    justify-content: center;\n    background: #F6F6F6;\n    width: 25px;\n    align-items: center;\n    height: 25px;\n    font-weight: 800;\n    border-radius: 50%;\n    border: 1px solid #EBEBEB;\n}\n\n.recomendadorV2Desc{\n    color: #000000;\n    margin: 20px 0px;\n}\n\n@media (max-width: 576px) {\n    .recomendadorV2Area {\n      padding: 10px;\n      max-width: 100%;\n    }\n  \n    .recomendadorV2Area1 img {\n      width: 100%;\n      border-radius: 6px;\n    }\n  \n    .recomendadorV2Area2 .recomendadorV2Type {\n      font-size: 9px;\n      letter-spacing: 1px;\n      margin: 8px 0;\n    }\n  \n    .recomendadorV2Title h2 {\n      font-size: 18px !important;\n      margin-bottom: 8px !important;\n      line-height: 1.2;\n    }\n  \n    .recomendadorV2Desc {\n      font-size: 14px;\n      margin: 8px 0 !important;\n      line-height: 1.4;\n    }\n  \n    .recomendadorV2Button {\n      font-size: 14px;\n      height: 40px;\n      padding: 0 12px;\n      max-width: 100%;\n      width: 100%;\n    }\n  \n    .recomendadorV2Button:after {\n      padding-left: 6px;\n    }\n  }\n  <\/style>\n        <div class=\"lazyblock-recomendador-v2-2jDGz wp-block-lazyblock-recomendador-v2\">\n        <a class=\"linkrecomendadorv2\" href=\"https:\/\/diariodocomercio.com.br\/mix\/praia-mais-poluida-de-sao-paulo-quem-mergulha-corre-serios-riscos-de-vida\/\">\n            <div class=\"recomendadorV2Area\">\n            <div class=\"recomendadorV2Area1\">\n                <div class=\"recomendadorV2Img\">\n                <img class=\"lazyloaded\" decoding=\"async\" src=\"https:\/\/diariodocomercio.com.br\/mix\/wp-content\/uploads\/2025\/12\/praia-do-pereque-sao-paulo.jpg\" data-src=\"https:\/\/diariodocomercio.com.br\/mix\/wp-content\/uploads\/2025\/12\/praia-do-pereque-sao-paulo.jpg\" alt=\"\">\n                <\/div>\n            <\/div>\n            <div class=\"recomendadorV2Area2\">\n                <div class=\"recomendadorV2Type\">\n                    <span>SA\u00daDE<\/span>\n                <\/div>\n                <div class=\"recomendadorV2Title\">\n                <h2><span>Praia mais polu\u00edda de S\u00e3o Paulo: quem mergulha corre s\u00e9rios riscos de vida<\/span><\/h2>\n                <\/div>\n                <div class=\"recomendadorV2Desc\">\n                <span>Essa praia em S\u00e3o Paulo chama a aten\u00e7\u00e3o pela beleza, mas ela foi considerada impr\u00f3pria para banho e sua \u00e1gua \u2026<\/span>\n                <\/div>\n                <div class=\"recomendadorV2Button\">Leia mais<\/div>\n                <div class=\"recomendadorV2Alert\"><\/div>\n            <\/div>\n            <\/div>\n        <\/a>\n        <div>\n            <div style=\"z-index:99999;\" id=\"buttonClose\" onclick=\"closeRecomendadorFixed()\">\n            <div class=\"recomendadorCloseFixed\">X<\/div>\n            <\/div>\n            <a href=\"https:\/\/diariodocomercio.com.br\/mix\/praia-mais-poluida-de-sao-paulo-quem-mergulha-corre-serios-riscos-de-vida\/\">\n            <div class=\"recomendadorFixedArea\">\n                <div id=\"recomendadorFixed\">\n                <div class=\"recomendadorLeftArea\">\n                    <div class=\"recomendadorImgFixed\">\n                    <img class=\"lazyload\" decoding=\"async\" src=\"https:\/\/diariodocomercio.com.br\/mix\/wp-content\/uploads\/2025\/12\/praia-do-pereque-sao-paulo.jpg\" alt=\"\">\n                    <\/div>\n                <\/div>\n                <div class=\"recomendadorRightArea\">\n                    <div class=\"recomendadorTitleFixed\">\n                    <h2><span>Praia mais polu\u00edda de S\u00e3o Paulo: quem mergulha corre s\u00e9rios riscos de vida<\/span><\/h2>\n                    <\/div>\n                    <div class=\"recomendadorButtonFixed\">Leia mais<\/div>\n                    <div class=\"recomendadorAlertFixed\"><\/div>\n                <\/div>\n                <\/div>\n            <\/div>\n            <\/a>\n        <\/div>\n        <\/div>\n","protected":false},"excerpt":{"rendered":"<p>N\u00e3o temos mais nenhum feriado nacional at\u00e9 o Natal, mas v\u00e1rias cidades v\u00e3o celebrar um feriado municipal na pr\u00f3xima segunda-feira (8). Em Macei\u00f3, capital de Alagoas, ainda ser\u00e1 um feriado prolongado, j\u00e1 que ela est\u00e1 em ponto facultativo nesta sexta (5), devido ao anivers\u00e1rio da cidade. Para os moradores de Macei\u00f3, aten\u00e7\u00e3o: esse &#8220;feriad\u00e3o&#8221; vai [&hellip;]<\/p>\n","protected":false},"author":6,"featured_media":4441,"comment_status":"closed","ping_status":"closed","sticky":false,"template":"","format":"standard","meta":{"jnews-multi-image_gallery":[],"jnews_single_post":{"format":"standard"},"jnews_primary_category":[],"jnews_social_meta":[],"jnews_override_counter":[],"jnews_post_split":[],"footnotes":""},"categories":[1],"tags":[],"class_list":["post-28301","post","type-post","status-publish","format-standard","has-post-thumbnail","hentry","category-geral"],"_referencia":"","_links":{"self":[{"href":"https:\/\/diariodocomercio.com.br\/mix\/wp-json\/wp\/v2\/posts\/28301","targetHints":{"allow":["GET"]}}],"collection":[{"href":"https:\/\/diariodocomercio.com.br\/mix\/wp-json\/wp\/v2\/posts"}],"about":[{"href":"https:\/\/diariodocomercio.com.br\/mix\/wp-json\/wp\/v2\/types\/post"}],"author":[{"embeddable":true,"href":"https:\/\/diariodocomercio.com.br\/mix\/wp-json\/wp\/v2\/users\/6"}],"replies":[{"embeddable":true,"href":"https:\/\/diariodocomercio.com.br\/mix\/wp-json\/wp\/v2\/comments?post=28301"}],"version-history":[{"count":1,"href":"https:\/\/diariodocomercio.com.br\/mix\/wp-json\/wp\/v2\/posts\/28301\/revisions"}],"predecessor-version":[{"id":28302,"href":"https:\/\/diariodocomercio.com.br\/mix\/wp-json\/wp\/v2\/posts\/28301\/revisions\/28302"}],"wp:featuredmedia":[{"embeddable":true,"href":"https:\/\/diariodocomercio.com.br\/mix\/wp-json\/wp\/v2\/media\/4441"}],"wp:attachment":[{"href":"https:\/\/diariodocomercio.com.br\/mix\/wp-json\/wp\/v2\/media?parent=28301"}],"wp:term":[{"taxonomy":"category","embeddable":true,"href":"https:\/\/diariodocomercio.com.br\/mix\/wp-json\/wp\/v2\/categories?post=28301"},{"taxonomy":"post_tag","embeddable":true,"href":"https:\/\/diariodocomercio.com.br\/mix\/wp-json\/wp\/v2\/tags?post=28301"}],"curies":[{"name":"wp","href":"https:\/\/api.w.org\/{rel}","templated":true}]}}