{"id":28314,"date":"2025-12-05T11:38:47","date_gmt":"2025-12-05T14:38:47","guid":{"rendered":"https:\/\/diariodocomercio.com.br\/mix\/?p=28314"},"modified":"2025-12-05T17:44:39","modified_gmt":"2025-12-05T20:44:39","slug":"ha-11-anos-stephen-hawking-fez-previsao-assustadora-que-pode-se-tornar-realidade","status":"publish","type":"post","link":"https:\/\/diariodocomercio.com.br\/mix\/ha-11-anos-stephen-hawking-fez-previsao-assustadora-que-pode-se-tornar-realidade\/","title":{"rendered":"H\u00e1 11 anos, Stephen Hawking fez previs\u00e3o assustadora que pode se tornar realidade"},"content":{"rendered":"\n<p>Em 2014, o f\u00edsico Stephen Hawking deu uma declara\u00e7\u00e3o bem reflexiva para o que vivemos atualmente. Em entrevista \u00e0 BBC, afirmou que\u00a0<strong>\u201co desenvolvimento da intelig\u00eancia artificial total poderia significar o fim da ra\u00e7a humana\u201d<\/strong>. A advert\u00eancia, feita quatro anos antes de sua morte, n\u00e3o se referia a rob\u00f4s assassinos, mas ao risco criado pelo surgimento de uma intelig\u00eancia capaz de se autoaperfei\u00e7oar mais r\u00e1pido do que os seres humanos podem acompanhar.<\/p>\n\n\n\n<p>Hawking alertava que, enquanto a evolu\u00e7\u00e3o humana \u00e9 lenta e biol\u00f3gica, uma IA avan\u00e7ada poderia dar \u201csaltos exponenciais\u201d, assumindo controle de processos cr\u00edticos e criando um desequil\u00edbrio irrevers\u00edvel. Agora, em 2025, parte de suas previs\u00f5es \u2014 antes vistas como exagero \u2014 come\u00e7am a ganhar contornos reais.<\/p>\n\n\n\n<p>O tema n\u00e3o era novo para o f\u00edsico. Em 1995, no programa&nbsp;<em>Tomorrow\u2019s World<\/em>, da BBC, Hawking imaginou como seria o mundo trinta anos depois. Ele previu a consolida\u00e7\u00e3o de uma&nbsp;<strong>\u201cinternet mundial\u201d<\/strong>, a digitaliza\u00e7\u00e3o da sociedade e o surgimento de sistemas inteligentes capazes de \u201cdecidir\u201d de forma aut\u00f4noma \u2014 proje\u00e7\u00f5es que hoje s\u00e3o parte do cotidiano.<\/p>\n\n\n\n<p>J\u00e1 em 2014, ao comentar o sistema de comunica\u00e7\u00e3o baseado em IA que utilizava, refor\u00e7ou sua preocupa\u00e7\u00e3o.<\/p>\n\n\n\n<blockquote class=\"wp-block-quote is-layout-flow wp-block-quote-is-layout-flow\">\n<p>\u201cO desenvolvimento da intelig\u00eancia artificial total poderia significar o fim da ra\u00e7a humana\u201d, afirmou Hawking na \u00e9poca.<\/p>\n<\/blockquote>\n\n\n\n<p>Segundo ele, a amea\u00e7a n\u00e3o estava na maldade das m\u00e1quinas, mas em suas metas mal alinhadas aos interesses humanos \u2014 um sistema eficiente demais poderia tratar pessoas como obst\u00e1culos.<\/p>\n\n\n\n<h2 class=\"wp-block-heading\"><strong>O que Hawking previu \u2014 e j\u00e1 se cumpriu<\/strong><\/h2>\n\n\n\n<h3 class=\"wp-block-heading\"><strong>Dom\u00ednio da IA e autonomia crescente<\/strong><\/h3>\n\n\n\n<p>Modelos como GPT-4 e sucessores superam humanos em tarefas de escrita, an\u00e1lise, tradu\u00e7\u00e3o, codifica\u00e7\u00e3o e tomada de decis\u00f5es. A IA est\u00e1 integrada a diagn\u00f3sticos m\u00e9dicos, opera\u00e7\u00f5es financeiras e sistemas legais, aproximando-se do cen\u00e1rio de autonomia que Hawking antecipava.<\/p>\n\n\n\n<h3 class=\"wp-block-heading\"><strong>Automa\u00e7\u00e3o em massa e impacto econ\u00f4mico<\/strong><\/h3>\n\n\n\n<p>O f\u00edsico alertou que a tecnologia substituiria milh\u00f5es de empregos, exigindo reorganiza\u00e7\u00e3o radical do trabalho e at\u00e9 pol\u00edticas como renda b\u00e1sica universal. Em 2025, automa\u00e7\u00e3o tomou postos em atendimento, log\u00edstica, jornalismo e advocacia, dando raz\u00e3o \u00e0s suas estimativas.<\/p>\n\n\n\n<h3 class=\"wp-block-heading\"><strong>Risco existencial e falta de controle<\/strong><\/h3>\n\n\n\n<p>Hawking temia sistemas capazes de se redesenharem \u2014 uma linha de pesquisa que hoje avan\u00e7a com modelos autoajust\u00e1veis e agentes aut\u00f4nomos. Ele comparava o risco ao de \u201chumanos tratados como formigas\u201d diante de intelig\u00eancias mais poderosas.<\/p>\n\n\n\n<h2 class=\"wp-block-heading\"><strong>Regula\u00e7\u00e3o \u00e9tica: o que falta e o que avan\u00e7a<\/strong><\/h2>\n\n\n\n<p>Hawking defendia normas internacionais para controlar o desenvolvimento da IA e evitar usos militares ou abusos corporativos. Incentivou a cria\u00e7\u00e3o do&nbsp;<strong>Leverhulme Centre for the Future of Intelligence<\/strong>, na Universidade de Cambridge, dedicado a estudar os impactos de longo prazo da tecnologia.<\/p>\n\n\n\n<p>Em 2025, governos debatem tratados globais sobre IA, discutem transpar\u00eancia algor\u00edtmica e tentam limitar armas aut\u00f4nomas \u2014 justamente como ele recomendava h\u00e1 mais de uma d\u00e9cada.<\/p>\n","protected":false},"excerpt":{"rendered":"<p>Em 2014, o f\u00edsico Stephen Hawking deu uma declara\u00e7\u00e3o bem reflexiva para o que vivemos atualmente. Em entrevista \u00e0 BBC, afirmou que\u00a0\u201co desenvolvimento da intelig\u00eancia artificial total poderia significar o fim da ra\u00e7a humana\u201d. A advert\u00eancia, feita quatro anos antes de sua morte, n\u00e3o se referia a rob\u00f4s assassinos, mas ao risco criado pelo surgimento [&hellip;]<\/p>\n","protected":false},"author":9,"featured_media":7272,"comment_status":"closed","ping_status":"closed","sticky":false,"template":"","format":"standard","meta":{"jnews-multi-image_gallery":[],"jnews_single_post":{"format":"standard"},"jnews_primary_category":[],"jnews_social_meta":[],"jnews_override_counter":[],"jnews_post_split":[],"footnotes":""},"categories":[1],"tags":[],"class_list":["post-28314","post","type-post","status-publish","format-standard","has-post-thumbnail","hentry","category-geral"],"_referencia":"","_links":{"self":[{"href":"https:\/\/diariodocomercio.com.br\/mix\/wp-json\/wp\/v2\/posts\/28314","targetHints":{"allow":["GET"]}}],"collection":[{"href":"https:\/\/diariodocomercio.com.br\/mix\/wp-json\/wp\/v2\/posts"}],"about":[{"href":"https:\/\/diariodocomercio.com.br\/mix\/wp-json\/wp\/v2\/types\/post"}],"author":[{"embeddable":true,"href":"https:\/\/diariodocomercio.com.br\/mix\/wp-json\/wp\/v2\/users\/9"}],"replies":[{"embeddable":true,"href":"https:\/\/diariodocomercio.com.br\/mix\/wp-json\/wp\/v2\/comments?post=28314"}],"version-history":[{"count":1,"href":"https:\/\/diariodocomercio.com.br\/mix\/wp-json\/wp\/v2\/posts\/28314\/revisions"}],"predecessor-version":[{"id":28315,"href":"https:\/\/diariodocomercio.com.br\/mix\/wp-json\/wp\/v2\/posts\/28314\/revisions\/28315"}],"wp:featuredmedia":[{"embeddable":true,"href":"https:\/\/diariodocomercio.com.br\/mix\/wp-json\/wp\/v2\/media\/7272"}],"wp:attachment":[{"href":"https:\/\/diariodocomercio.com.br\/mix\/wp-json\/wp\/v2\/media?parent=28314"}],"wp:term":[{"taxonomy":"category","embeddable":true,"href":"https:\/\/diariodocomercio.com.br\/mix\/wp-json\/wp\/v2\/categories?post=28314"},{"taxonomy":"post_tag","embeddable":true,"href":"https:\/\/diariodocomercio.com.br\/mix\/wp-json\/wp\/v2\/tags?post=28314"}],"curies":[{"name":"wp","href":"https:\/\/api.w.org\/{rel}","templated":true}]}}