{"id":28320,"date":"2025-12-05T08:06:00","date_gmt":"2025-12-05T11:06:00","guid":{"rendered":"https:\/\/diariodocomercio.com.br\/mix\/?p=28320"},"modified":"2025-12-25T19:29:39","modified_gmt":"2025-12-25T22:29:39","slug":"cidade-brasileira-supera-portugal-e-entra-para-o-livro-dos-recordes","status":"publish","type":"post","link":"https:\/\/diariodocomercio.com.br\/mix\/cidade-brasileira-supera-portugal-e-entra-para-o-livro-dos-recordes\/","title":{"rendered":"Cidade brasileira supera Portugal e entra para o livro dos recordes"},"content":{"rendered":"\n<p>Londrina, no norte do Paran\u00e1, acaba de superar \u00c1gueda, em Portugal, e conquistar o t\u00edtulo de\u00a0<strong>maior Papai Noel flutuante do mundo<\/strong>. A escultura de\u00a0<strong>27 metros de altura<\/strong>, instalada sobre balsas no Lago Igap\u00f3 2, foi inaugurada no domingo (30) e ser\u00e1 oficialmente homologada pelo\u00a0<em>Guinness World Records<\/em>\u00a0nesta sexta (5). Ao custo de R$ 1,8 milh\u00e3o, a estrutura marca a abertura do\u00a0<strong>LondriNatal 2025<\/strong>\u00a0e promete proje\u00e7\u00e3o internacional \u00e0 cidade.<\/p>\n\n\n\n<figure class=\"wp-block-image size-full\"><img decoding=\"async\" width=\"1066\" height=\"800\" src=\"https:\/\/diariodocomercio.com.br\/mix\/wp-content\/uploads\/2025\/12\/image-1.png\" alt=\"Papai Noel\" class=\"wp-image-27612\" srcset=\"https:\/\/diariodocomercio.com.br\/mix\/wp-content\/uploads\/2025\/12\/image-1.png 1066w, https:\/\/diariodocomercio.com.br\/mix\/wp-content\/uploads\/2025\/12\/image-1-300x225.png 300w, https:\/\/diariodocomercio.com.br\/mix\/wp-content\/uploads\/2025\/12\/image-1-768x576.png 768w, https:\/\/diariodocomercio.com.br\/mix\/wp-content\/uploads\/2025\/12\/image-1-150x113.png 150w, https:\/\/diariodocomercio.com.br\/mix\/wp-content\/uploads\/2025\/12\/image-1-750x563.png 750w\" sizes=\"(max-width: 1066px) 100vw, 1066px\" \/><figcaption class=\"wp-element-caption\">(Reprodu\u00e7\u00e3o\/CMTU)<\/figcaption><\/figure>\n\n\n\n<p>At\u00e9 novembro, o recorde pertencia \u00e0 pequena \u00c1gueda, que mantinha h\u00e1 uma d\u00e9cada um Papai Noel de&nbsp;<strong>21 metros<\/strong>, iluminado por mais de 250 mil LEDs. Londrina, entretanto, ultrapassou a marca com folga: al\u00e9m dos 27 metros de altura, o boneco natalino soma&nbsp;<strong>15 toneladas<\/strong>, cerca de&nbsp;<strong>450 mil l\u00e2mpadas de LED<\/strong>&nbsp;e quase&nbsp;<strong>70 pe\u00e7as estruturais<\/strong>, todas apoiadas sobre balsas fixadas com quatro \u00e2ncoras no fundo do lago.<\/p>\n\n\n\n<p>\u201cO objetivo \u00e9 transformar Londrina em refer\u00eancia nacional no per\u00edodo de Natal, atraindo mais visitantes e movimentando a economia\u201d, afirmou a administra\u00e7\u00e3o municipal.<\/p>\n\n\n\n<p>A cerim\u00f4nia de acendimento no domingo reuniu centenas de moradores e marcou o in\u00edcio das atra\u00e7\u00f5es natalinas ao longo do Lago Igap\u00f3 e da Avenida Higien\u00f3polis.<\/p>\n\n\n\n<h2 class=\"wp-block-heading\"><strong>Homologa\u00e7\u00e3o do Guinness acontece nesta sexta (5)<\/strong><\/h2>\n\n\n\n<p>O processo de valida\u00e7\u00e3o come\u00e7ou antes do amanhecer desta sexta. A equipe t\u00e9cnica iniciou \u00e0s 7h a medi\u00e7\u00e3o oficial com instrumentos de alta precis\u00e3o utilizados na engenharia. A an\u00e1lise deve durar cerca de duas horas, seguida da emiss\u00e3o do laudo t\u00e9cnico, previsto para o meio-dia.<\/p>\n\n\n\n<p>O an\u00fancio do recorde ocorre \u00e0 noite, durante evento \u00e0s margens do lago. A ju\u00edza do Guinness,&nbsp;<strong>Susana Reyes<\/strong>, vinda do M\u00e9xico exclusivamente para acompanhar o processo, far\u00e1 a declara\u00e7\u00e3o ao lado do prefeito&nbsp;<strong>Tiago Amaral<\/strong>. Ap\u00f3s o an\u00fancio, o Papai Noel ter\u00e1 um show especial de luzes antes de ser religado definitivamente.<\/p>\n\n\n\n<p>A programa\u00e7\u00e3o do evento inclui shows de artistas locais, apresenta\u00e7\u00f5es da Orquestra de Metais e do Coral da Guarda Mirim.<\/p>\n","protected":false},"excerpt":{"rendered":"<p>Londrina, no norte do Paran\u00e1, acaba de superar \u00c1gueda, em Portugal, e conquistar o t\u00edtulo de\u00a0maior Papai Noel flutuante do mundo. A escultura de\u00a027 metros de altura, instalada sobre balsas no Lago Igap\u00f3 2, foi inaugurada no domingo (30) e ser\u00e1 oficialmente homologada pelo\u00a0Guinness World Records\u00a0nesta sexta (5). Ao custo de R$ 1,8 milh\u00e3o, a [&hellip;]<\/p>\n","protected":false},"author":9,"featured_media":28322,"comment_status":"closed","ping_status":"closed","sticky":false,"template":"","format":"standard","meta":{"jnews-multi-image_gallery":[],"jnews_single_post":{"format":"standard"},"jnews_primary_category":[],"jnews_social_meta":[],"jnews_override_counter":[],"jnews_post_split":[],"footnotes":""},"categories":[1],"tags":[],"class_list":["post-28320","post","type-post","status-publish","format-standard","has-post-thumbnail","hentry","category-geral"],"_referencia":"","_links":{"self":[{"href":"https:\/\/diariodocomercio.com.br\/mix\/wp-json\/wp\/v2\/posts\/28320","targetHints":{"allow":["GET"]}}],"collection":[{"href":"https:\/\/diariodocomercio.com.br\/mix\/wp-json\/wp\/v2\/posts"}],"about":[{"href":"https:\/\/diariodocomercio.com.br\/mix\/wp-json\/wp\/v2\/types\/post"}],"author":[{"embeddable":true,"href":"https:\/\/diariodocomercio.com.br\/mix\/wp-json\/wp\/v2\/users\/9"}],"replies":[{"embeddable":true,"href":"https:\/\/diariodocomercio.com.br\/mix\/wp-json\/wp\/v2\/comments?post=28320"}],"version-history":[{"count":1,"href":"https:\/\/diariodocomercio.com.br\/mix\/wp-json\/wp\/v2\/posts\/28320\/revisions"}],"predecessor-version":[{"id":28323,"href":"https:\/\/diariodocomercio.com.br\/mix\/wp-json\/wp\/v2\/posts\/28320\/revisions\/28323"}],"wp:featuredmedia":[{"embeddable":true,"href":"https:\/\/diariodocomercio.com.br\/mix\/wp-json\/wp\/v2\/media\/28322"}],"wp:attachment":[{"href":"https:\/\/diariodocomercio.com.br\/mix\/wp-json\/wp\/v2\/media?parent=28320"}],"wp:term":[{"taxonomy":"category","embeddable":true,"href":"https:\/\/diariodocomercio.com.br\/mix\/wp-json\/wp\/v2\/categories?post=28320"},{"taxonomy":"post_tag","embeddable":true,"href":"https:\/\/diariodocomercio.com.br\/mix\/wp-json\/wp\/v2\/tags?post=28320"}],"curies":[{"name":"wp","href":"https:\/\/api.w.org\/{rel}","templated":true}]}}