{"id":28339,"date":"2025-12-05T14:44:32","date_gmt":"2025-12-05T17:44:32","guid":{"rendered":"https:\/\/diariodocomercio.com.br\/mix\/?p=28339"},"modified":"2025-12-05T14:44:34","modified_gmt":"2025-12-05T17:44:34","slug":"veja-os-herois-confirmados-e-os-que-foram-cortados-do-proximo-filme-dos-vingadores","status":"publish","type":"post","link":"https:\/\/diariodocomercio.com.br\/mix\/veja-os-herois-confirmados-e-os-que-foram-cortados-do-proximo-filme-dos-vingadores\/","title":{"rendered":"Veja os her\u00f3is confirmados e os que foram cortados do pr\u00f3ximo filme dos Vingadores"},"content":{"rendered":"\n<p>A Marvel Studios confirmou oficialmente, durante um evento realizado na It\u00e1lia, o elenco completo de\u00a0<strong>Vingadores: Doomsday<\/strong>, que estreia em\u00a0<strong>dezembro de 2026<\/strong>. A apresenta\u00e7\u00e3o revelou a maior forma\u00e7\u00e3o de her\u00f3is j\u00e1 reunida no Universo Cinematogr\u00e1fico da Marvel (MCU) e marcou uma mudan\u00e7a estrutural in\u00e9dita: pela primeira vez, o est\u00fadio distribuiu os personagens em\u00a0<strong>cinco equipes distintas<\/strong>, evidenciando a escala do confronto contra o vil\u00e3o\u00a0<strong>Doutor Destino<\/strong>, papel que marca o retorno de\u00a0<strong>Robert Downey Jr.<\/strong>\u00a0ao MCU.<\/p>\n\n\n\n<p>Segundo a Marvel, a narrativa ser\u00e1 compartilhada por cinco grandes grupos, que se cruzam ao longo da trama:<\/p>\n\n\n\n<h3 class=\"wp-block-heading\"><strong>\u2022 Vingadores<\/strong><\/h3>\n\n\n\n<p>Com nomes j\u00e1 esperados como&nbsp;<strong>Capit\u00e3o Am\u00e9rica (Sam Wilson)<\/strong>,&nbsp;<strong>Hulk<\/strong>,&nbsp;<strong>Doutor Estranho<\/strong>,&nbsp;<strong>Thor<\/strong>,&nbsp;<strong>Pantera Negra (Shuri)<\/strong>&nbsp;e&nbsp;<strong>Capit\u00e3 Marvel<\/strong>.<\/p>\n\n\n\n<h3 class=\"wp-block-heading\"><strong>\u2022 Novos Vingadores (Thunderbolts)<\/strong><\/h3>\n\n\n\n<p>Equipe integrada pela forma\u00e7\u00e3o rec\u00e9m-vista em\u00a0<em>Thunderbolts<\/em>\u00a0e que ter\u00e1 papel central na introdu\u00e7\u00e3o do conflito.<\/p>\n\n\n\n<h3 class=\"wp-block-heading\"><strong>\u2022 X-Men<\/strong><\/h3>\n\n\n\n<p>A revela\u00e7\u00e3o confirma a entrada definitiva dos mutantes na principal linha narrativa do MCU.<\/p>\n\n\n\n<h3 class=\"wp-block-heading\"><strong>\u2022 Quarteto Fant\u00e1stico<\/strong><\/h3>\n\n\n\n<p>O time de Reed Richards ganhar\u00e1 protagonismo maior no confronto com Destino.<\/p>\n\n\n\n<h3 class=\"wp-block-heading\"><strong>\u2022 Wakandanos<\/strong><\/h3>\n\n\n\n<p>Guerreiros de Wakanda tamb\u00e9m aparecem como for\u00e7a militar estrat\u00e9gica na guerra que se aproxima.<\/p>\n\n\n\n<figure class=\"wp-block-image size-large\"><img decoding=\"async\" width=\"1200\" height=\"673\" src=\"https:\/\/diariodocomercio.com.br\/mix\/wp-content\/uploads\/2025\/12\/image-59-1200x673.png\" alt=\"\" class=\"wp-image-28342\" srcset=\"https:\/\/diariodocomercio.com.br\/mix\/wp-content\/uploads\/2025\/12\/image-59-1200x673.png 1200w, https:\/\/diariodocomercio.com.br\/mix\/wp-content\/uploads\/2025\/12\/image-59-300x168.png 300w, https:\/\/diariodocomercio.com.br\/mix\/wp-content\/uploads\/2025\/12\/image-59-768x431.png 768w, https:\/\/diariodocomercio.com.br\/mix\/wp-content\/uploads\/2025\/12\/image-59-150x84.png 150w, https:\/\/diariodocomercio.com.br\/mix\/wp-content\/uploads\/2025\/12\/image-59-750x421.png 750w, https:\/\/diariodocomercio.com.br\/mix\/wp-content\/uploads\/2025\/12\/image-59-1140x639.png 1140w, https:\/\/diariodocomercio.com.br\/mix\/wp-content\/uploads\/2025\/12\/image-59.png 1485w\" sizes=\"(max-width: 1200px) 100vw, 1200px\" \/><\/figure>\n\n\n\n<h2 class=\"wp-block-heading\"><strong>Her\u00f3is que ficaram de fora \u2014 por enquanto<\/strong><\/h2>\n\n\n\n<p>Apesar do megaprojeto, alguns nomes permanecem de fora da forma\u00e7\u00e3o principal. A Marvel n\u00e3o incluiu na equipe dos Vingadores personagens cujas hist\u00f3rias j\u00e1 est\u00e3o associadas a outros grupos, como:<\/p>\n\n\n\n<ul class=\"wp-block-list\">\n<li>Jovens Vingadores<\/li>\n\n\n\n<li>Personagens do Quarteto Fant\u00e1stico<\/li>\n\n\n\n<li>Her\u00f3is vinculados exclusivamente aos X-Men<\/li>\n\n\n\n<li>Membros fixos dos Thunderbolts<\/li>\n<\/ul>\n\n\n\n<p>No entanto, especialistas apontam que a presen\u00e7a desses personagens em outras equipes&nbsp;<strong>n\u00e3o descarta<\/strong>&nbsp;participa\u00e7\u00f5es pontuais ou em batalhas espec\u00edficas do filme.<\/p>\n\n\n\n<h2 class=\"wp-block-heading\"><strong>Mudan\u00e7a de estilo: Marvel aposta em cen\u00e1rios reais<\/strong><\/h2>\n\n\n\n<p>Al\u00e9m do elenco gigante,&nbsp;<em>Avengers: Doomsday<\/em>&nbsp;tamb\u00e9m chamar\u00e1 aten\u00e7\u00e3o por outro motivo: o uso massivo de&nbsp;<strong>sets f\u00edsicos<\/strong>, reduzindo a depend\u00eancia de telas azuis e efeitos digitais. A novidade foi revelada pelo designer de produ\u00e7\u00e3o&nbsp;<strong>Gavin Bocquet<\/strong>, durante entrevista ao&nbsp;<em>The Young Indy Chroniclers<\/em>.<\/p>\n\n\n\n<p>\u201c<em>Os atores entraram no set dizendo: \u2018\u00c9 a primeira vez que vemos tudo pronto em c\u00e2mera\u2019. Eles estavam acostumados ao fundo azul e \u00e0 m\u00e1gica que vem depois<\/em>\u201d, contou Bocquet.<\/p>\n\n\n\n<p>Segundo ele, a decis\u00e3o foi apoiada pelos diretores&nbsp;<strong>Joe e Anthony Russo<\/strong>, que retornam \u00e0 franquia.<br>\u201c<em>Filmmaking \u00e9 uma arte de ilus\u00e3o \u2014 e, quando podemos fazer fisicamente, melhor. Os Russos adoraram essa abordagem<\/em>\u201d, explicou.<\/p>\n\n\n\n<p>Boa parte do filme foi rodado em cen\u00e1rios internos constru\u00eddos especialmente para a produ\u00e7\u00e3o, que tem or\u00e7amento suficiente para sustentar a mudan\u00e7a est\u00e9tica.<\/p>\n\n\n\n<h2 class=\"wp-block-heading\"><strong>Trailer <\/strong><\/h2>\n\n\n\n<p>Com as filmagens em andamento no Reino Unido desde mar\u00e7o de 2025 e o lan\u00e7amento marcado para dezembro de 2026, a expectativa \u00e9 que o&nbsp;<strong>primeiro trailer<\/strong>&nbsp;seja exibido junto ao lan\u00e7amento de&nbsp;<em>Avatar: Fire and Ash<\/em>, segundo o site&nbsp;<em>Collider<\/em>.<\/p>\n\n\n\n<p>O material deve mostrar a aguardada primeira apari\u00e7\u00e3o de&nbsp;<strong>Robert Downey Jr. como Doutor Destino<\/strong>, considerado um dos maiores vil\u00f5es da Marvel.<\/p>\n","protected":false},"excerpt":{"rendered":"<p>A Marvel Studios confirmou oficialmente, durante um evento realizado na It\u00e1lia, o elenco completo de\u00a0Vingadores: Doomsday, que estreia em\u00a0dezembro de 2026. A apresenta\u00e7\u00e3o revelou a maior forma\u00e7\u00e3o de her\u00f3is j\u00e1 reunida no Universo Cinematogr\u00e1fico da Marvel (MCU) e marcou uma mudan\u00e7a estrutural in\u00e9dita: pela primeira vez, o est\u00fadio distribuiu os personagens em\u00a0cinco equipes distintas, evidenciando [&hellip;]<\/p>\n","protected":false},"author":9,"featured_media":28341,"comment_status":"closed","ping_status":"closed","sticky":false,"template":"","format":"standard","meta":{"jnews-multi-image_gallery":[],"jnews_single_post":{"format":"standard"},"jnews_primary_category":[],"jnews_social_meta":[],"jnews_override_counter":[],"jnews_post_split":[],"footnotes":""},"categories":[1],"tags":[],"class_list":["post-28339","post","type-post","status-publish","format-standard","has-post-thumbnail","hentry","category-geral"],"_referencia":"","_links":{"self":[{"href":"https:\/\/diariodocomercio.com.br\/mix\/wp-json\/wp\/v2\/posts\/28339","targetHints":{"allow":["GET"]}}],"collection":[{"href":"https:\/\/diariodocomercio.com.br\/mix\/wp-json\/wp\/v2\/posts"}],"about":[{"href":"https:\/\/diariodocomercio.com.br\/mix\/wp-json\/wp\/v2\/types\/post"}],"author":[{"embeddable":true,"href":"https:\/\/diariodocomercio.com.br\/mix\/wp-json\/wp\/v2\/users\/9"}],"replies":[{"embeddable":true,"href":"https:\/\/diariodocomercio.com.br\/mix\/wp-json\/wp\/v2\/comments?post=28339"}],"version-history":[{"count":1,"href":"https:\/\/diariodocomercio.com.br\/mix\/wp-json\/wp\/v2\/posts\/28339\/revisions"}],"predecessor-version":[{"id":28343,"href":"https:\/\/diariodocomercio.com.br\/mix\/wp-json\/wp\/v2\/posts\/28339\/revisions\/28343"}],"wp:featuredmedia":[{"embeddable":true,"href":"https:\/\/diariodocomercio.com.br\/mix\/wp-json\/wp\/v2\/media\/28341"}],"wp:attachment":[{"href":"https:\/\/diariodocomercio.com.br\/mix\/wp-json\/wp\/v2\/media?parent=28339"}],"wp:term":[{"taxonomy":"category","embeddable":true,"href":"https:\/\/diariodocomercio.com.br\/mix\/wp-json\/wp\/v2\/categories?post=28339"},{"taxonomy":"post_tag","embeddable":true,"href":"https:\/\/diariodocomercio.com.br\/mix\/wp-json\/wp\/v2\/tags?post=28339"}],"curies":[{"name":"wp","href":"https:\/\/api.w.org\/{rel}","templated":true}]}}