{"id":28407,"date":"2025-12-05T19:48:08","date_gmt":"2025-12-05T22:48:08","guid":{"rendered":"https:\/\/diariodocomercio.com.br\/mix\/?p=28407"},"modified":"2025-12-05T19:48:11","modified_gmt":"2025-12-05T22:48:11","slug":"galvao-bueno-se-despede-da-band-e-acerta-ida-para-outra-emissora","status":"publish","type":"post","link":"https:\/\/diariodocomercio.com.br\/mix\/galvao-bueno-se-despede-da-band-e-acerta-ida-para-outra-emissora\/","title":{"rendered":"Galv\u00e3o Bueno se despede da Band e acerta ida para outra emissora"},"content":{"rendered":"\n<p>O narrador <strong>Galv\u00e3o Bueno<\/strong>, um dos nomes mais emblem\u00e1ticos do esporte brasileiro, j\u00e1 definiu a data de sua despedida da TV Bandeirantes e confirmou seu novo destino: o <strong>SBT<\/strong>. A estreia ocorreu nesta sexta-feira (5), durante o <strong>sorteio da Copa do Mundo de 2026<\/strong>, marcando sua primeira apari\u00e7\u00e3o na emissora de Silvio Santos ap\u00f3s receber libera\u00e7\u00e3o da Band, onde ainda apresenta o programa <em>Galv\u00e3o e Amigos<\/em>.<\/p>\n\n\n\n<p>A \u00faltima edi\u00e7\u00e3o da atra\u00e7\u00e3o esportiva na Band ser\u00e1 exibida em <strong>22 de dezembro<\/strong>, segundo revelou o colunista <strong>Gabriel Vaquer<\/strong>, da <em>Folha de S. Paulo<\/em>. O contrato termina no fim deste m\u00eas.<\/p>\n\n\n\n<p>No SBT, Galv\u00e3o ser\u00e1 o principal nome da cobertura da Copa do Mundo, que ter\u00e1 <strong>32 jogos transmitidos<\/strong> pela emissora, em parceria com a <strong>NSports<\/strong>, empresa da qual ele \u00e9 s\u00f3cio desde junho.<\/p>\n\n\n\n<p>Durante a apresenta\u00e7\u00e3o do sorteio, Galv\u00e3o dividiu a bancada com <strong>Tiago Leifert<\/strong>, <strong>Mauro Beting<\/strong> e <strong>Wallace Neguer\u00ea<\/strong>. Por ainda estar contratado pela Band, usou um palet\u00f3 sem os s\u00edmbolos do SBT e da NSports.<\/p>\n\n\n\n<p>A emissora confirmou que Galv\u00e3o ser\u00e1 respons\u00e1vel por <strong>narrar as partidas da Sele\u00e7\u00e3o Brasileira<\/strong> e outros confrontos de destaque no Mundial, sediado nos <strong>Estados Unidos, Canad\u00e1 e M\u00e9xico<\/strong>.<\/p>\n\n\n\n<p>\u201c<strong>O SBT aposta em uma cobertura hist\u00f3rica, com Galv\u00e3o Bueno \u00e0 frente das transmiss\u00f5es<\/strong>\u201d, informou o canal em comunicado.<\/p>\n\n\n\n<h2 class=\"wp-block-heading\"><strong>Cr\u00edticas ao formato da Copa Intercontinental<\/strong><\/h2>\n\n\n\n<p>Ainda na Band, Galv\u00e3o repercutiu nesta semana sua insatisfa\u00e7\u00e3o com o formato da <strong>Copa Intercontinental da Fifa<\/strong>, que ter\u00e1 o <strong>Flamengo<\/strong> como representante sul-americano ap\u00f3s a conquista da Libertadores.<\/p>\n\n\n\n<p>Em seu programa, ele criticou a necessidade de o campe\u00e3o do principal torneio do continente disputar dois jogos antes da final, enquanto o <strong>Paris Saint-Germain<\/strong>, campe\u00e3o da Champions, j\u00e1 est\u00e1 garantido na decis\u00e3o.<\/p>\n\n\n\n<p>\u201c<strong>Estamos falando do campe\u00e3o da Libertadores\u2026 colocaram o futebol da Am\u00e9rica do Sul no n\u00edvel de Jamaica, Canad\u00e1, Estados Unidos, M\u00e9xico. O que \u00e9 isso? \u00c9 um absurdo<\/strong>\u201d, afirmou Galv\u00e3o, em meio ao debate com comentaristas.<\/p>\n\n\n\n<p>O Flamengo estreia no torneio no dia <strong>10 de dezembro<\/strong>, contra o Cruz Azul (M\u00e9xico). Se vencer, enfrenta o Pyramids (Egito) no dia 13. A final est\u00e1 marcada para o dia <strong>17 de dezembro<\/strong>, contra o PSG.<\/p>\n\n\n\n<h2 class=\"wp-block-heading\"><strong>Transi\u00e7\u00e3o final e nova fase<\/strong><\/h2>\n\n\n\n<p>Com a sa\u00edda da Band e a entrada oficial no SBT, Galv\u00e3o Bueno abre um novo cap\u00edtulo na carreira, ap\u00f3s quatro d\u00e9cadas marcadas por narra\u00e7\u00f5es hist\u00f3ricas.<\/p>\n\n\n\n<p>A partir de 2026, o narrador ser\u00e1 uma das principais figuras do canal no esporte, refor\u00e7ando o projeto que recoloca o SBT no centro das transmiss\u00f5es de grandes eventos internacionais.<\/p>\n","protected":false},"excerpt":{"rendered":"<p>O narrador Galv\u00e3o Bueno, um dos nomes mais emblem\u00e1ticos do esporte brasileiro, j\u00e1 definiu a data de sua despedida da TV Bandeirantes e confirmou seu novo destino: o SBT. A estreia ocorreu nesta sexta-feira (5), durante o sorteio da Copa do Mundo de 2026, marcando sua primeira apari\u00e7\u00e3o na emissora de Silvio Santos ap\u00f3s receber [&hellip;]<\/p>\n","protected":false},"author":9,"featured_media":28410,"comment_status":"closed","ping_status":"closed","sticky":false,"template":"","format":"standard","meta":{"jnews-multi-image_gallery":[],"jnews_single_post":{"format":"standard"},"jnews_primary_category":[],"jnews_social_meta":[],"jnews_override_counter":[],"jnews_post_split":[],"footnotes":""},"categories":[1],"tags":[],"class_list":["post-28407","post","type-post","status-publish","format-standard","has-post-thumbnail","hentry","category-geral"],"_referencia":"","_links":{"self":[{"href":"https:\/\/diariodocomercio.com.br\/mix\/wp-json\/wp\/v2\/posts\/28407","targetHints":{"allow":["GET"]}}],"collection":[{"href":"https:\/\/diariodocomercio.com.br\/mix\/wp-json\/wp\/v2\/posts"}],"about":[{"href":"https:\/\/diariodocomercio.com.br\/mix\/wp-json\/wp\/v2\/types\/post"}],"author":[{"embeddable":true,"href":"https:\/\/diariodocomercio.com.br\/mix\/wp-json\/wp\/v2\/users\/9"}],"replies":[{"embeddable":true,"href":"https:\/\/diariodocomercio.com.br\/mix\/wp-json\/wp\/v2\/comments?post=28407"}],"version-history":[{"count":1,"href":"https:\/\/diariodocomercio.com.br\/mix\/wp-json\/wp\/v2\/posts\/28407\/revisions"}],"predecessor-version":[{"id":28411,"href":"https:\/\/diariodocomercio.com.br\/mix\/wp-json\/wp\/v2\/posts\/28407\/revisions\/28411"}],"wp:featuredmedia":[{"embeddable":true,"href":"https:\/\/diariodocomercio.com.br\/mix\/wp-json\/wp\/v2\/media\/28410"}],"wp:attachment":[{"href":"https:\/\/diariodocomercio.com.br\/mix\/wp-json\/wp\/v2\/media?parent=28407"}],"wp:term":[{"taxonomy":"category","embeddable":true,"href":"https:\/\/diariodocomercio.com.br\/mix\/wp-json\/wp\/v2\/categories?post=28407"},{"taxonomy":"post_tag","embeddable":true,"href":"https:\/\/diariodocomercio.com.br\/mix\/wp-json\/wp\/v2\/tags?post=28407"}],"curies":[{"name":"wp","href":"https:\/\/api.w.org\/{rel}","templated":true}]}}