{"id":28413,"date":"2025-12-05T20:09:00","date_gmt":"2025-12-05T23:09:00","guid":{"rendered":"https:\/\/diariodocomercio.com.br\/mix\/?p=28413"},"modified":"2025-12-05T19:56:17","modified_gmt":"2025-12-05T22:56:17","slug":"veja-que-horas-serao-transmitidas-as-partidas-do-brasil-na-copa-do-mundo-2026","status":"publish","type":"post","link":"https:\/\/diariodocomercio.com.br\/mix\/veja-que-horas-serao-transmitidas-as-partidas-do-brasil-na-copa-do-mundo-2026\/","title":{"rendered":"Veja que horas ser\u00e3o transmitidas as partidas do Brasil na Copa do Mundo 2026"},"content":{"rendered":"\n<p>A <strong>Copa do Mundo de 2026<\/strong> deu in\u00edcio ao seu planejamento com a defini\u00e7\u00e3o dos grupos participantes. Nesta sexta-feira, dia 5, a Fifa sorteou as sele\u00e7\u00f5es no Kennedy Center, em Washington, D.C.<\/p>\n\n\n\n<p>A competi\u00e7\u00e3o ser\u00e1 realizada entre 11 de junho e 19 de julho de 2026 nos Estados Unidos, Canad\u00e1 e M\u00e9xico. O sorteio visa organizar o torneio, criando expectativa tanto para o p\u00fablico quanto para as sele\u00e7\u00f5es.<\/p>\n\n\n\n<p><strong>O Brasil integra o Grupo C,<\/strong> junto com Marrocos, Haiti e Esc\u00f3cia. A estreia da sele\u00e7\u00e3o brasileira est\u00e1 marcada para 13 de junho, contra Marrocos. Esta edi\u00e7\u00e3o trar\u00e1 a novidade de contar com 48 times, prometendo um n\u00edvel de competi\u00e7\u00e3o mais elevado.<\/p>\n\n\n\n<h2 class=\"wp-block-heading\">Calend\u00e1rio da Copa 2026<\/h2>\n\n\n\n<p>A abertura ser\u00e1 em 11 de junho, com o M\u00e9xico enfrentando a \u00c1frica do Sul no Est\u00e1dio Azteca. As partidas da fase de grupos acontecer\u00e3o em cidades dos Estados Unidos, como Boston, Nova York e Miami.<\/p>\n\n\n\n<p>A estrutura do torneio inclui uma fase preliminar antes das oitavas de final, resultando em 104 partidas no total, 40 a mais que em 2022. Isso deve ampliar o alcance do p\u00fablico, considerando diferentes fusos hor\u00e1rios.<\/p>\n\n\n\n<p>Os jogos do Brasil no Grupo C est\u00e3o agendados para 13, 19 e 24 de junho, enfrentando Marrocos, Haiti e Esc\u00f3cia, respectivamente. As partidas ocorrer\u00e3o em hor\u00e1rios variados.<\/p>\n\n\n\n<p>Os hor\u00e1rios oficiais s\u00f3 ser\u00e3o divulgados neste s\u00e1bado, 6 de dezembro, mas h\u00e1 a previs\u00e3o de:<strong> 13h, 16h, 19h <\/strong>e<strong> 22h<\/strong>, conforme o hor\u00e1rio de Bras\u00edlia, exceto o jogo de abertura \u00e0s 15h.<\/p>\n\n\n\n<p>Se liderar o Grupo C, o Brasil pode enfrentar o segundo do Grupo F na fase seguinte. Esta estrutura prev\u00ea novos desafios, com uma fase a mais antes das oitavas.<\/p>\n","protected":false},"excerpt":{"rendered":"<p>A competi\u00e7\u00e3o ser\u00e1 realizada entre 11 de junho e 19 de julho de 2026.<\/p>\n","protected":false},"author":12,"featured_media":26798,"comment_status":"closed","ping_status":"closed","sticky":false,"template":"","format":"standard","meta":{"jnews-multi-image_gallery":[],"jnews_single_post":{"format":"standard"},"jnews_primary_category":[],"jnews_social_meta":[],"jnews_override_counter":[],"jnews_post_split":[],"footnotes":""},"categories":[1],"tags":[],"class_list":["post-28413","post","type-post","status-publish","format-standard","has-post-thumbnail","hentry","category-geral"],"_referencia":"","_links":{"self":[{"href":"https:\/\/diariodocomercio.com.br\/mix\/wp-json\/wp\/v2\/posts\/28413","targetHints":{"allow":["GET"]}}],"collection":[{"href":"https:\/\/diariodocomercio.com.br\/mix\/wp-json\/wp\/v2\/posts"}],"about":[{"href":"https:\/\/diariodocomercio.com.br\/mix\/wp-json\/wp\/v2\/types\/post"}],"author":[{"embeddable":true,"href":"https:\/\/diariodocomercio.com.br\/mix\/wp-json\/wp\/v2\/users\/12"}],"replies":[{"embeddable":true,"href":"https:\/\/diariodocomercio.com.br\/mix\/wp-json\/wp\/v2\/comments?post=28413"}],"version-history":[{"count":1,"href":"https:\/\/diariodocomercio.com.br\/mix\/wp-json\/wp\/v2\/posts\/28413\/revisions"}],"predecessor-version":[{"id":28414,"href":"https:\/\/diariodocomercio.com.br\/mix\/wp-json\/wp\/v2\/posts\/28413\/revisions\/28414"}],"wp:featuredmedia":[{"embeddable":true,"href":"https:\/\/diariodocomercio.com.br\/mix\/wp-json\/wp\/v2\/media\/26798"}],"wp:attachment":[{"href":"https:\/\/diariodocomercio.com.br\/mix\/wp-json\/wp\/v2\/media?parent=28413"}],"wp:term":[{"taxonomy":"category","embeddable":true,"href":"https:\/\/diariodocomercio.com.br\/mix\/wp-json\/wp\/v2\/categories?post=28413"},{"taxonomy":"post_tag","embeddable":true,"href":"https:\/\/diariodocomercio.com.br\/mix\/wp-json\/wp\/v2\/tags?post=28413"}],"curies":[{"name":"wp","href":"https:\/\/api.w.org\/{rel}","templated":true}]}}