{"id":28415,"date":"2025-12-05T20:37:00","date_gmt":"2025-12-05T23:37:00","guid":{"rendered":"https:\/\/diariodocomercio.com.br\/mix\/?p=28415"},"modified":"2025-12-05T20:01:40","modified_gmt":"2025-12-05T23:01:40","slug":"professor-da-usp-acaba-de-ser-preso-nos-eua-e-motivo-e-inacreditavel","status":"publish","type":"post","link":"https:\/\/diariodocomercio.com.br\/mix\/professor-da-usp-acaba-de-ser-preso-nos-eua-e-motivo-e-inacreditavel\/","title":{"rendered":"Professor da USP acaba de ser preso nos EUA e motivo \u00e9 inacredit\u00e1vel"},"content":{"rendered":"\n<p><strong>Carlos Portugal Gouv\u00eaa<\/strong>, professor da Universidade de S\u00e3o Paulo (USP), foi detido nos Estados Unidos ap\u00f3s um incidente com uma arma de press\u00e3o perto de uma sinagoga em Massachusetts. Gouv\u00eaa, cidad\u00e3o brasileiro, estava atuando como professor visitante na Universidade de Harvard.<\/p>\n\n\n\n<p>A situa\u00e7\u00e3o se complicou quando o Departamento de Estado dos EUA revogou seu visto, alegando motivo antissemita, uma interpreta\u00e7\u00e3o que as autoridades locais <strong>n\u00e3o corroboraram.<\/strong><\/p>\n\n\n\n<p>Witnesses afirmaram que o incidente ocorreu na v\u00e9spera do Yom Kippur, o dia mais sagrado do calend\u00e1rio judaico. De acordo com o boletim de ocorr\u00eancia, Gouv\u00eaa usava a arma para ca\u00e7ar ratos na \u00e1rea. No entanto, o epis\u00f3dio foi rapidamente classificado pelas autoridades americanas como antissemita, levando \u00e0 sua pris\u00e3o e consequente revoga\u00e7\u00e3o de visto.<\/p>\n\n\n\n<h2 class=\"wp-block-heading\">Repercuss\u00f5es<\/h2>\n\n\n\n<p>Apesar da controv\u00e9rsia, o pr\u00f3prio Templo Beth Zion, junto com a pol\u00edcia de Brookline, concluiu que <strong>n\u00e3o havia evid\u00eancias<\/strong> de que o incidente tenha sido motivado por intoler\u00e2ncia religiosa. Gouv\u00eaa concordou em se retirar dos Estados Unidos voluntariamente para evitar um processo judicial prolongado.<\/p>\n\n\n\n<p>Ele tamb\u00e9m fez um acordo judicial que resultou na retirada de algumas acusa\u00e7\u00f5es.<\/p>\n\n\n\n<p>A pris\u00e3o de Gouv\u00eaa ocorre em meio a tens\u00f5es entre o governo americano e a Universidade de Harvard sobre quest\u00f5es de antissemitismo no campus. Harvard, no entanto, n\u00e3o emitiu declara\u00e7\u00f5es oficiais sobre o caso.<\/p>\n\n\n\n<p>O contexto reafirma a import\u00e2ncia de lidar cuidadosamente com incidentes que possam ser mal interpretados, especialmente em se tratando de acad\u00eamicos estrangeiros.<\/p>\n","protected":false},"excerpt":{"rendered":"<p>A situa\u00e7\u00e3o se complicou quando o Departamento de Estado dos EUA revogou seu visto.<\/p>\n","protected":false},"author":12,"featured_media":14376,"comment_status":"closed","ping_status":"closed","sticky":false,"template":"","format":"standard","meta":{"jnews-multi-image_gallery":[],"jnews_single_post":{"format":"standard"},"jnews_primary_category":[],"jnews_social_meta":[],"jnews_override_counter":[],"jnews_post_split":[],"footnotes":""},"categories":[1],"tags":[],"class_list":["post-28415","post","type-post","status-publish","format-standard","has-post-thumbnail","hentry","category-geral"],"_referencia":"","_links":{"self":[{"href":"https:\/\/diariodocomercio.com.br\/mix\/wp-json\/wp\/v2\/posts\/28415","targetHints":{"allow":["GET"]}}],"collection":[{"href":"https:\/\/diariodocomercio.com.br\/mix\/wp-json\/wp\/v2\/posts"}],"about":[{"href":"https:\/\/diariodocomercio.com.br\/mix\/wp-json\/wp\/v2\/types\/post"}],"author":[{"embeddable":true,"href":"https:\/\/diariodocomercio.com.br\/mix\/wp-json\/wp\/v2\/users\/12"}],"replies":[{"embeddable":true,"href":"https:\/\/diariodocomercio.com.br\/mix\/wp-json\/wp\/v2\/comments?post=28415"}],"version-history":[{"count":1,"href":"https:\/\/diariodocomercio.com.br\/mix\/wp-json\/wp\/v2\/posts\/28415\/revisions"}],"predecessor-version":[{"id":28417,"href":"https:\/\/diariodocomercio.com.br\/mix\/wp-json\/wp\/v2\/posts\/28415\/revisions\/28417"}],"wp:featuredmedia":[{"embeddable":true,"href":"https:\/\/diariodocomercio.com.br\/mix\/wp-json\/wp\/v2\/media\/14376"}],"wp:attachment":[{"href":"https:\/\/diariodocomercio.com.br\/mix\/wp-json\/wp\/v2\/media?parent=28415"}],"wp:term":[{"taxonomy":"category","embeddable":true,"href":"https:\/\/diariodocomercio.com.br\/mix\/wp-json\/wp\/v2\/categories?post=28415"},{"taxonomy":"post_tag","embeddable":true,"href":"https:\/\/diariodocomercio.com.br\/mix\/wp-json\/wp\/v2\/tags?post=28415"}],"curies":[{"name":"wp","href":"https:\/\/api.w.org\/{rel}","templated":true}]}}