{"id":28697,"date":"2025-12-09T16:52:15","date_gmt":"2025-12-09T19:52:15","guid":{"rendered":"https:\/\/diariodocomercio.com.br\/mix\/?p=28697"},"modified":"2025-12-09T16:52:17","modified_gmt":"2025-12-09T19:52:17","slug":"netflix-interrompe-acesso-de-quem-usa-o-fire-tv","status":"publish","type":"post","link":"https:\/\/diariodocomercio.com.br\/mix\/netflix-interrompe-acesso-de-quem-usa-o-fire-tv\/","title":{"rendered":"Netflix interrompe acesso de quem usa o Fire TV"},"content":{"rendered":"\n<p>A Netflix deixou de funcionar em\u00a0tr\u00eas modelos antigos do Fire TV, dispositivo de streaming da Amazon, desde 3 de junho de 2025. Usu\u00e1rios receberam avisos por e-mail. Segundo confirmou a Amazon ao site\u00a0<em>The Verge<\/em>, os aparelhos afetados n\u00e3o t\u00eam capacidade t\u00e9cnica para rodar os codecs de v\u00eddeo mais modernos adotados pela plataforma.<\/p>\n\n\n\n<p>A medida afetou\u00a0<strong>somente os modelos de primeira gera\u00e7\u00e3o<\/strong>, lan\u00e7ados h\u00e1 mais de dez anos:<\/p>\n\n\n\n<ul class=\"wp-block-list\">\n<li><strong>Fire TV (2014)<\/strong><\/li>\n\n\n\n<li><strong>Fire TV Stick (2014)<\/strong><\/li>\n\n\n\n<li><strong>Fire TV Stick com Controle de Voz Alexa (2016)<\/strong><\/li>\n<\/ul>\n\n\n\n<p>Ap\u00f3s o corte, ao tentar abrir o aplicativo, os dispositivos devem exibir os erros&nbsp;<strong>R4, R12 ou R25-1<\/strong>, indicando incompatibilidade.<\/p>\n\n\n\n<p>A Amazon informou que esses aparelhos&nbsp;<strong>n\u00e3o recebem atualiza\u00e7\u00f5es de firmware h\u00e1 anos<\/strong>, seguindo o ciclo padr\u00e3o de quatro anos de suporte. Por isso, n\u00e3o conseguem acompanhar as tecnologias atuais usadas pelos servi\u00e7os de streaming.<\/p>\n\n\n\n<figure class=\"wp-block-image size-full\"><img decoding=\"async\" width=\"1200\" height=\"675\" src=\"https:\/\/diariodocomercio.com.br\/mix\/wp-content\/uploads\/2025\/12\/image-106.png\" alt=\"\" class=\"wp-image-28698\" srcset=\"https:\/\/diariodocomercio.com.br\/mix\/wp-content\/uploads\/2025\/12\/image-106.png 1200w, https:\/\/diariodocomercio.com.br\/mix\/wp-content\/uploads\/2025\/12\/image-106-300x169.png 300w, https:\/\/diariodocomercio.com.br\/mix\/wp-content\/uploads\/2025\/12\/image-106-768x432.png 768w, https:\/\/diariodocomercio.com.br\/mix\/wp-content\/uploads\/2025\/12\/image-106-150x84.png 150w, https:\/\/diariodocomercio.com.br\/mix\/wp-content\/uploads\/2025\/12\/image-106-750x422.png 750w, https:\/\/diariodocomercio.com.br\/mix\/wp-content\/uploads\/2025\/12\/image-106-1140x641.png 1140w\" sizes=\"(max-width: 1200px) 100vw, 1200px\" \/><figcaption class=\"wp-element-caption\">Fire Stick (Reprodu\u00e7\u00e3o\/Amazon)<\/figcaption><\/figure>\n\n\n\n<h2 class=\"wp-block-heading\"><strong>Por que a Netflix cortou o suporte?<\/strong><\/h2>\n\n\n\n<p>A Netflix n\u00e3o detalhou formalmente os motivos, mas especialistas apontam para quest\u00f5es de compatibilidade, especialmente relacionadas ao&nbsp;<strong>codec AV1<\/strong>, utilizado pela plataforma desde 2021.<\/p>\n\n\n\n<p>O AV1 permite&nbsp;<strong>melhor qualidade de imagem com menor taxa de dados<\/strong>, e \u00e9 hoje o padr\u00e3o preferido entre as grandes plataformas por ser&nbsp;<strong>mais eficiente e livre de royalties<\/strong>. A Amazon confirmou que os dispositivos antigos&nbsp;<strong>n\u00e3o podem ser atualizados via software<\/strong>&nbsp;para suportar o codec.<\/p>\n\n\n\n<p>\u201cEsses aparelhos n\u00e3o t\u00eam hardware capaz de rodar padr\u00f5es modernos de v\u00eddeo e \u00e1udio\u201d, explicou a Amazon em nota enviada ao&nbsp;<em>The Verge<\/em>.<\/p>\n\n\n\n<h2 class=\"wp-block-heading\"><strong>Outros apps continuar\u00e3o funcionando<\/strong><\/h2>\n\n\n\n<p>Apesar da sa\u00edda da Netflix, a Amazon afirmou que&nbsp;<strong>outros servi\u00e7os de streaming seguir\u00e3o operando normalmente<\/strong>&nbsp;nos dispositivos mais antigos.<\/p>\n\n\n\n<p>A empresa tamb\u00e9m indicou que poder\u00e1 oferecer\u00a0<strong>descontos para usu\u00e1rios afetados<\/strong>\u00a0que desejarem trocar por modelos mais recentes, como o Fire TV Stick 4K Max. <\/p>\n","protected":false},"excerpt":{"rendered":"<p>A Netflix deixou de funcionar em\u00a0tr\u00eas modelos antigos do Fire TV, dispositivo de streaming da Amazon, desde 3 de junho de 2025. Usu\u00e1rios receberam avisos por e-mail. Segundo confirmou a Amazon ao site\u00a0The Verge, os aparelhos afetados n\u00e3o t\u00eam capacidade t\u00e9cnica para rodar os codecs de v\u00eddeo mais modernos adotados pela plataforma. A medida afetou\u00a0somente [&hellip;]<\/p>\n","protected":false},"author":9,"featured_media":28699,"comment_status":"closed","ping_status":"closed","sticky":false,"template":"","format":"standard","meta":{"jnews-multi-image_gallery":[],"jnews_single_post":{"format":"standard"},"jnews_primary_category":[],"jnews_social_meta":[],"jnews_override_counter":[],"jnews_post_split":[],"footnotes":""},"categories":[1],"tags":[],"class_list":["post-28697","post","type-post","status-publish","format-standard","has-post-thumbnail","hentry","category-geral"],"_referencia":"","_links":{"self":[{"href":"https:\/\/diariodocomercio.com.br\/mix\/wp-json\/wp\/v2\/posts\/28697","targetHints":{"allow":["GET"]}}],"collection":[{"href":"https:\/\/diariodocomercio.com.br\/mix\/wp-json\/wp\/v2\/posts"}],"about":[{"href":"https:\/\/diariodocomercio.com.br\/mix\/wp-json\/wp\/v2\/types\/post"}],"author":[{"embeddable":true,"href":"https:\/\/diariodocomercio.com.br\/mix\/wp-json\/wp\/v2\/users\/9"}],"replies":[{"embeddable":true,"href":"https:\/\/diariodocomercio.com.br\/mix\/wp-json\/wp\/v2\/comments?post=28697"}],"version-history":[{"count":1,"href":"https:\/\/diariodocomercio.com.br\/mix\/wp-json\/wp\/v2\/posts\/28697\/revisions"}],"predecessor-version":[{"id":28700,"href":"https:\/\/diariodocomercio.com.br\/mix\/wp-json\/wp\/v2\/posts\/28697\/revisions\/28700"}],"wp:featuredmedia":[{"embeddable":true,"href":"https:\/\/diariodocomercio.com.br\/mix\/wp-json\/wp\/v2\/media\/28699"}],"wp:attachment":[{"href":"https:\/\/diariodocomercio.com.br\/mix\/wp-json\/wp\/v2\/media?parent=28697"}],"wp:term":[{"taxonomy":"category","embeddable":true,"href":"https:\/\/diariodocomercio.com.br\/mix\/wp-json\/wp\/v2\/categories?post=28697"},{"taxonomy":"post_tag","embeddable":true,"href":"https:\/\/diariodocomercio.com.br\/mix\/wp-json\/wp\/v2\/tags?post=28697"}],"curies":[{"name":"wp","href":"https:\/\/api.w.org\/{rel}","templated":true}]}}