{"id":28749,"date":"2025-12-09T20:18:25","date_gmt":"2025-12-09T23:18:25","guid":{"rendered":"https:\/\/diariodocomercio.com.br\/mix\/?p=28749"},"modified":"2025-12-09T20:18:27","modified_gmt":"2025-12-09T23:18:27","slug":"deixar-o-lixo-na-rua-fora-do-horario-pode-dar-multa-de-ate-r-100-mil","status":"publish","type":"post","link":"https:\/\/diariodocomercio.com.br\/mix\/deixar-o-lixo-na-rua-fora-do-horario-pode-dar-multa-de-ate-r-100-mil\/","title":{"rendered":"Deixar o lixo na rua fora do hor\u00e1rio pode dar multa de at\u00e9 R$ 100 mil"},"content":{"rendered":"\n<p>Colocar o lixo na cal\u00e7ada antes da hora pode pesar no bolso \u2014 e muito. Embora cada munic\u00edpio tenha sua pr\u00f3pria legisla\u00e7\u00e3o, deixar res\u00edduos na rua fora do hor\u00e1rio da coleta, sem o acondicionamento correto ou em quantidade acima do permitido, \u00e9 considerado <strong>infra\u00e7\u00e3o ambiental<\/strong> em diversas cidades brasileiras. As multas podem come\u00e7ar em valores simb\u00f3licos e chegar a <strong>R$ 100 mil<\/strong>, especialmente para grandes geradores reincidentes.<\/p>\n\n\n\n<p>Em Curitiba, por exemplo, uma lei em vigor desde 2004 prev\u00ea puni\u00e7\u00f5es para quem descarta lixo de maneira inadequada. Os valores come\u00e7am em <strong>R$ 100,06<\/strong> e podem subir de acordo com o volume ou reincid\u00eancia. A orienta\u00e7\u00e3o da prefeitura \u00e9 simples: colocar os res\u00edduos na rua <strong>cerca de uma hora antes<\/strong> da passagem do caminh\u00e3o de coleta.<\/p>\n\n\n\n<p>Entre 2013 e 2015, foram aplicadas <strong>153 multas<\/strong>, totalizando R$ 268 mil, principalmente a empresas e condom\u00ednios.<\/p>\n\n\n\n<p>Parte das puni\u00e7\u00f5es ocorre porque, acima de <strong>600 litros semanais<\/strong>, o gerador precisa pagar uma taxa extra ou contratar servi\u00e7o privado \u2014 um limite que vale tanto para casas quanto para pr\u00e9dios e estabelecimentos comerciais.<\/p>\n\n\n\n<h2 class=\"wp-block-heading\"><strong>Em S\u00e3o Paulo, descarte fora da lei pode levar at\u00e9 \u00e0 pris\u00e3o<\/strong><\/h2>\n\n\n\n<p>Na capital paulista, entre janeiro de 2021 e maio deste ano, foram registradas <strong>4.406 autua\u00e7\u00f5es<\/strong>, m\u00e9dia de 108 multas por m\u00eas, segundo a Secretaria Municipal das Subprefeituras. As infra\u00e7\u00f5es variam de jog\u00e1-lo em cal\u00e7adas a despejar entulho em \u00e1reas de preserva\u00e7\u00e3o.<\/p>\n\n\n\n<p>As penalidades come\u00e7am em <strong>R$ 1.500<\/strong> para pequenos descartes e chegam a <strong>R$ 25 mil<\/strong> em casos mais graves, como despejo de grande volume de res\u00edduos, lixo hospitalar ou entulho pesado. A lei classifica a pr\u00e1tica como <strong>crime ambiental<\/strong>, que pode resultar inclusive em pris\u00e3o.<\/p>\n\n\n\n<p>Para facilitar o descarte correto, a cidade oferece 120 ecopontos. \u201cO limite de 1 metro c\u00fabico por pessoa evita que empresas utilizem o servi\u00e7o gratuito\u201d, explica a prefeitura. Nos locais, \u00e9 permitido levar entulho leve, restos de poda, m\u00f3veis velhos e materiais recicl\u00e1veis.<\/p>\n","protected":false},"excerpt":{"rendered":"<p>Colocar o lixo na cal\u00e7ada antes da hora pode pesar no bolso \u2014 e muito. Embora cada munic\u00edpio tenha sua pr\u00f3pria legisla\u00e7\u00e3o, deixar res\u00edduos na rua fora do hor\u00e1rio da coleta, sem o acondicionamento correto ou em quantidade acima do permitido, \u00e9 considerado infra\u00e7\u00e3o ambiental em diversas cidades brasileiras. As multas podem come\u00e7ar em valores [&hellip;]<\/p>\n","protected":false},"author":9,"featured_media":20416,"comment_status":"closed","ping_status":"closed","sticky":false,"template":"","format":"standard","meta":{"jnews-multi-image_gallery":[],"jnews_single_post":{"format":"standard"},"jnews_primary_category":[],"jnews_social_meta":[],"jnews_override_counter":[],"jnews_post_split":[],"footnotes":""},"categories":[1],"tags":[],"class_list":["post-28749","post","type-post","status-publish","format-standard","has-post-thumbnail","hentry","category-geral"],"_referencia":"","_links":{"self":[{"href":"https:\/\/diariodocomercio.com.br\/mix\/wp-json\/wp\/v2\/posts\/28749","targetHints":{"allow":["GET"]}}],"collection":[{"href":"https:\/\/diariodocomercio.com.br\/mix\/wp-json\/wp\/v2\/posts"}],"about":[{"href":"https:\/\/diariodocomercio.com.br\/mix\/wp-json\/wp\/v2\/types\/post"}],"author":[{"embeddable":true,"href":"https:\/\/diariodocomercio.com.br\/mix\/wp-json\/wp\/v2\/users\/9"}],"replies":[{"embeddable":true,"href":"https:\/\/diariodocomercio.com.br\/mix\/wp-json\/wp\/v2\/comments?post=28749"}],"version-history":[{"count":1,"href":"https:\/\/diariodocomercio.com.br\/mix\/wp-json\/wp\/v2\/posts\/28749\/revisions"}],"predecessor-version":[{"id":28752,"href":"https:\/\/diariodocomercio.com.br\/mix\/wp-json\/wp\/v2\/posts\/28749\/revisions\/28752"}],"wp:featuredmedia":[{"embeddable":true,"href":"https:\/\/diariodocomercio.com.br\/mix\/wp-json\/wp\/v2\/media\/20416"}],"wp:attachment":[{"href":"https:\/\/diariodocomercio.com.br\/mix\/wp-json\/wp\/v2\/media?parent=28749"}],"wp:term":[{"taxonomy":"category","embeddable":true,"href":"https:\/\/diariodocomercio.com.br\/mix\/wp-json\/wp\/v2\/categories?post=28749"},{"taxonomy":"post_tag","embeddable":true,"href":"https:\/\/diariodocomercio.com.br\/mix\/wp-json\/wp\/v2\/tags?post=28749"}],"curies":[{"name":"wp","href":"https:\/\/api.w.org\/{rel}","templated":true}]}}