{"id":28801,"date":"2025-12-10T10:31:34","date_gmt":"2025-12-10T13:31:34","guid":{"rendered":"https:\/\/diariodocomercio.com.br\/mix\/?p=28801"},"modified":"2025-12-10T10:31:36","modified_gmt":"2025-12-10T13:31:36","slug":"ticiane-pinheiro-rompe-com-a-record-e-deixa-salario-de-r-24-milhoes-para-tras","status":"publish","type":"post","link":"https:\/\/diariodocomercio.com.br\/mix\/ticiane-pinheiro-rompe-com-a-record-e-deixa-salario-de-r-24-milhoes-para-tras\/","title":{"rendered":"Ticiane Pinheiro rompe com a Record e deixa sal\u00e1rio de R$ 2,4 milh\u00f5es para tr\u00e1s"},"content":{"rendered":"\n<p>Ticiane Pinheiro n\u00e3o faz mais parte do elenco da Record. A emissora anunciou nesta ter\u00e7a-feira (9) que o contrato da apresentadora\u00a0<strong>n\u00e3o ser\u00e1 renovado<\/strong>, encerrando uma rela\u00e7\u00e3o de\u00a0<strong>duas d\u00e9cadas<\/strong>. A sa\u00edda implica abrir m\u00e3o de um sal\u00e1rio anual estimado pelo site TV Foco em\u00a0<strong>R$ 2,4 milh\u00f5es<\/strong>, valor que somava o fixo mensal de R$ 100 mil e ganhos com merchandising que frequentemente dobravam esse total.<\/p>\n\n\n\n<p>Em nota oficial, a Record afirmou que a decis\u00e3o foi tomada \u201c<strong>de maneira alinhada e respeitosa, ap\u00f3s uma trajet\u00f3ria marcada por profissionalismo e dedica\u00e7\u00e3o<\/strong>\u201d. A emissora destacou ainda a participa\u00e7\u00e3o de Ticiane em novelas e, principalmente, sua atua\u00e7\u00e3o no\u00a0<em>Hoje em Dia<\/em>, programa que ela comandou por 10 anos.<\/p>\n\n\n\n<p>A sa\u00edda traz especula\u00e7\u00f5es sobre a ida de Ticiane para a Globo \u2014 movimento que vinha sendo esperado desde que seu marido,\u00a0<strong>C\u00e9sar Tralli<\/strong>, foi anunciado como substituto de William Bonner no\u00a0<em>Jornal Nacional<\/em>. Para acompanh\u00e1-lo no Rio de Janeiro, ela precisaria deixar o\u00a0<em>Hoje em Dia<\/em>, gravado ao vivo em S\u00e3o Paulo.<\/p>\n\n\n\n<p>A Globo j\u00e1 havia dado sinais de aproxima\u00e7\u00e3o. Ticiane participou do\u00a0<strong>Melhores do Ano de 2024<\/strong>\u00a0e apareceu na\u00a0<strong>vinheta de fim de ano de 2024<\/strong>, algo pouco comum para artistas de fora do elenco oficial. Nos bastidores, comenta-se que ela pode estrear no\u00a0<strong>GNT<\/strong>, seguindo o mesmo caminho de Eliana e Sabrina Sato, e depois migrar para programas como o\u00a0<em>\u00c9 de Casa<\/em> ou um novo projeto.<\/p>\n\n\n\n<p>Com quase\u00a0<strong>10 milh\u00f5es de seguidores<\/strong>, Ticiane \u00e9 vista como um ativo valioso por executivos. <\/p>\n\n\n\n<h2 class=\"wp-block-heading\"><strong>Rea\u00e7\u00f5es e despedida<\/strong><\/h2>\n\n\n\n<p>O apresentador Celso Zucatelli, colega de longa data, escreveu nas redes sociais que estar\u00e1 \u201c<strong>sempre ao lado<\/strong>\u201d da amiga. \u201cPrepara meu quarto em Ipanema que eu vou todo fim de semana\u201d, brincou. Ticiane respondeu dizendo que j\u00e1 vai \u201c<strong>colocar a plaquinha<\/strong>\u201d com o nome dele e de Ana Hickmann na porta de casa.<\/p>\n\n\n\n<figure class=\"wp-block-image size-full\"><img decoding=\"async\" width=\"800\" height=\"450\" src=\"https:\/\/diariodocomercio.com.br\/mix\/wp-content\/uploads\/2025\/12\/image-114.png\" alt=\"\" class=\"wp-image-28804\" srcset=\"https:\/\/diariodocomercio.com.br\/mix\/wp-content\/uploads\/2025\/12\/image-114.png 800w, https:\/\/diariodocomercio.com.br\/mix\/wp-content\/uploads\/2025\/12\/image-114-300x169.png 300w, https:\/\/diariodocomercio.com.br\/mix\/wp-content\/uploads\/2025\/12\/image-114-768x432.png 768w, https:\/\/diariodocomercio.com.br\/mix\/wp-content\/uploads\/2025\/12\/image-114-150x84.png 150w, https:\/\/diariodocomercio.com.br\/mix\/wp-content\/uploads\/2025\/12\/image-114-750x422.png 750w\" sizes=\"(max-width: 800px) 100vw, 800px\" \/><figcaption class=\"wp-element-caption\">Ticiane Pinheiros e Celso Zucatelli (Reprodu\u00e7\u00e3o\/Instagram)<\/figcaption><\/figure>\n\n\n\n<p>A apresentadora confirmou que pretende se mudar definitivamente para o Rio em 2026, acompanhando Tralli. \u201c<strong>Sim, ano que vem estaremos todos juntos l\u00e1<\/strong>\u201d, disse em entrevista recente.<\/p>\n\n\n\n<p>Contratada em 2005, Ticiane passou por novelas como&nbsp;<em>Prova de Amor<\/em>&nbsp;e&nbsp;<em>Cidad\u00e3o Brasileiro<\/em>, antes de consolidar sua imagem no entretenimento. Na Record, tornou-se um dos rostos mais conhecidos do&nbsp;<em>Hoje em Dia<\/em>, ao lado de Ana Hickmann e outros apresentadores.<\/p>\n","protected":false},"excerpt":{"rendered":"<p>Ticiane Pinheiro n\u00e3o faz mais parte do elenco da Record. A emissora anunciou nesta ter\u00e7a-feira (9) que o contrato da apresentadora\u00a0n\u00e3o ser\u00e1 renovado, encerrando uma rela\u00e7\u00e3o de\u00a0duas d\u00e9cadas. A sa\u00edda implica abrir m\u00e3o de um sal\u00e1rio anual estimado pelo site TV Foco em\u00a0R$ 2,4 milh\u00f5es, valor que somava o fixo mensal de R$ 100 mil [&hellip;]<\/p>\n","protected":false},"author":9,"featured_media":28805,"comment_status":"closed","ping_status":"closed","sticky":false,"template":"","format":"standard","meta":{"jnews-multi-image_gallery":[],"jnews_single_post":{"format":"standard"},"jnews_primary_category":[],"jnews_social_meta":[],"jnews_override_counter":[],"jnews_post_split":[],"footnotes":""},"categories":[1],"tags":[],"class_list":["post-28801","post","type-post","status-publish","format-standard","has-post-thumbnail","hentry","category-geral"],"_referencia":"","_links":{"self":[{"href":"https:\/\/diariodocomercio.com.br\/mix\/wp-json\/wp\/v2\/posts\/28801","targetHints":{"allow":["GET"]}}],"collection":[{"href":"https:\/\/diariodocomercio.com.br\/mix\/wp-json\/wp\/v2\/posts"}],"about":[{"href":"https:\/\/diariodocomercio.com.br\/mix\/wp-json\/wp\/v2\/types\/post"}],"author":[{"embeddable":true,"href":"https:\/\/diariodocomercio.com.br\/mix\/wp-json\/wp\/v2\/users\/9"}],"replies":[{"embeddable":true,"href":"https:\/\/diariodocomercio.com.br\/mix\/wp-json\/wp\/v2\/comments?post=28801"}],"version-history":[{"count":1,"href":"https:\/\/diariodocomercio.com.br\/mix\/wp-json\/wp\/v2\/posts\/28801\/revisions"}],"predecessor-version":[{"id":28806,"href":"https:\/\/diariodocomercio.com.br\/mix\/wp-json\/wp\/v2\/posts\/28801\/revisions\/28806"}],"wp:featuredmedia":[{"embeddable":true,"href":"https:\/\/diariodocomercio.com.br\/mix\/wp-json\/wp\/v2\/media\/28805"}],"wp:attachment":[{"href":"https:\/\/diariodocomercio.com.br\/mix\/wp-json\/wp\/v2\/media?parent=28801"}],"wp:term":[{"taxonomy":"category","embeddable":true,"href":"https:\/\/diariodocomercio.com.br\/mix\/wp-json\/wp\/v2\/categories?post=28801"},{"taxonomy":"post_tag","embeddable":true,"href":"https:\/\/diariodocomercio.com.br\/mix\/wp-json\/wp\/v2\/tags?post=28801"}],"curies":[{"name":"wp","href":"https:\/\/api.w.org\/{rel}","templated":true}]}}