{"id":28815,"date":"2025-12-10T10:58:57","date_gmt":"2025-12-10T13:58:57","guid":{"rendered":"https:\/\/diariodocomercio.com.br\/mix\/?p=28815"},"modified":"2025-12-10T17:13:34","modified_gmt":"2025-12-10T20:13:34","slug":"brasileiros-vao-receber-gratificacao-de-natal-no-valor-de-r-2-03393","status":"publish","type":"post","link":"https:\/\/diariodocomercio.com.br\/mix\/brasileiros-vao-receber-gratificacao-de-natal-no-valor-de-r-2-03393\/","title":{"rendered":"Brasileiros v\u00e3o receber gratifica\u00e7\u00e3o de Natal no valor de R$ 2.033,93"},"content":{"rendered":"\n<p>A C\u00e2mara Municipal de <strong>S\u00e3o Paulo <\/strong>anunciou a concess\u00e3o de um benef\u00edcio adicional de Natal aos seus cerca de 2 mil funcion\u00e1rios. No in\u00edcio de dezembro, foi institu\u00eddo um <strong>pagamento extra de R$ 2.033,93,<\/strong> apelidado informalmente de &#8220;vale-peru&#8221;, como parte do aux\u00edlio-alimenta\u00e7\u00e3o mensal.<\/p>\n\n\n\n<p>Este incremento faz com que cada servidor receba um total de R$ 4 mil no m\u00eas, gerando uma despesa de aproximadamente R$ 8 milh\u00f5es aos cofres p\u00fablicos.<\/p>\n\n\n\n<h2 class=\"wp-block-heading\">Detalhes do benef\u00edcio de Natal<\/h2>\n\n\n\n<p>O aux\u00edlio extra foi aprovado atrav\u00e9s de uma resolu\u00e7\u00e3o. A decis\u00e3o de duplicar o valor do vale-alimenta\u00e7\u00e3o mensal de R$ 2 mil ocorreu sem grande divulga\u00e7\u00e3o p\u00fablica.<\/p>\n\n\n\n<p>O benef\u00edcio \u00e9 adicional ao vale-refei\u00e7\u00e3o di\u00e1rio de R$ 93 que os funcion\u00e1rios recebem, cujo valor foi ajustado em mar\u00e7o de 2025, em 9,4%, um percentual superior \u00e0 infla\u00e7\u00e3o do per\u00edodo.<\/p>\n\n\n\n<h2 class=\"wp-block-heading\">Repercuss\u00e3o&nbsp;<\/h2>\n\n\n\n<p>O aumento desse benef\u00edcio suscitou opini\u00f5es divergentes. Por um lado, os servidores consideram o aux\u00edlio justo, enquanto cr\u00edticos argumentam que o recurso poderia ser alocado em outras \u00e1reas essenciais.<\/p>\n\n\n\n<p>Historicamente, a C\u00e2mara Municipal de S\u00e3o Paulo tem ampliado seus pacotes de benef\u00edcios, enfrentando debates sobre a sustentabilidade e a aloca\u00e7\u00e3o de recursos em seu or\u00e7amento.<\/p>\n\n\n\n<h2 class=\"wp-block-heading\">Ajustes recentes em outros benef\u00edcios<\/h2>\n\n\n\n<p>Al\u00e9m do &#8220;vale-peru&#8221;, o aux\u00edlio-sa\u00fade tamb\u00e9m foi reajustado. Em junho de 2025, a C\u00e2mara autorizou um aumento de 22% nos valores do reembolso para despesas m\u00e9dicas.<\/p>\n\n\n\n<p>Este ajuste seguiu crit\u00e9rios estabelecidos por lei e foi acompanhado de um total de reembolsos que atingiu R$ 5,9 milh\u00f5es em julho deste ano. Os aux\u00edlios fornecem uma estrutura robusta de compensa\u00e7\u00e3o aos servidores.<\/p>\n","protected":false},"excerpt":{"rendered":"<p>Aprova\u00e7\u00e3o de pagamento gerou pol\u00eamica. Confira detalhes.<\/p>\n","protected":false},"author":12,"featured_media":10188,"comment_status":"closed","ping_status":"closed","sticky":false,"template":"","format":"standard","meta":{"jnews-multi-image_gallery":[],"jnews_single_post":{"format":"standard"},"jnews_primary_category":[],"jnews_social_meta":[],"jnews_override_counter":[],"jnews_post_split":[],"footnotes":""},"categories":[1],"tags":[],"class_list":["post-28815","post","type-post","status-publish","format-standard","has-post-thumbnail","hentry","category-geral"],"_referencia":"","_links":{"self":[{"href":"https:\/\/diariodocomercio.com.br\/mix\/wp-json\/wp\/v2\/posts\/28815","targetHints":{"allow":["GET"]}}],"collection":[{"href":"https:\/\/diariodocomercio.com.br\/mix\/wp-json\/wp\/v2\/posts"}],"about":[{"href":"https:\/\/diariodocomercio.com.br\/mix\/wp-json\/wp\/v2\/types\/post"}],"author":[{"embeddable":true,"href":"https:\/\/diariodocomercio.com.br\/mix\/wp-json\/wp\/v2\/users\/12"}],"replies":[{"embeddable":true,"href":"https:\/\/diariodocomercio.com.br\/mix\/wp-json\/wp\/v2\/comments?post=28815"}],"version-history":[{"count":2,"href":"https:\/\/diariodocomercio.com.br\/mix\/wp-json\/wp\/v2\/posts\/28815\/revisions"}],"predecessor-version":[{"id":28888,"href":"https:\/\/diariodocomercio.com.br\/mix\/wp-json\/wp\/v2\/posts\/28815\/revisions\/28888"}],"wp:featuredmedia":[{"embeddable":true,"href":"https:\/\/diariodocomercio.com.br\/mix\/wp-json\/wp\/v2\/media\/10188"}],"wp:attachment":[{"href":"https:\/\/diariodocomercio.com.br\/mix\/wp-json\/wp\/v2\/media?parent=28815"}],"wp:term":[{"taxonomy":"category","embeddable":true,"href":"https:\/\/diariodocomercio.com.br\/mix\/wp-json\/wp\/v2\/categories?post=28815"},{"taxonomy":"post_tag","embeddable":true,"href":"https:\/\/diariodocomercio.com.br\/mix\/wp-json\/wp\/v2\/tags?post=28815"}],"curies":[{"name":"wp","href":"https:\/\/api.w.org\/{rel}","templated":true}]}}