{"id":28817,"date":"2025-12-10T11:16:30","date_gmt":"2025-12-10T14:16:30","guid":{"rendered":"https:\/\/diariodocomercio.com.br\/mix\/?p=28817"},"modified":"2025-12-10T11:16:32","modified_gmt":"2025-12-10T14:16:32","slug":"lei-do-farol-regras-ja-estao-valendo-e-quem-infringir-recebera-multa-de-r-13016","status":"publish","type":"post","link":"https:\/\/diariodocomercio.com.br\/mix\/lei-do-farol-regras-ja-estao-valendo-e-quem-infringir-recebera-multa-de-r-13016\/","title":{"rendered":"Lei do Farol: regras j\u00e1 est\u00e3o valendo e quem infringir receber\u00e1 multa de R$ 130,16"},"content":{"rendered":"\n<p>A\u00a0<strong>Lei do Farol<\/strong>, em vigor desde a atualiza\u00e7\u00e3o do C\u00f3digo de Tr\u00e2nsito Brasileiro (CTB) em 2021, voltou ao centro das aten\u00e7\u00f5es dos motoristas. A legisla\u00e7\u00e3o determina que condutores que trafegam por\u00a0<strong>rodovias de pista simples fora do per\u00edmetro urbano<\/strong>\u00a0mantenham o\u00a0<strong>farol baixo ligado durante o dia<\/strong>, sob pena de multa de\u00a0<strong>R$ 130,16<\/strong>\u00a0e quatro pontos na CNH.<\/p>\n\n\n\n<p>A regra est\u00e1 prevista na&nbsp;<strong>Lei 14.071\/2020<\/strong>, que alterou diversos dispositivos do CTB. Segundo o texto, o farol baixo deve ser acionado sempre que o ve\u00edculo circular por estradas rurais de m\u00e3o dupla, mesmo em dias de c\u00e9u aberto.<\/p>\n\n\n\n<p>A obrigatoriedade tamb\u00e9m vale em situa\u00e7\u00f5es espec\u00edficas:<br>\u2022&nbsp;<strong>Travessia por t\u00faneis<\/strong>;<br>\u2022&nbsp;<strong>Chuva, neblina ou cerra\u00e7\u00e3o<\/strong>;<br>\u2022&nbsp;<strong>Qualquer condi\u00e7\u00e3o clim\u00e1tica que reduza a visibilidade<\/strong>, mesmo dentro das cidades.<\/p>\n\n\n\n<p>A recomenda\u00e7\u00e3o \u00e9 refor\u00e7ada por autoridades de tr\u00e2nsito, pois a ilumina\u00e7\u00e3o diurna aumenta a percep\u00e7\u00e3o de dist\u00e2ncia e velocidade, diminuindo o risco de acidentes.<\/p>\n\n\n\n<h2 class=\"wp-block-heading\"><strong>O que mudou com a atualiza\u00e7\u00e3o do CTB<\/strong><\/h2>\n\n\n\n<p>Antes da reforma do C\u00f3digo de Tr\u00e2nsito, o uso do farol aceso era exigido&nbsp;<strong>em todas as rodovias<\/strong>, independentemente do tipo de via.<br>Com a mudan\u00e7a, a lei passou a diferenciar rodovias de pista simples e duplicadas:<\/p>\n\n\n\n<ul class=\"wp-block-list\">\n<li><strong>Obrigat\u00f3rio:<\/strong>\u00a0rodovias de pista simples fora de \u00e1rea urbana.<\/li>\n\n\n\n<li><strong>Dispensado:<\/strong>\u00a0rodovias duplicadas\u00a0<strong>desde que<\/strong>\u00a0haja boas condi\u00e7\u00f5es de visibilidade.<\/li>\n<\/ul>\n\n\n\n<p>A flexibiliza\u00e7\u00e3o atende a pedidos de motoristas e entidades, mas mant\u00e9m a preocupa\u00e7\u00e3o central com seguran\u00e7a vi\u00e1ria.<\/p>\n\n\n\n<h2 class=\"wp-block-heading\"><strong>Infra\u00e7\u00e3o \u00e9 m\u00e9dia e j\u00e1 est\u00e1 sendo autuada<\/strong><\/h2>\n\n\n\n<p>O motorista flagrado descumprindo a regra comete&nbsp;<strong>infra\u00e7\u00e3o m\u00e9dia<\/strong>, que resulta em:<br>\u2022 multa de&nbsp;<strong>R$ 130,16<\/strong>;<br>\u2022&nbsp;<strong>4 pontos<\/strong>&nbsp;na Carteira Nacional de Habilita\u00e7\u00e3o.<\/p>\n\n\n\n<p>\u00d3rg\u00e3os de fiscaliza\u00e7\u00e3o reafirmam que n\u00e3o \u00e9 necess\u00e1rio qualquer aviso pr\u00e9vio \u2014 a exig\u00eancia est\u00e1 em vigor desde 2021 e segue sendo aplicada em todo o pa\u00eds.<\/p>\n","protected":false},"excerpt":{"rendered":"<p>A\u00a0Lei do Farol, em vigor desde a atualiza\u00e7\u00e3o do C\u00f3digo de Tr\u00e2nsito Brasileiro (CTB) em 2021, voltou ao centro das aten\u00e7\u00f5es dos motoristas. A legisla\u00e7\u00e3o determina que condutores que trafegam por\u00a0rodovias de pista simples fora do per\u00edmetro urbano\u00a0mantenham o\u00a0farol baixo ligado durante o dia, sob pena de multa de\u00a0R$ 130,16\u00a0e quatro pontos na CNH. A [&hellip;]<\/p>\n","protected":false},"author":9,"featured_media":28819,"comment_status":"closed","ping_status":"closed","sticky":false,"template":"","format":"standard","meta":{"jnews-multi-image_gallery":[],"jnews_single_post":{"format":"standard"},"jnews_primary_category":[],"jnews_social_meta":[],"jnews_override_counter":[],"jnews_post_split":[],"footnotes":""},"categories":[1],"tags":[],"class_list":["post-28817","post","type-post","status-publish","format-standard","has-post-thumbnail","hentry","category-geral"],"_referencia":"","_links":{"self":[{"href":"https:\/\/diariodocomercio.com.br\/mix\/wp-json\/wp\/v2\/posts\/28817","targetHints":{"allow":["GET"]}}],"collection":[{"href":"https:\/\/diariodocomercio.com.br\/mix\/wp-json\/wp\/v2\/posts"}],"about":[{"href":"https:\/\/diariodocomercio.com.br\/mix\/wp-json\/wp\/v2\/types\/post"}],"author":[{"embeddable":true,"href":"https:\/\/diariodocomercio.com.br\/mix\/wp-json\/wp\/v2\/users\/9"}],"replies":[{"embeddable":true,"href":"https:\/\/diariodocomercio.com.br\/mix\/wp-json\/wp\/v2\/comments?post=28817"}],"version-history":[{"count":1,"href":"https:\/\/diariodocomercio.com.br\/mix\/wp-json\/wp\/v2\/posts\/28817\/revisions"}],"predecessor-version":[{"id":28820,"href":"https:\/\/diariodocomercio.com.br\/mix\/wp-json\/wp\/v2\/posts\/28817\/revisions\/28820"}],"wp:featuredmedia":[{"embeddable":true,"href":"https:\/\/diariodocomercio.com.br\/mix\/wp-json\/wp\/v2\/media\/28819"}],"wp:attachment":[{"href":"https:\/\/diariodocomercio.com.br\/mix\/wp-json\/wp\/v2\/media?parent=28817"}],"wp:term":[{"taxonomy":"category","embeddable":true,"href":"https:\/\/diariodocomercio.com.br\/mix\/wp-json\/wp\/v2\/categories?post=28817"},{"taxonomy":"post_tag","embeddable":true,"href":"https:\/\/diariodocomercio.com.br\/mix\/wp-json\/wp\/v2\/tags?post=28817"}],"curies":[{"name":"wp","href":"https:\/\/api.w.org\/{rel}","templated":true}]}}