{"id":28834,"date":"2025-12-10T14:13:06","date_gmt":"2025-12-10T17:13:06","guid":{"rendered":"https:\/\/diariodocomercio.com.br\/mix\/?p=28834"},"modified":"2025-12-10T17:09:15","modified_gmt":"2025-12-10T20:09:15","slug":"elize-matsunaga-abandona-a-uber-e-agora-esta-de-emprego-novo","status":"publish","type":"post","link":"https:\/\/diariodocomercio.com.br\/mix\/elize-matsunaga-abandona-a-uber-e-agora-esta-de-emprego-novo\/","title":{"rendered":"Elize Matsunaga abandona a Uber e agora est\u00e1 de emprego novo"},"content":{"rendered":"\n<p>O nome de Elize Matsunaga reacendeu o interesse do p\u00fablico com a repercuss\u00e3o da s\u00e9rie Trememb\u00e9, produ\u00e7\u00e3o inspirada em fatos que mostra a rotina de criminosos conhecidos no &#8220;pres\u00eddio dos famosos&#8221;. Recentemente, viralizou nas redes o relato de um &#8220;f\u00e3&#8221; de Elize, o internauta Bruno Ferrari, que contou ter encontrado Elize no interior de S\u00e3o Paulo e que at\u00e9 tirou uma foto com ela. Bruno tamb\u00e9m acabou revelando a ex-presidi\u00e1ria trocou de trabalho. <\/p>\n\n\n\n<p>Tinha ganhado repercuss\u00e3o nas redes a not\u00edcia de que Elize Matsunaga estava trabalhando como motorista de aplicativo na cidade de Fran\u00e7a, mas, segundo o seu advogado, Luciano Santoro, isso durou poucos dias l\u00e1 em 2023. <em>\u201cCada corrida que ela fazia era uma foto diferente, \u00e9 uma ampla exposi\u00e7\u00e3o, ent\u00e3o ela parou&#8221;<\/em>, revelou o advogado ao R7. A repercuss\u00e3o foi tanta que a Uber e o 99 se pronunciaram<\/p>\n\n\n\n<p>Segundo o &#8220;f\u00e3&#8221; que se encontrou com ela, Elize agora est\u00e1 trabalhando fazendo roupinhas para pets, algo que ela j\u00e1 pensava em fazer h\u00e1 algum tempo, j\u00e1 que tinha aprendido a costurar durante seu per\u00edodo em Trememb\u00e9. Em outubro de 2019, quando ainda estava presa, ela at\u00e9 j\u00e1 tinha um cadastro como MEI (Microempreendedor individual).<\/p>\n\n\n\n<p>Sobre o encontro com Elize, Bruno relatou nas redes sociais que a ex-detenta foi muito &#8220;fofa&#8221; e &#8220;simp\u00e1tica&#8221;. <em>&#8220;E eu gelei, realmente sou muito f\u00e3 dela. Mas foi isso, deu certo, e ela seguiu a vida dela&#8221;<\/em>, contou.<\/p>\n\n\n\n<figure class=\"wp-block-embed is-type-rich is-provider-twitter wp-block-embed-twitter\"><div class=\"wp-block-embed__wrapper\">\n<blockquote class=\"twitter-tweet\" data-width=\"500\" data-dnt=\"true\"><p lang=\"pt\" dir=\"ltr\">\ud83d\udcf1 \u201cNossa diva\u201d: f\u00e3 encontra Elize Matsunaga na rua, tira foto com ex-detenta e viraliza nas redes<br><br>O registro foi feito em uma rua de Franca, interior de S\u00e3o Paulo, e gerou grande repercuss\u00e3o entre internautas<br><br>\ud83d\uddde <a href=\"https:\/\/t.co\/WGsvxRvk3a\" target=\"_blank\">https:\/\/t.co\/WGsvxRvk3a<\/a> <a href=\"https:\/\/t.co\/Mm6LHbIXYH\" target=\"_blank\">pic.twitter.com\/Mm6LHbIXYH<\/a><\/p>&mdash; Portal Banda B (@bandaboficial) <a href=\"https:\/\/twitter.com\/bandaboficial\/status\/1998436743083634792?ref_src=twsrc%5Etfw\" target=\"_blank\" rel=\"noopener\">December 9, 2025<\/a><\/blockquote><script async src=\"https:\/\/platform.twitter.com\/widgets.js\" charset=\"utf-8\"><\/script>\n<\/div><\/figure>\n\n\n\n<h2 class=\"wp-block-heading\">Elize Matsunaga j\u00e1 cumpriu toda a sua pena?<\/h2>\n\n\n\n<p>Condenada a 16 anos e tr\u00eas meses de pris\u00e3o l\u00e1 em 2012, Elize Matsunaga cumpriu dez anos da sua pena em regime fechado e, desde 2022, cumpre liberdade condicional.<\/p>\n\n\n\n<style>@media (min-width: 992px) {\n    .recomendadorV2Area1 {\n        width: 280px;\n    }\n    .recomendadorV2Area2 {\n        padding: 0px 20px;\n        width: calc(100% - 280px);\n    }\n}\n\n@media (max-width: 992px) {\n    .recomendadorV2Button {\n        margin: 0 auto;\n    }\n    .recomendadorV2Area {\n        flex-direction: column;\n        text-align: center;\n    }\n    .recomendadorV2Area2 {\n        padding: 0px 20px;\n    }\n}\n\n.recomendadorV2Area {\n    background: #eeeeee3d;\n    border-radius: 10px;\n    padding: 15px;\n    display: flex;\n    margin: 15px auto;\n    border: 1px solid #00000014;\n    max-width: 800px;\n}\n\n.recomendadorV2Area1 img {\n    width: 280px;\n    height: auto;\n    border-radius: 8px;\n}\n\n.linkrecomendadorv2 {\n    text-decoration: none !important;\n}\n\n.recomendadorV2Area2 .recomendadorV2Type {\n    text-transform: uppercase;\n    font-weight: 500;\n    font-size: 11px;\n    letter-spacing: 2px;\n    color: #666;\n    margin: 12px 0;\n    display: block;\n}\n\n.recomendadorV2Title h2 {\n    padding-top: 0px !important;\n    margin: 0px !important;\n    border-left: none !important;\n    padding-left: 0px !important;\n    line-height: 1.3;\n    color: #000 !important;\n    font-size: 24px;\n    margin-bottom: 12px !important;\n}\n\n.recomendadorV2Desc {\n    color: #333;\n    margin: 12px 0px !important;\n    font-size: 15px;\n    line-height: 1.5;\n}\n\n.recomendadorV2Button {\n    width: auto;\n    max-width: 200px;\n    margin: 0;\n    display: inline-flex;\n    align-items: center;\n    background: #1D3557;\n    border-radius: 8px;\n    color: #fff;\n    height: 36px;\n    justify-content: center;\n    text-align: center;\n    font-size: 14px;\n    padding: 0 20px;\n    transition: background-color 0.2s ease;\n}\n\n.recomendadorV2Button:hover {\n    background: #2a4d7a;\n}\n\n.recomendadorV2Button:after {\n    margin-top: -2px;\n    content: \"\u2192\";\n    padding: 0px 0px 0px 8px;\n}\n\n.recomendadorV2Alert {\n    text-align: left;\n    font-size: 11px;\n    margin-top: 8px;\n    color: #666;\n}\n\n.recomendadorFixedArea {\n    width: 100%;\n    display: flex;\n    justify-content: center;\n    align-items: center;\n}\n\n@media (min-width: 992px) {\n    #recomendadorFixed {\n        width: 32% !important;\n        left: 5%;\n    }\n    .recomendadorCloseFixed{\n        right: inherit !important;\n        left: 378px !important;\n    }\n}\n\n#recomendadorFixed {\n    width: 90%;\n    box-shadow: 0 10px 20px 0px #00000057;\n    display: none;\n    height: 90px;\n    background: #F6F6F6;\n    position: fixed;\n    flex-direction: row;\n    bottom: 10px;\n    z-index: 9999;\n    border-radius: 16px;\n    padding: 7px 10px;\n}\n\n.recomendadorLeftArea {\n    width: 160px;\n}\n\n.recomendadorRightArea h2 {\n    padding-top: 0px;\n    margin: 2px 0px 4px 0px !important;\n    font-weight: 400;\n    text-align: center;\n    padding-left: 0px !important;\n    color: #000 !important;\n    border-left: none !important;\n    line-height: 20px;\n    font-size: 12px !important;\n}\n\n.recomendadorImgFixed {\n    overflow: hidden;\n    padding: 8px 6px;\n    height: 100%;\n}\n\n.recomendadorImgFixed img {\n    height: 100% !important;\n    border-radius: 16px;\n}\n\n.recomendadorRightArea {\n    padding-top: 6px;\n    display: flex;\n    width: calc(100% - 130px);\n    justify-content: space-between;\n    align-items: center;\n    flex-direction: column;\n}\n\n.recomendadorButtonFixed {\n    margin: 0 auto;\n    background: #1D3557;\n    width: 80%;\n    text-align: center;\n    font-size: 10px;\n    color: #FFF;\n    padding: 2px 10px;\n    border-radius: 3px;\n}\n\n.recomendadorButtonFixed:after {\n    margin-top: -3px;\n    content: \"\u2192\";\n    padding: 0px 0px 0px 10px;\n}\n\n.recomendadorAlertFixed {\n    font-weight: 400;\n    text-align: center;\n    color: #484848;\n    font-size: 8px;\n}\n\n.recomendadorCloseFixed {\n    z-index: 99999;\n    display: none;\n    right: 0px;\n    left: inherit;\n    bottom: 99px;\n    position: fixed;\n    justify-content: center;\n    background: #F6F6F6;\n    width: 25px;\n    align-items: center;\n    height: 25px;\n    font-weight: 800;\n    border-radius: 50%;\n    border: 1px solid #EBEBEB;\n}\n\n.recomendadorV2Desc{\n    color: #000000;\n    margin: 20px 0px;\n}\n\n@media (max-width: 576px) {\n    .recomendadorV2Area {\n      padding: 10px;\n      max-width: 100%;\n    }\n  \n    .recomendadorV2Area1 img {\n      width: 100%;\n      border-radius: 6px;\n    }\n  \n    .recomendadorV2Area2 .recomendadorV2Type {\n      font-size: 9px;\n      letter-spacing: 1px;\n      margin: 8px 0;\n    }\n  \n    .recomendadorV2Title h2 {\n      font-size: 18px !important;\n      margin-bottom: 8px !important;\n      line-height: 1.2;\n    }\n  \n    .recomendadorV2Desc {\n      font-size: 14px;\n      margin: 8px 0 !important;\n      line-height: 1.4;\n    }\n  \n    .recomendadorV2Button {\n      font-size: 14px;\n      height: 40px;\n      padding: 0 12px;\n      max-width: 100%;\n      width: 100%;\n    }\n  \n    .recomendadorV2Button:after {\n      padding-left: 6px;\n    }\n  }\n  <\/style>\n        <div class=\"lazyblock-recomendador-v2-2jDGz wp-block-lazyblock-recomendador-v2\">\n        <a class=\"linkrecomendadorv2\" href=\"https:\/\/diariodocomercio.com.br\/mix\/cnh-alunos-que-ja-pagaram-pelas-aulas-nas-autoescolas-podem-pedir-o-dinheiro-de-volta\/\">\n            <div class=\"recomendadorV2Area\">\n            <div class=\"recomendadorV2Area1\">\n                <div class=\"recomendadorV2Img\">\n                <img class=\"lazyloaded\" decoding=\"async\" src=\"https:\/\/diariodocomercio.com.br\/mix\/wp-content\/uploads\/2025\/06\/cnh.jpg\" data-src=\"https:\/\/diariodocomercio.com.br\/mix\/wp-content\/uploads\/2025\/06\/cnh.jpg\" alt=\"\">\n                <\/div>\n            <\/div>\n            <div class=\"recomendadorV2Area2\">\n                <div class=\"recomendadorV2Type\">\n                    <span>CNH<\/span>\n                <\/div>\n                <div class=\"recomendadorV2Title\">\n                <h2><span>CNH: alunos que j\u00e1 pagaram pelas aulas nas autoescolas podem pedir o dinheiro de volta?<\/span><\/h2>\n                <\/div>\n                <div class=\"recomendadorV2Desc\">\n                <span>Na \u00faltima ter\u00e7a-feira (9), o governo anunciou algumas novidades envolvendo o processo de tirar a t\u00e3o sonhada Carteira Nacional de \u2026<\/span>\n                <\/div>\n                <div class=\"recomendadorV2Button\">Leia mais<\/div>\n                <div class=\"recomendadorV2Alert\"><\/div>\n            <\/div>\n            <\/div>\n        <\/a>\n        <div>\n            <div style=\"z-index:99999;\" id=\"buttonClose\" onclick=\"closeRecomendadorFixed()\">\n            <div class=\"recomendadorCloseFixed\">X<\/div>\n            <\/div>\n            <a href=\"https:\/\/diariodocomercio.com.br\/mix\/cnh-alunos-que-ja-pagaram-pelas-aulas-nas-autoescolas-podem-pedir-o-dinheiro-de-volta\/\">\n            <div class=\"recomendadorFixedArea\">\n                <div id=\"recomendadorFixed\">\n                <div class=\"recomendadorLeftArea\">\n                    <div class=\"recomendadorImgFixed\">\n                    <img class=\"lazyload\" decoding=\"async\" src=\"https:\/\/diariodocomercio.com.br\/mix\/wp-content\/uploads\/2025\/06\/cnh.jpg\" alt=\"\">\n                    <\/div>\n                <\/div>\n                <div class=\"recomendadorRightArea\">\n                    <div class=\"recomendadorTitleFixed\">\n                    <h2><span>CNH: alunos que j\u00e1 pagaram pelas aulas nas autoescolas podem pedir o dinheiro de volta?<\/span><\/h2>\n                    <\/div>\n                    <div class=\"recomendadorButtonFixed\">Leia mais<\/div>\n                    <div class=\"recomendadorAlertFixed\"><\/div>\n                <\/div>\n                <\/div>\n            <\/div>\n            <\/a>\n        <\/div>\n        <\/div>\n","protected":false},"excerpt":{"rendered":"<p>O nome de Elize Matsunaga reacendeu o interesse do p\u00fablico com a repercuss\u00e3o da s\u00e9rie Trememb\u00e9, produ\u00e7\u00e3o inspirada em fatos que mostra a rotina de criminosos conhecidos no &#8220;pres\u00eddio dos famosos&#8221;. Recentemente, viralizou nas redes o relato de um &#8220;f\u00e3&#8221; de Elize, o internauta Bruno Ferrari, que contou ter encontrado Elize no interior de S\u00e3o [&hellip;]<\/p>\n","protected":false},"author":6,"featured_media":28835,"comment_status":"closed","ping_status":"closed","sticky":false,"template":"","format":"standard","meta":{"jnews-multi-image_gallery":[],"jnews_single_post":{"format":"standard"},"jnews_primary_category":[],"jnews_social_meta":[],"jnews_override_counter":[],"jnews_post_split":[],"footnotes":""},"categories":[1],"tags":[],"class_list":["post-28834","post","type-post","status-publish","format-standard","has-post-thumbnail","hentry","category-geral"],"_referencia":"","_links":{"self":[{"href":"https:\/\/diariodocomercio.com.br\/mix\/wp-json\/wp\/v2\/posts\/28834","targetHints":{"allow":["GET"]}}],"collection":[{"href":"https:\/\/diariodocomercio.com.br\/mix\/wp-json\/wp\/v2\/posts"}],"about":[{"href":"https:\/\/diariodocomercio.com.br\/mix\/wp-json\/wp\/v2\/types\/post"}],"author":[{"embeddable":true,"href":"https:\/\/diariodocomercio.com.br\/mix\/wp-json\/wp\/v2\/users\/6"}],"replies":[{"embeddable":true,"href":"https:\/\/diariodocomercio.com.br\/mix\/wp-json\/wp\/v2\/comments?post=28834"}],"version-history":[{"count":2,"href":"https:\/\/diariodocomercio.com.br\/mix\/wp-json\/wp\/v2\/posts\/28834\/revisions"}],"predecessor-version":[{"id":28879,"href":"https:\/\/diariodocomercio.com.br\/mix\/wp-json\/wp\/v2\/posts\/28834\/revisions\/28879"}],"wp:featuredmedia":[{"embeddable":true,"href":"https:\/\/diariodocomercio.com.br\/mix\/wp-json\/wp\/v2\/media\/28835"}],"wp:attachment":[{"href":"https:\/\/diariodocomercio.com.br\/mix\/wp-json\/wp\/v2\/media?parent=28834"}],"wp:term":[{"taxonomy":"category","embeddable":true,"href":"https:\/\/diariodocomercio.com.br\/mix\/wp-json\/wp\/v2\/categories?post=28834"},{"taxonomy":"post_tag","embeddable":true,"href":"https:\/\/diariodocomercio.com.br\/mix\/wp-json\/wp\/v2\/tags?post=28834"}],"curies":[{"name":"wp","href":"https:\/\/api.w.org\/{rel}","templated":true}]}}