{"id":28858,"date":"2025-12-10T15:17:09","date_gmt":"2025-12-10T18:17:09","guid":{"rendered":"https:\/\/diariodocomercio.com.br\/mix\/?p=28858"},"modified":"2025-12-10T17:11:43","modified_gmt":"2025-12-10T20:11:43","slug":"passeio-de-trem-mais-bonito-do-mundo-esse-trajeto-na-noruega-oferece-vista-unica-da-aurora-boreal","status":"publish","type":"post","link":"https:\/\/diariodocomercio.com.br\/mix\/passeio-de-trem-mais-bonito-do-mundo-esse-trajeto-na-noruega-oferece-vista-unica-da-aurora-boreal\/","title":{"rendered":"Passeio de trem mais bonito do mundo: esse trajeto na Noruega oferece vista \u00fanica da aurora boreal"},"content":{"rendered":"\n<p>Considerado por muitos viajantes como&nbsp;<strong>o passeio de trem mais bonito do mundo<\/strong>, o trajeto que cruza a hist\u00f3rica linha de Ofoten, no norte da Noruega, virou uma das experi\u00eancias mais disputadas do turismo \u00e1rtico. <\/p>\n\n\n\n<p>Operando entre setembro e mar\u00e7o \u2014 per\u00edodo de maior incid\u00eancia da aurora boreal \u2014 o trem panor\u00e2mico parte de Narvik e percorre 42 quil\u00f4metros at\u00e9 a fronteira com a Su\u00e9cia, atravessando um dos cen\u00e1rios mais remotos e dram\u00e1ticos da Europa.<\/p>\n\n\n\n<p>O grande diferencial do chamado&nbsp;<em><a href=\"https:\/\/www.norwegian.travel\/experiences\/the-arctic-train\" target=\"_blank\" rel=\"noopener\">Arctic Train<\/a><\/em>&nbsp;est\u00e1 no projeto dos vag\u00f5es:&nbsp;<strong>tetos e paredes de vidro<\/strong>&nbsp;permitem vis\u00e3o ampla do c\u00e9u, condi\u00e7\u00e3o ideal para observar a aurora boreal sem interfer\u00eancia de luz artificial. O trem opera em regi\u00f5es praticamente desabitadas, onde a polui\u00e7\u00e3o luminosa \u00e9 nula \u2014 um dos fatores que torna o fen\u00f4meno mais n\u00edtido e intenso.<\/p>\n\n\n\n<p>Durante o trajeto, os passageiros fazem paradas estrat\u00e9gicas em esta\u00e7\u00f5es hist\u00f3ricas. Uma das mais aguardadas \u00e9&nbsp;<strong>Katterat<\/strong>, a 373 metros de altitude. Ali, turistas descem para apreciar a paisagem nevada, caminhar por trilhas curtas e aquecer-se ao redor de fogueiras enquanto aguardam o show natural das luzes dan\u00e7antes no c\u00e9u \u00e1rtico.<\/p>\n\n\n\n<h2 class=\"wp-block-heading\"><strong>Uma ferrovia constru\u00edda entre montanhas, guerra e hist\u00f3ria<\/strong><\/h2>\n\n\n<style>@media (min-width: 992px) {\n    .recomendadorV2Area1 {\n        width: 280px;\n    }\n    .recomendadorV2Area2 {\n        padding: 0px 20px;\n        width: calc(100% - 280px);\n    }\n}\n\n@media (max-width: 992px) {\n    .recomendadorV2Button {\n        margin: 0 auto;\n    }\n    .recomendadorV2Area {\n        flex-direction: column;\n        text-align: center;\n    }\n    .recomendadorV2Area2 {\n        padding: 0px 20px;\n    }\n}\n\n.recomendadorV2Area {\n    background: #eeeeee3d;\n    border-radius: 10px;\n    padding: 15px;\n    display: flex;\n    margin: 15px auto;\n    border: 1px solid #00000014;\n    max-width: 800px;\n}\n\n.recomendadorV2Area1 img {\n    width: 280px;\n    height: auto;\n    border-radius: 8px;\n}\n\n.linkrecomendadorv2 {\n    text-decoration: none !important;\n}\n\n.recomendadorV2Area2 .recomendadorV2Type {\n    text-transform: uppercase;\n    font-weight: 500;\n    font-size: 11px;\n    letter-spacing: 2px;\n    color: #666;\n    margin: 12px 0;\n    display: block;\n}\n\n.recomendadorV2Title h2 {\n    padding-top: 0px !important;\n    margin: 0px !important;\n    border-left: none !important;\n    padding-left: 0px !important;\n    line-height: 1.3;\n    color: #000 !important;\n    font-size: 24px;\n    margin-bottom: 12px !important;\n}\n\n.recomendadorV2Desc {\n    color: #333;\n    margin: 12px 0px !important;\n    font-size: 15px;\n    line-height: 1.5;\n}\n\n.recomendadorV2Button {\n    width: auto;\n    max-width: 200px;\n    margin: 0;\n    display: inline-flex;\n    align-items: center;\n    background: #1D3557;\n    border-radius: 8px;\n    color: #fff;\n    height: 36px;\n    justify-content: center;\n    text-align: center;\n    font-size: 14px;\n    padding: 0 20px;\n    transition: background-color 0.2s ease;\n}\n\n.recomendadorV2Button:hover {\n    background: #2a4d7a;\n}\n\n.recomendadorV2Button:after {\n    margin-top: -2px;\n    content: \"\u2192\";\n    padding: 0px 0px 0px 8px;\n}\n\n.recomendadorV2Alert {\n    text-align: left;\n    font-size: 11px;\n    margin-top: 8px;\n    color: #666;\n}\n\n.recomendadorFixedArea {\n    width: 100%;\n    display: flex;\n    justify-content: center;\n    align-items: center;\n}\n\n@media (min-width: 992px) {\n    #recomendadorFixed {\n        width: 32% !important;\n        left: 5%;\n    }\n    .recomendadorCloseFixed{\n        right: inherit !important;\n        left: 378px !important;\n    }\n}\n\n#recomendadorFixed {\n    width: 90%;\n    box-shadow: 0 10px 20px 0px #00000057;\n    display: none;\n    height: 90px;\n    background: #F6F6F6;\n    position: fixed;\n    flex-direction: row;\n    bottom: 10px;\n    z-index: 9999;\n    border-radius: 16px;\n    padding: 7px 10px;\n}\n\n.recomendadorLeftArea {\n    width: 160px;\n}\n\n.recomendadorRightArea h2 {\n    padding-top: 0px;\n    margin: 2px 0px 4px 0px !important;\n    font-weight: 400;\n    text-align: center;\n    padding-left: 0px !important;\n    color: #000 !important;\n    border-left: none !important;\n    line-height: 20px;\n    font-size: 12px !important;\n}\n\n.recomendadorImgFixed {\n    overflow: hidden;\n    padding: 8px 6px;\n    height: 100%;\n}\n\n.recomendadorImgFixed img {\n    height: 100% !important;\n    border-radius: 16px;\n}\n\n.recomendadorRightArea {\n    padding-top: 6px;\n    display: flex;\n    width: calc(100% - 130px);\n    justify-content: space-between;\n    align-items: center;\n    flex-direction: column;\n}\n\n.recomendadorButtonFixed {\n    margin: 0 auto;\n    background: #1D3557;\n    width: 80%;\n    text-align: center;\n    font-size: 10px;\n    color: #FFF;\n    padding: 2px 10px;\n    border-radius: 3px;\n}\n\n.recomendadorButtonFixed:after {\n    margin-top: -3px;\n    content: \"\u2192\";\n    padding: 0px 0px 0px 10px;\n}\n\n.recomendadorAlertFixed {\n    font-weight: 400;\n    text-align: center;\n    color: #484848;\n    font-size: 8px;\n}\n\n.recomendadorCloseFixed {\n    z-index: 99999;\n    display: none;\n    right: 0px;\n    left: inherit;\n    bottom: 99px;\n    position: fixed;\n    justify-content: center;\n    background: #F6F6F6;\n    width: 25px;\n    align-items: center;\n    height: 25px;\n    font-weight: 800;\n    border-radius: 50%;\n    border: 1px solid #EBEBEB;\n}\n\n.recomendadorV2Desc{\n    color: #000000;\n    margin: 20px 0px;\n}\n\n@media (max-width: 576px) {\n    .recomendadorV2Area {\n      padding: 10px;\n      max-width: 100%;\n    }\n  \n    .recomendadorV2Area1 img {\n      width: 100%;\n      border-radius: 6px;\n    }\n  \n    .recomendadorV2Area2 .recomendadorV2Type {\n      font-size: 9px;\n      letter-spacing: 1px;\n      margin: 8px 0;\n    }\n  \n    .recomendadorV2Title h2 {\n      font-size: 18px !important;\n      margin-bottom: 8px !important;\n      line-height: 1.2;\n    }\n  \n    .recomendadorV2Desc {\n      font-size: 14px;\n      margin: 8px 0 !important;\n      line-height: 1.4;\n    }\n  \n    .recomendadorV2Button {\n      font-size: 14px;\n      height: 40px;\n      padding: 0 12px;\n      max-width: 100%;\n      width: 100%;\n    }\n  \n    .recomendadorV2Button:after {\n      padding-left: 6px;\n    }\n  }\n  <\/style>\n        <div class=\"lazyblock-recomendador-v2-2jDGz wp-block-lazyblock-recomendador-v2\">\n        <a class=\"linkrecomendadorv2\" href=\"https:\/\/diariodocomercio.com.br\/mix\/trem-mais-rapido-da-america-do-sul-transportara-45-mil-passageiros-e-pode-aposentar-o-aviao\/?utm_source=lazy\">\n            <div class=\"recomendadorV2Area\">\n            <div class=\"recomendadorV2Area1\">\n                <div class=\"recomendadorV2Img\">\n                <img class=\"lazyloaded\" decoding=\"async\" src=\"https:\/\/diariodocomercio.com.br\/mix\/wp-content\/uploads\/2025\/12\/image-121-612x375.jpg\" data-src=\"https:\/\/diariodocomercio.com.br\/mix\/wp-content\/uploads\/2025\/12\/image-121-612x375.jpg\" alt=\"\">\n                <\/div>\n            <\/div>\n            <div class=\"recomendadorV2Area2\">\n                <div class=\"recomendadorV2Type\">\n                    <span>Transporte Sul<\/span>\n                <\/div>\n                <div class=\"recomendadorV2Title\">\n                <h2><span>Trem revolucion\u00e1rio \ud83d\ude84<\/span><\/h2>\n                <\/div>\n                <div class=\"recomendadorV2Desc\">\n                <span>Novo modelo pode aposentar avi\u00f5es<\/span>\n                <\/div>\n                <div class=\"recomendadorV2Button\">Ver inova\u00e7\u00e3o<\/div>\n                <div class=\"recomendadorV2Alert\"><\/div>\n            <\/div>\n            <\/div>\n        <\/a>\n        <div>\n            <div style=\"z-index:99999;\" id=\"buttonClose\" onclick=\"closeRecomendadorFixed()\">\n            <div class=\"recomendadorCloseFixed\">X<\/div>\n            <\/div>\n            <a href=\"https:\/\/diariodocomercio.com.br\/mix\/trem-mais-rapido-da-america-do-sul-transportara-45-mil-passageiros-e-pode-aposentar-o-aviao\/?utm_source=lazy\">\n            <div class=\"recomendadorFixedArea\">\n                <div id=\"recomendadorFixed\">\n                <div class=\"recomendadorLeftArea\">\n                    <div class=\"recomendadorImgFixed\">\n                    <img class=\"lazyload\" decoding=\"async\" src=\"https:\/\/diariodocomercio.com.br\/mix\/wp-content\/uploads\/2025\/12\/image-121-612x375.jpg\" alt=\"\">\n                    <\/div>\n                <\/div>\n                <div class=\"recomendadorRightArea\">\n                    <div class=\"recomendadorTitleFixed\">\n                    <h2><span>Trem revolucion\u00e1rio \ud83d\ude84<\/span><\/h2>\n                    <\/div>\n                    <div class=\"recomendadorButtonFixed\">Ver inova\u00e7\u00e3o<\/div>\n                    <div class=\"recomendadorAlertFixed\"><\/div>\n                <\/div>\n                <\/div>\n            <\/div>\n            <\/a>\n        <\/div>\n        <\/div>\n\n\n\n<p>A linha de Ofoten \u2014 ou&nbsp;<em>Ofotbanen<\/em>&nbsp;\u2014 \u00e9 considerada uma das obras de engenharia mais desafiadoras do s\u00e9culo 19. Constru\u00edda inicialmente por uma companhia inglesa em 1884 e conclu\u00edda por iniciativa conjunta dos governos noruegu\u00eas e sueco, a ferrovia exigiu&nbsp;<strong>mais de 5.000 trabalhadores<\/strong>, t\u00faneis, pontes e trilhos instalados em terreno montanhoso extremo. A opera\u00e7\u00e3o foi oficialmente inaugurada em 1902.<\/p>\n\n\n\n<figure class=\"wp-block-image size-full\"><img decoding=\"async\" width=\"1200\" height=\"800\" src=\"https:\/\/diariodocomercio.com.br\/mix\/wp-content\/uploads\/2025\/12\/image-123.png\" alt=\"\" class=\"wp-image-28859\" srcset=\"https:\/\/diariodocomercio.com.br\/mix\/wp-content\/uploads\/2025\/12\/image-123.png 1200w, https:\/\/diariodocomercio.com.br\/mix\/wp-content\/uploads\/2025\/12\/image-123-300x200.png 300w, https:\/\/diariodocomercio.com.br\/mix\/wp-content\/uploads\/2025\/12\/image-123-768x512.png 768w, https:\/\/diariodocomercio.com.br\/mix\/wp-content\/uploads\/2025\/12\/image-123-150x100.png 150w, https:\/\/diariodocomercio.com.br\/mix\/wp-content\/uploads\/2025\/12\/image-123-750x500.png 750w, https:\/\/diariodocomercio.com.br\/mix\/wp-content\/uploads\/2025\/12\/image-123-1140x760.png 1140w\" sizes=\"(max-width: 1200px) 100vw, 1200px\" \/><figcaption class=\"wp-element-caption\">Linha de Ofoten (Reprodu\u00e7\u00e3o\/Thor Br\u00e6kkan)<\/figcaption><\/figure>\n\n\n\n<p>Com 42 km ligando Narvik \u00e0 fronteira sueca, a linha se conecta ao sistema ferrovi\u00e1rio da Su\u00e9cia e segue at\u00e9 Kiruna. Seu tra\u00e7ado inclui o ponto mais ao norte da malha ferrovi\u00e1ria europeia de bitola padr\u00e3o.<\/p>\n\n\n\n<p>Al\u00e9m da relev\u00e2ncia log\u00edstica \u2014 crucial para o transporte de min\u00e9rio de ferro \u2014 a ferrovia teve papel estrat\u00e9gico durante a&nbsp;<strong>Segunda Guerra Mundial<\/strong>. A Batalha de Narvik, em 1940, envolveu disputas pelo controle da rota do min\u00e9rio, vital para a ind\u00fastria b\u00e9lica da \u00e9poca.<\/p>\n\n\n\n<h2 class=\"wp-block-heading\"><strong>Katterat, Rombak e esta\u00e7\u00f5es preservadas no meio do \u00c1rtico<\/strong><\/h2>\n\n\n\n<p>Ao longo do caminho, esta\u00e7\u00f5es pequenas e elegantes contrastam com a paisagem selvagem.&nbsp;<strong>Rombak<\/strong>, com sua antiga torre d&#8217;\u00e1gua restaurada, e&nbsp;<strong>Katterat<\/strong>, antes habitada por ferrovi\u00e1rios e hoje deserta, ajudam a contar a hist\u00f3ria centen\u00e1ria da linha. Muitas dessas estruturas foram preservadas como patrim\u00f4nio hist\u00f3rico, transformando o passeio em uma viagem no tempo.<\/p>\n\n\n\n<p>A rota oferece vistas cont\u00ednuas do fiorde azul-gelo de Narvik, cachoeiras congeladas, vales isolados e montanhas dram\u00e1ticas. O trem avan\u00e7a lentamente em trechos mais altos, permitindo que os turistas fotografem e contemplem a paisagem em total sil\u00eancio \u2014 quebrado apenas pelas explica\u00e7\u00f5es do guia a bordo sobre geologia, hist\u00f3ria e curiosidades locais.<\/p>\n","protected":false},"excerpt":{"rendered":"<p>Considerado por muitos viajantes como&nbsp;o passeio de trem mais bonito do mundo, o trajeto que cruza a hist\u00f3rica linha de Ofoten, no norte da Noruega, virou uma das experi\u00eancias mais disputadas do turismo \u00e1rtico. Operando entre setembro e mar\u00e7o \u2014 per\u00edodo de maior incid\u00eancia da aurora boreal \u2014 o trem panor\u00e2mico parte de Narvik e [&hellip;]<\/p>\n","protected":false},"author":9,"featured_media":28860,"comment_status":"closed","ping_status":"closed","sticky":false,"template":"","format":"standard","meta":{"jnews-multi-image_gallery":[],"jnews_single_post":{"format":"standard"},"jnews_primary_category":[],"jnews_social_meta":[],"jnews_override_counter":[],"jnews_post_split":[],"footnotes":""},"categories":[1],"tags":[],"class_list":["post-28858","post","type-post","status-publish","format-standard","has-post-thumbnail","hentry","category-geral"],"_referencia":"","_links":{"self":[{"href":"https:\/\/diariodocomercio.com.br\/mix\/wp-json\/wp\/v2\/posts\/28858","targetHints":{"allow":["GET"]}}],"collection":[{"href":"https:\/\/diariodocomercio.com.br\/mix\/wp-json\/wp\/v2\/posts"}],"about":[{"href":"https:\/\/diariodocomercio.com.br\/mix\/wp-json\/wp\/v2\/types\/post"}],"author":[{"embeddable":true,"href":"https:\/\/diariodocomercio.com.br\/mix\/wp-json\/wp\/v2\/users\/9"}],"replies":[{"embeddable":true,"href":"https:\/\/diariodocomercio.com.br\/mix\/wp-json\/wp\/v2\/comments?post=28858"}],"version-history":[{"count":2,"href":"https:\/\/diariodocomercio.com.br\/mix\/wp-json\/wp\/v2\/posts\/28858\/revisions"}],"predecessor-version":[{"id":28887,"href":"https:\/\/diariodocomercio.com.br\/mix\/wp-json\/wp\/v2\/posts\/28858\/revisions\/28887"}],"wp:featuredmedia":[{"embeddable":true,"href":"https:\/\/diariodocomercio.com.br\/mix\/wp-json\/wp\/v2\/media\/28860"}],"wp:attachment":[{"href":"https:\/\/diariodocomercio.com.br\/mix\/wp-json\/wp\/v2\/media?parent=28858"}],"wp:term":[{"taxonomy":"category","embeddable":true,"href":"https:\/\/diariodocomercio.com.br\/mix\/wp-json\/wp\/v2\/categories?post=28858"},{"taxonomy":"post_tag","embeddable":true,"href":"https:\/\/diariodocomercio.com.br\/mix\/wp-json\/wp\/v2\/tags?post=28858"}],"curies":[{"name":"wp","href":"https:\/\/api.w.org\/{rel}","templated":true}]}}