{"id":28868,"date":"2025-12-10T16:54:50","date_gmt":"2025-12-10T19:54:50","guid":{"rendered":"https:\/\/diariodocomercio.com.br\/mix\/?p=28868"},"modified":"2025-12-10T17:09:41","modified_gmt":"2025-12-10T20:09:41","slug":"ex-presidente-de-esquerda-foi-condenada-a-prisao-domiciliar-teve-20-imoveis-confiscados-e-esta-isolada-neste-pais","status":"publish","type":"post","link":"https:\/\/diariodocomercio.com.br\/mix\/ex-presidente-de-esquerda-foi-condenada-a-prisao-domiciliar-teve-20-imoveis-confiscados-e-esta-isolada-neste-pais\/","title":{"rendered":"Ex-presidente de esquerda foi condenada \u00e0 pris\u00e3o domiciliar, teve 20 im\u00f3veis confiscados e est\u00e1 isolada neste pa\u00eds"},"content":{"rendered":"\n<p>A Justi\u00e7a da Argentina determinou o confisco de&nbsp;<strong>20 im\u00f3veis pertencentes \u00e0 ex-presidente Cristina Fern\u00e1ndez de Kirchner<\/strong>, como parte das san\u00e7\u00f5es relacionadas \u00e0s investiga\u00e7\u00f5es do esc\u00e2ndalo dos \u201cCadernos\u201d, considerado o maior caso de corrup\u00e7\u00e3o j\u00e1 revelado no pa\u00eds.<\/p>\n\n\n\n<p>Kirchner \u2014 que governou entre 2007 e 2015 e foi vice-presidente at\u00e9 2023 \u2014 cumpre atualmente&nbsp;<strong>pris\u00e3o domiciliar<\/strong>&nbsp;ap\u00f3s condena\u00e7\u00e3o anterior por corrup\u00e7\u00e3o em obras p\u00fablicas.<\/p>\n\n\n\n<p>O processo ficou conhecido como \u201cCadernos da Corrup\u00e7\u00e3o\u201d por um motivo improv\u00e1vel: os registros detalhados feitos pelo motorista&nbsp;<strong>\u00d3scar Centeno<\/strong>, que trabalhou para Roberto Baratta, ex-funcion\u00e1rio do Minist\u00e9rio do Planejamento. <\/p>\n\n\n\n<p>Durante anos, Centeno anotou rotas, hor\u00e1rios, valores, locais de entrega e at\u00e9 o&nbsp;<strong>peso das malas de dinheiro<\/strong>&nbsp;que, segundo a investiga\u00e7\u00e3o, abasteciam um sistema de propinas ligado ao casal Kirchner.<\/p>\n\n\n\n<p>Centeno afirmou ter queimado os cadernos, mas seis deles foram entregues \u00e0 Justi\u00e7a por um ex-policial, amigo do motorista, que repassou o material a um rep\u00f3rter do&nbsp;<em>La Naci\u00f3n<\/em>. A partir da\u00ed, o caso explodiu.<\/p>\n\n\n\n<figure class=\"wp-block-image size-full\"><img decoding=\"async\" width=\"900\" height=\"626\" src=\"https:\/\/diariodocomercio.com.br\/mix\/wp-content\/uploads\/2025\/12\/image-127.png\" alt=\"\" class=\"wp-image-28871\" srcset=\"https:\/\/diariodocomercio.com.br\/mix\/wp-content\/uploads\/2025\/12\/image-127.png 900w, https:\/\/diariodocomercio.com.br\/mix\/wp-content\/uploads\/2025\/12\/image-127-300x209.png 300w, https:\/\/diariodocomercio.com.br\/mix\/wp-content\/uploads\/2025\/12\/image-127-768x534.png 768w, https:\/\/diariodocomercio.com.br\/mix\/wp-content\/uploads\/2025\/12\/image-127-150x104.png 150w, https:\/\/diariodocomercio.com.br\/mix\/wp-content\/uploads\/2025\/12\/image-127-750x522.png 750w\" sizes=\"(max-width: 900px) 100vw, 900px\" \/><figcaption class=\"wp-element-caption\">(Reprodu\u00e7\u00e3o\/Getty Images)<\/figcaption><\/figure>\n\n\n\n<p>Delatores \u2014 chamados no pa\u00eds de \u201carrependidos\u201d \u2014 refor\u00e7aram o relato ao afirmar que o apartamento dos Kirchner em Recoleta era um dos principais destinos das malas com dinheiro. O empres\u00e1rio Claudio Uberti declarou ter visto \u201ccerca de vinte malas cheias\u201d em uma das visitas ao im\u00f3vel.<\/p>\n\n\n<style>@media (min-width: 992px) {\n    .recomendadorV2Area1 {\n        width: 280px;\n    }\n    .recomendadorV2Area2 {\n        padding: 0px 20px;\n        width: calc(100% - 280px);\n    }\n}\n\n@media (max-width: 992px) {\n    .recomendadorV2Button {\n        margin: 0 auto;\n    }\n    .recomendadorV2Area {\n        flex-direction: column;\n        text-align: center;\n    }\n    .recomendadorV2Area2 {\n        padding: 0px 20px;\n    }\n}\n\n.recomendadorV2Area {\n    background: #eeeeee3d;\n    border-radius: 10px;\n    padding: 15px;\n    display: flex;\n    margin: 15px auto;\n    border: 1px solid #00000014;\n    max-width: 800px;\n}\n\n.recomendadorV2Area1 img {\n    width: 280px;\n    height: auto;\n    border-radius: 8px;\n}\n\n.linkrecomendadorv2 {\n    text-decoration: none !important;\n}\n\n.recomendadorV2Area2 .recomendadorV2Type {\n    text-transform: uppercase;\n    font-weight: 500;\n    font-size: 11px;\n    letter-spacing: 2px;\n    color: #666;\n    margin: 12px 0;\n    display: block;\n}\n\n.recomendadorV2Title h2 {\n    padding-top: 0px !important;\n    margin: 0px !important;\n    border-left: none !important;\n    padding-left: 0px !important;\n    line-height: 1.3;\n    color: #000 !important;\n    font-size: 24px;\n    margin-bottom: 12px !important;\n}\n\n.recomendadorV2Desc {\n    color: #333;\n    margin: 12px 0px !important;\n    font-size: 15px;\n    line-height: 1.5;\n}\n\n.recomendadorV2Button {\n    width: auto;\n    max-width: 200px;\n    margin: 0;\n    display: inline-flex;\n    align-items: center;\n    background: #1D3557;\n    border-radius: 8px;\n    color: #fff;\n    height: 36px;\n    justify-content: center;\n    text-align: center;\n    font-size: 14px;\n    padding: 0 20px;\n    transition: background-color 0.2s ease;\n}\n\n.recomendadorV2Button:hover {\n    background: #2a4d7a;\n}\n\n.recomendadorV2Button:after {\n    margin-top: -2px;\n    content: \"\u2192\";\n    padding: 0px 0px 0px 8px;\n}\n\n.recomendadorV2Alert {\n    text-align: left;\n    font-size: 11px;\n    margin-top: 8px;\n    color: #666;\n}\n\n.recomendadorFixedArea {\n    width: 100%;\n    display: flex;\n    justify-content: center;\n    align-items: center;\n}\n\n@media (min-width: 992px) {\n    #recomendadorFixed {\n        width: 32% !important;\n        left: 5%;\n    }\n    .recomendadorCloseFixed{\n        right: inherit !important;\n        left: 378px !important;\n    }\n}\n\n#recomendadorFixed {\n    width: 90%;\n    box-shadow: 0 10px 20px 0px #00000057;\n    display: none;\n    height: 90px;\n    background: #F6F6F6;\n    position: fixed;\n    flex-direction: row;\n    bottom: 10px;\n    z-index: 9999;\n    border-radius: 16px;\n    padding: 7px 10px;\n}\n\n.recomendadorLeftArea {\n    width: 160px;\n}\n\n.recomendadorRightArea h2 {\n    padding-top: 0px;\n    margin: 2px 0px 4px 0px !important;\n    font-weight: 400;\n    text-align: center;\n    padding-left: 0px !important;\n    color: #000 !important;\n    border-left: none !important;\n    line-height: 20px;\n    font-size: 12px !important;\n}\n\n.recomendadorImgFixed {\n    overflow: hidden;\n    padding: 8px 6px;\n    height: 100%;\n}\n\n.recomendadorImgFixed img {\n    height: 100% !important;\n    border-radius: 16px;\n}\n\n.recomendadorRightArea {\n    padding-top: 6px;\n    display: flex;\n    width: calc(100% - 130px);\n    justify-content: space-between;\n    align-items: center;\n    flex-direction: column;\n}\n\n.recomendadorButtonFixed {\n    margin: 0 auto;\n    background: #1D3557;\n    width: 80%;\n    text-align: center;\n    font-size: 10px;\n    color: #FFF;\n    padding: 2px 10px;\n    border-radius: 3px;\n}\n\n.recomendadorButtonFixed:after {\n    margin-top: -3px;\n    content: \"\u2192\";\n    padding: 0px 0px 0px 10px;\n}\n\n.recomendadorAlertFixed {\n    font-weight: 400;\n    text-align: center;\n    color: #484848;\n    font-size: 8px;\n}\n\n.recomendadorCloseFixed {\n    z-index: 99999;\n    display: none;\n    right: 0px;\n    left: inherit;\n    bottom: 99px;\n    position: fixed;\n    justify-content: center;\n    background: #F6F6F6;\n    width: 25px;\n    align-items: center;\n    height: 25px;\n    font-weight: 800;\n    border-radius: 50%;\n    border: 1px solid #EBEBEB;\n}\n\n.recomendadorV2Desc{\n    color: #000000;\n    margin: 20px 0px;\n}\n\n@media (max-width: 576px) {\n    .recomendadorV2Area {\n      padding: 10px;\n      max-width: 100%;\n    }\n  \n    .recomendadorV2Area1 img {\n      width: 100%;\n      border-radius: 6px;\n    }\n  \n    .recomendadorV2Area2 .recomendadorV2Type {\n      font-size: 9px;\n      letter-spacing: 1px;\n      margin: 8px 0;\n    }\n  \n    .recomendadorV2Title h2 {\n      font-size: 18px !important;\n      margin-bottom: 8px !important;\n      line-height: 1.2;\n    }\n  \n    .recomendadorV2Desc {\n      font-size: 14px;\n      margin: 8px 0 !important;\n      line-height: 1.4;\n    }\n  \n    .recomendadorV2Button {\n      font-size: 14px;\n      height: 40px;\n      padding: 0 12px;\n      max-width: 100%;\n      width: 100%;\n    }\n  \n    .recomendadorV2Button:after {\n      padding-left: 6px;\n    }\n  }\n  <\/style>\n        <div class=\"lazyblock-recomendador-v2-2jDGz wp-block-lazyblock-recomendador-v2\">\n        <a class=\"linkrecomendadorv2\" href=\"https:\/\/diariodocomercio.com.br\/mix\/elize-matsunaga-abandona-a-uber-e-agora-esta-de-emprego-novo\/?utm_source=lazy\">\n            <div class=\"recomendadorV2Area\">\n            <div class=\"recomendadorV2Area1\">\n                <div class=\"recomendadorV2Img\">\n                <img class=\"lazyloaded\" decoding=\"async\" src=\"https:\/\/diariodocomercio.com.br\/mix\/wp-content\/uploads\/2025\/12\/elize-matsunaga-1140x570.jpg\" data-src=\"https:\/\/diariodocomercio.com.br\/mix\/wp-content\/uploads\/2025\/12\/elize-matsunaga-1140x570.jpg\" alt=\"\">\n                <\/div>\n            <\/div>\n            <div class=\"recomendadorV2Area2\">\n                <div class=\"recomendadorV2Type\">\n                    <span>Famosos Brasil<\/span>\n                <\/div>\n                <div class=\"recomendadorV2Title\">\n                <h2><span>Novo emprego \ud83e\udd2f<\/span><\/h2>\n                <\/div>\n                <div class=\"recomendadorV2Desc\">\n                <span>Elize Matsunaga muda de carreira<\/span>\n                <\/div>\n                <div class=\"recomendadorV2Button\">Ver detalhes<\/div>\n                <div class=\"recomendadorV2Alert\"><\/div>\n            <\/div>\n            <\/div>\n        <\/a>\n        <div>\n            <div style=\"z-index:99999;\" id=\"buttonClose\" onclick=\"closeRecomendadorFixed()\">\n            <div class=\"recomendadorCloseFixed\">X<\/div>\n            <\/div>\n            <a href=\"https:\/\/diariodocomercio.com.br\/mix\/elize-matsunaga-abandona-a-uber-e-agora-esta-de-emprego-novo\/?utm_source=lazy\">\n            <div class=\"recomendadorFixedArea\">\n                <div id=\"recomendadorFixed\">\n                <div class=\"recomendadorLeftArea\">\n                    <div class=\"recomendadorImgFixed\">\n                    <img class=\"lazyload\" decoding=\"async\" src=\"https:\/\/diariodocomercio.com.br\/mix\/wp-content\/uploads\/2025\/12\/elize-matsunaga-1140x570.jpg\" alt=\"\">\n                    <\/div>\n                <\/div>\n                <div class=\"recomendadorRightArea\">\n                    <div class=\"recomendadorTitleFixed\">\n                    <h2><span>Novo emprego \ud83e\udd2f<\/span><\/h2>\n                    <\/div>\n                    <div class=\"recomendadorButtonFixed\">Ver detalhes<\/div>\n                    <div class=\"recomendadorAlertFixed\"><\/div>\n                <\/div>\n                <\/div>\n            <\/div>\n            <\/a>\n        <\/div>\n        <\/div>\n\n\n\n<p>Outro endere\u00e7o, a casa da fam\u00edlia na prov\u00edncia de Santa Cruz, teria sido equipada com&nbsp;<strong>cofres de grandes dimens\u00f5es<\/strong>&nbsp;para armazenar os valores. Em um \u00fanico epis\u00f3dio, segundo Centeno, foram entregues&nbsp;<strong>US$ 500 mil<\/strong>.<\/p>\n\n\n\n<p>O caso re\u00fane&nbsp;<strong>86 ex-funcion\u00e1rios e empres\u00e1rios<\/strong>, incluindo ex-ministros, secret\u00e1rios e executivos de grandes empreiteiras. Mais de&nbsp;<strong>600 testemunhas<\/strong>&nbsp;devem ser ouvidas, em um processo que pode se estender por at\u00e9 tr\u00eas anos, segundo estimativas da Justi\u00e7a argentina.<\/p>\n\n\n\n<h2 class=\"wp-block-heading\"><strong>20 propriedades confiscadas e novo julgamento em curso<\/strong><\/h2>\n\n\n\n<p>Em novembro, o tribunal respons\u00e1vel ordenou o confisco de im\u00f3veis de Cristina Kirchner e familiares, como parte do processo que trata de:<\/p>\n\n\n\n<ul class=\"wp-block-list\">\n<li>enriquecimento il\u00edcito,<\/li>\n\n\n\n<li>fraude em obras p\u00fablicas,<\/li>\n\n\n\n<li>recebimento de subornos,<\/li>\n\n\n\n<li>forma\u00e7\u00e3o de organiza\u00e7\u00e3o criminosa.<\/li>\n<\/ul>\n\n\n\n<p>O confisco ocorre paralelamente ao julgamento iniciado neste m\u00eas, no qual Kirchner pode receber&nbsp;<strong>pena adicional de 5 a 10 anos<\/strong>. A ex-presidente nega as acusa\u00e7\u00f5es e afirma ser v\u00edtima de persegui\u00e7\u00e3o judicial.<\/p>\n","protected":false},"excerpt":{"rendered":"<p>A Justi\u00e7a da Argentina determinou o confisco de&nbsp;20 im\u00f3veis pertencentes \u00e0 ex-presidente Cristina Fern\u00e1ndez de Kirchner, como parte das san\u00e7\u00f5es relacionadas \u00e0s investiga\u00e7\u00f5es do esc\u00e2ndalo dos \u201cCadernos\u201d, considerado o maior caso de corrup\u00e7\u00e3o j\u00e1 revelado no pa\u00eds. Kirchner \u2014 que governou entre 2007 e 2015 e foi vice-presidente at\u00e9 2023 \u2014 cumpre atualmente&nbsp;pris\u00e3o domiciliar&nbsp;ap\u00f3s condena\u00e7\u00e3o [&hellip;]<\/p>\n","protected":false},"author":9,"featured_media":28870,"comment_status":"closed","ping_status":"closed","sticky":false,"template":"","format":"standard","meta":{"jnews-multi-image_gallery":[],"jnews_single_post":{"format":"standard"},"jnews_primary_category":[],"jnews_social_meta":[],"jnews_override_counter":[],"jnews_post_split":[],"footnotes":""},"categories":[1],"tags":[],"class_list":["post-28868","post","type-post","status-publish","format-standard","has-post-thumbnail","hentry","category-geral"],"_referencia":"","_links":{"self":[{"href":"https:\/\/diariodocomercio.com.br\/mix\/wp-json\/wp\/v2\/posts\/28868","targetHints":{"allow":["GET"]}}],"collection":[{"href":"https:\/\/diariodocomercio.com.br\/mix\/wp-json\/wp\/v2\/posts"}],"about":[{"href":"https:\/\/diariodocomercio.com.br\/mix\/wp-json\/wp\/v2\/types\/post"}],"author":[{"embeddable":true,"href":"https:\/\/diariodocomercio.com.br\/mix\/wp-json\/wp\/v2\/users\/9"}],"replies":[{"embeddable":true,"href":"https:\/\/diariodocomercio.com.br\/mix\/wp-json\/wp\/v2\/comments?post=28868"}],"version-history":[{"count":2,"href":"https:\/\/diariodocomercio.com.br\/mix\/wp-json\/wp\/v2\/posts\/28868\/revisions"}],"predecessor-version":[{"id":28881,"href":"https:\/\/diariodocomercio.com.br\/mix\/wp-json\/wp\/v2\/posts\/28868\/revisions\/28881"}],"wp:featuredmedia":[{"embeddable":true,"href":"https:\/\/diariodocomercio.com.br\/mix\/wp-json\/wp\/v2\/media\/28870"}],"wp:attachment":[{"href":"https:\/\/diariodocomercio.com.br\/mix\/wp-json\/wp\/v2\/media?parent=28868"}],"wp:term":[{"taxonomy":"category","embeddable":true,"href":"https:\/\/diariodocomercio.com.br\/mix\/wp-json\/wp\/v2\/categories?post=28868"},{"taxonomy":"post_tag","embeddable":true,"href":"https:\/\/diariodocomercio.com.br\/mix\/wp-json\/wp\/v2\/tags?post=28868"}],"curies":[{"name":"wp","href":"https:\/\/api.w.org\/{rel}","templated":true}]}}