{"id":28873,"date":"2025-12-10T17:09:23","date_gmt":"2025-12-10T20:09:23","guid":{"rendered":"https:\/\/diariodocomercio.com.br\/mix\/?p=28873"},"modified":"2025-12-11T18:02:14","modified_gmt":"2025-12-11T21:02:14","slug":"marcia-sensitiva-revela-signos-com-mais-chance-de-ficarem-ricos-em-2026","status":"publish","type":"post","link":"https:\/\/diariodocomercio.com.br\/mix\/marcia-sensitiva-revela-signos-com-mais-chance-de-ficarem-ricos-em-2026\/","title":{"rendered":"M\u00e1rcia Sensitiva revela signos com mais chance de ficarem ricos em 2026"},"content":{"rendered":"\n<p>A astr\u00f3loga M\u00e1rcia Fernandes, conhecida como&nbsp;<strong>M\u00e1rcia Sensitiva<\/strong>, movimentou as redes sociais ao divulgar o ranking dos signos que, segundo ela, ter\u00e3o&nbsp;<strong>mais sorte e prosperidade em 2026<\/strong>. \u00c1ries lidera a lista, seguido por Le\u00e3o e Sagit\u00e1rio \u2014 trio de fogo que, de acordo com a especialista, deve viver um ano marcado por estabilidade, fluidez e oportunidades de crescimento financeiro e profissional.<\/p>\n\n\n\n<p>A previs\u00e3o, publicada em suas redes sociais, tamb\u00e9m aponta Aqu\u00e1rio e G\u00eameos na quarta e quinta posi\u00e7\u00f5es entre os mais favorecidos energeticamente.<\/p>\n\n\n\n<p>Segundo M\u00e1rcia, o pr\u00f3ximo ano se destaca para os arianos, que devem encontrar menos turbul\u00eancias e mais chances de expans\u00e3o. \u201cSer\u00e1 um ciclo de estabilidade e prosperidade para \u00c1ries\u201d, afirma a astr\u00f3loga em seu ranking divulgado online.<\/p>\n\n\n\n<p>Os tr\u00eas primeiros colocados \u2014 \u00c1ries, Le\u00e3o e Sagit\u00e1rio \u2014 representam, segundo ela, os signos com&nbsp;maior potencial de ganhos e conquistas materiais&nbsp;em 2026.<\/p>\n\n\n\n<h2 class=\"wp-block-heading\"><strong>Virgem enfrenta o maior n\u00famero de desafios<\/strong><\/h2>\n\n\n<style>@media (min-width: 992px) {\n    .recomendadorV2Area1 {\n        width: 280px;\n    }\n    .recomendadorV2Area2 {\n        padding: 0px 20px;\n        width: calc(100% - 280px);\n    }\n}\n\n@media (max-width: 992px) {\n    .recomendadorV2Button {\n        margin: 0 auto;\n    }\n    .recomendadorV2Area {\n        flex-direction: column;\n        text-align: center;\n    }\n    .recomendadorV2Area2 {\n        padding: 0px 20px;\n    }\n}\n\n.recomendadorV2Area {\n    background: #eeeeee3d;\n    border-radius: 10px;\n    padding: 15px;\n    display: flex;\n    margin: 15px auto;\n    border: 1px solid #00000014;\n    max-width: 800px;\n}\n\n.recomendadorV2Area1 img {\n    width: 280px;\n    height: auto;\n    border-radius: 8px;\n}\n\n.linkrecomendadorv2 {\n    text-decoration: none !important;\n}\n\n.recomendadorV2Area2 .recomendadorV2Type {\n    text-transform: uppercase;\n    font-weight: 500;\n    font-size: 11px;\n    letter-spacing: 2px;\n    color: #666;\n    margin: 12px 0;\n    display: block;\n}\n\n.recomendadorV2Title h2 {\n    padding-top: 0px !important;\n    margin: 0px !important;\n    border-left: none !important;\n    padding-left: 0px !important;\n    line-height: 1.3;\n    color: #000 !important;\n    font-size: 24px;\n    margin-bottom: 12px !important;\n}\n\n.recomendadorV2Desc {\n    color: #333;\n    margin: 12px 0px !important;\n    font-size: 15px;\n    line-height: 1.5;\n}\n\n.recomendadorV2Button {\n    width: auto;\n    max-width: 200px;\n    margin: 0;\n    display: inline-flex;\n    align-items: center;\n    background: #1D3557;\n    border-radius: 8px;\n    color: #fff;\n    height: 36px;\n    justify-content: center;\n    text-align: center;\n    font-size: 14px;\n    padding: 0 20px;\n    transition: background-color 0.2s ease;\n}\n\n.recomendadorV2Button:hover {\n    background: #2a4d7a;\n}\n\n.recomendadorV2Button:after {\n    margin-top: -2px;\n    content: \"\u2192\";\n    padding: 0px 0px 0px 8px;\n}\n\n.recomendadorV2Alert {\n    text-align: left;\n    font-size: 11px;\n    margin-top: 8px;\n    color: #666;\n}\n\n.recomendadorFixedArea {\n    width: 100%;\n    display: flex;\n    justify-content: center;\n    align-items: center;\n}\n\n@media (min-width: 992px) {\n    #recomendadorFixed {\n        width: 32% !important;\n        left: 5%;\n    }\n    .recomendadorCloseFixed{\n        right: inherit !important;\n        left: 378px !important;\n    }\n}\n\n#recomendadorFixed {\n    width: 90%;\n    box-shadow: 0 10px 20px 0px #00000057;\n    display: none;\n    height: 90px;\n    background: #F6F6F6;\n    position: fixed;\n    flex-direction: row;\n    bottom: 10px;\n    z-index: 9999;\n    border-radius: 16px;\n    padding: 7px 10px;\n}\n\n.recomendadorLeftArea {\n    width: 160px;\n}\n\n.recomendadorRightArea h2 {\n    padding-top: 0px;\n    margin: 2px 0px 4px 0px !important;\n    font-weight: 400;\n    text-align: center;\n    padding-left: 0px !important;\n    color: #000 !important;\n    border-left: none !important;\n    line-height: 20px;\n    font-size: 12px !important;\n}\n\n.recomendadorImgFixed {\n    overflow: hidden;\n    padding: 8px 6px;\n    height: 100%;\n}\n\n.recomendadorImgFixed img {\n    height: 100% !important;\n    border-radius: 16px;\n}\n\n.recomendadorRightArea {\n    padding-top: 6px;\n    display: flex;\n    width: calc(100% - 130px);\n    justify-content: space-between;\n    align-items: center;\n    flex-direction: column;\n}\n\n.recomendadorButtonFixed {\n    margin: 0 auto;\n    background: #1D3557;\n    width: 80%;\n    text-align: center;\n    font-size: 10px;\n    color: #FFF;\n    padding: 2px 10px;\n    border-radius: 3px;\n}\n\n.recomendadorButtonFixed:after {\n    margin-top: -3px;\n    content: \"\u2192\";\n    padding: 0px 0px 0px 10px;\n}\n\n.recomendadorAlertFixed {\n    font-weight: 400;\n    text-align: center;\n    color: #484848;\n    font-size: 8px;\n}\n\n.recomendadorCloseFixed {\n    z-index: 99999;\n    display: none;\n    right: 0px;\n    left: inherit;\n    bottom: 99px;\n    position: fixed;\n    justify-content: center;\n    background: #F6F6F6;\n    width: 25px;\n    align-items: center;\n    height: 25px;\n    font-weight: 800;\n    border-radius: 50%;\n    border: 1px solid #EBEBEB;\n}\n\n.recomendadorV2Desc{\n    color: #000000;\n    margin: 20px 0px;\n}\n\n@media (max-width: 576px) {\n    .recomendadorV2Area {\n      padding: 10px;\n      max-width: 100%;\n    }\n  \n    .recomendadorV2Area1 img {\n      width: 100%;\n      border-radius: 6px;\n    }\n  \n    .recomendadorV2Area2 .recomendadorV2Type {\n      font-size: 9px;\n      letter-spacing: 1px;\n      margin: 8px 0;\n    }\n  \n    .recomendadorV2Title h2 {\n      font-size: 18px !important;\n      margin-bottom: 8px !important;\n      line-height: 1.2;\n    }\n  \n    .recomendadorV2Desc {\n      font-size: 14px;\n      margin: 8px 0 !important;\n      line-height: 1.4;\n    }\n  \n    .recomendadorV2Button {\n      font-size: 14px;\n      height: 40px;\n      padding: 0 12px;\n      max-width: 100%;\n      width: 100%;\n    }\n  \n    .recomendadorV2Button:after {\n      padding-left: 6px;\n    }\n  }\n  <\/style>\n        <div class=\"lazyblock-recomendador-v2-2jDGz wp-block-lazyblock-recomendador-v2\">\n        <a class=\"linkrecomendadorv2\" href=\"https:\/\/diariodocomercio.com.br\/mix\/brasileiros-desempregados-recebem-hoje-auxilio-de-ate-r-2-42411\/?utm_source=lazy\">\n            <div class=\"recomendadorV2Area\">\n            <div class=\"recomendadorV2Area1\">\n                <div class=\"recomendadorV2Img\">\n                <img class=\"lazyloaded\" decoding=\"async\" src=\"https:\/\/diariodocomercio.com.br\/mix\/wp-content\/uploads\/2025\/06\/20072011_dinheirobancousp003-810x540-1-750x375.jpg\" data-src=\"https:\/\/diariodocomercio.com.br\/mix\/wp-content\/uploads\/2025\/06\/20072011_dinheirobancousp003-810x540-1-750x375.jpg\" alt=\"\">\n                <\/div>\n            <\/div>\n            <div class=\"recomendadorV2Area2\">\n                <div class=\"recomendadorV2Type\">\n                    <span>Aux\u00edlio BR<\/span>\n                <\/div>\n                <div class=\"recomendadorV2Title\">\n                <h2><span>Pagamento liberado \ud83d\udcb8<\/span><\/h2>\n                <\/div>\n                <div class=\"recomendadorV2Desc\">\n                <span>Desempregados recebem at\u00e9 R$2.424<\/span>\n                <\/div>\n                <div class=\"recomendadorV2Button\">Consultar benef\u00edcio<\/div>\n                <div class=\"recomendadorV2Alert\"><\/div>\n            <\/div>\n            <\/div>\n        <\/a>\n        <div>\n            <div style=\"z-index:99999;\" id=\"buttonClose\" onclick=\"closeRecomendadorFixed()\">\n            <div class=\"recomendadorCloseFixed\">X<\/div>\n            <\/div>\n            <a href=\"https:\/\/diariodocomercio.com.br\/mix\/brasileiros-desempregados-recebem-hoje-auxilio-de-ate-r-2-42411\/?utm_source=lazy\">\n            <div class=\"recomendadorFixedArea\">\n                <div id=\"recomendadorFixed\">\n                <div class=\"recomendadorLeftArea\">\n                    <div class=\"recomendadorImgFixed\">\n                    <img class=\"lazyload\" decoding=\"async\" src=\"https:\/\/diariodocomercio.com.br\/mix\/wp-content\/uploads\/2025\/06\/20072011_dinheirobancousp003-810x540-1-750x375.jpg\" alt=\"\">\n                    <\/div>\n                <\/div>\n                <div class=\"recomendadorRightArea\">\n                    <div class=\"recomendadorTitleFixed\">\n                    <h2><span>Pagamento liberado \ud83d\udcb8<\/span><\/h2>\n                    <\/div>\n                    <div class=\"recomendadorButtonFixed\">Consultar benef\u00edcio<\/div>\n                    <div class=\"recomendadorAlertFixed\"><\/div>\n                <\/div>\n                <\/div>\n            <\/div>\n            <\/a>\n        <\/div>\n        <\/div>\n\n\n\n<p>Al\u00e9m de revelar os mais favorecidos, M\u00e1rcia divulgou tamb\u00e9m um ranking dos signos que devem enfrentar mais transforma\u00e7\u00f5es e exig\u00eancias no pr\u00f3ximo ano. Virgem aparece no topo da lista de desafios, seguido por C\u00e2ncer e Touro.<\/p>\n\n\n\n<p>A astr\u00f3loga, por\u00e9m, refor\u00e7a que desafios n\u00e3o significam necessariamente problemas.<\/p>\n\n\n\n<p>O ranking completo divulgado por M\u00e1rcia \u00e9:<\/p>\n\n\n\n<ol class=\"wp-block-list\">\n<li>Virgem<\/li>\n\n\n\n<li>C\u00e2ncer<\/li>\n\n\n\n<li>Touro<\/li>\n\n\n\n<li>Aqu\u00e1rio<\/li>\n\n\n\n<li>Escorpi\u00e3o<\/li>\n\n\n\n<li>Capric\u00f3rnio<\/li>\n\n\n\n<li>Libra<\/li>\n\n\n\n<li>Peixes<\/li>\n\n\n\n<li>Le\u00e3o<\/li>\n\n\n\n<li>G\u00eameos<\/li>\n\n\n\n<li>Sagit\u00e1rio<\/li>\n\n\n\n<li>\u00c1ries<\/li>\n<\/ol>\n\n\n\n<p>Apesar das press\u00f5es, M\u00e1rcia destaca que os virginianos poder\u00e3o sair de 2026 \u201cmais fortes e transformados\u201d.<\/p>\n\n\n\n<h2 class=\"wp-block-heading\"><strong>Revela\u00e7\u00f5es amorosas e trai\u00e7\u00f5es expostas<\/strong><\/h2>\n\n\n\n<p>Durante participa\u00e7\u00e3o no programa&nbsp;<em>Melhor da Tarde<\/em>, na Band, M\u00e1rcia fez uma previs\u00e3o que rapidamente viralizou nas redes sociais. Segundo ela,&nbsp;<strong>2026 ser\u00e1 um ano de revela\u00e7\u00f5es no campo afetivo<\/strong>.<\/p>\n\n\n\n<blockquote class=\"wp-block-quote is-layout-flow wp-block-quote-is-layout-flow\">\n<p>\u201cEm fevereiro e setembro, todas as trai\u00e7\u00f5es ser\u00e3o descobertas\u201d, afirmou, em tom bem-humorado. \u201cCuidado voc\u00ea que tem amante, meu senhor, minha querida amiga, porque vai todo mundo saber.\u201d<\/p>\n<\/blockquote>\n\n\n\n<p>O coment\u00e1rio rendeu repercuss\u00e3o imediata e chegou a ser destacado pelo colunista L\u00e9o Dias, que brincou: \u201cAno que vem vou ter muito trabalho.\u201d<\/p>\n\n\n\n<p>M\u00e1rcia explica que esses meses ser\u00e3o marcados por \u201ctranspar\u00eancia energ\u00e9tica\u201d, o que pode colocar diversos relacionamentos \u00e0 prova.<\/p>\n","protected":false},"excerpt":{"rendered":"<p>A astr\u00f3loga M\u00e1rcia Fernandes, conhecida como&nbsp;M\u00e1rcia Sensitiva, movimentou as redes sociais ao divulgar o ranking dos signos que, segundo ela, ter\u00e3o&nbsp;mais sorte e prosperidade em 2026. \u00c1ries lidera a lista, seguido por Le\u00e3o e Sagit\u00e1rio \u2014 trio de fogo que, de acordo com a especialista, deve viver um ano marcado por estabilidade, fluidez e oportunidades [&hellip;]<\/p>\n","protected":false},"author":9,"featured_media":5928,"comment_status":"closed","ping_status":"closed","sticky":false,"template":"","format":"standard","meta":{"jnews-multi-image_gallery":[],"jnews_single_post":{"format":"standard"},"jnews_primary_category":[],"jnews_social_meta":[],"jnews_override_counter":[],"jnews_post_split":[],"footnotes":""},"categories":[1],"tags":[],"class_list":["post-28873","post","type-post","status-publish","format-standard","has-post-thumbnail","hentry","category-geral"],"_referencia":"","_links":{"self":[{"href":"https:\/\/diariodocomercio.com.br\/mix\/wp-json\/wp\/v2\/posts\/28873","targetHints":{"allow":["GET"]}}],"collection":[{"href":"https:\/\/diariodocomercio.com.br\/mix\/wp-json\/wp\/v2\/posts"}],"about":[{"href":"https:\/\/diariodocomercio.com.br\/mix\/wp-json\/wp\/v2\/types\/post"}],"author":[{"embeddable":true,"href":"https:\/\/diariodocomercio.com.br\/mix\/wp-json\/wp\/v2\/users\/9"}],"replies":[{"embeddable":true,"href":"https:\/\/diariodocomercio.com.br\/mix\/wp-json\/wp\/v2\/comments?post=28873"}],"version-history":[{"count":2,"href":"https:\/\/diariodocomercio.com.br\/mix\/wp-json\/wp\/v2\/posts\/28873\/revisions"}],"predecessor-version":[{"id":29061,"href":"https:\/\/diariodocomercio.com.br\/mix\/wp-json\/wp\/v2\/posts\/28873\/revisions\/29061"}],"wp:featuredmedia":[{"embeddable":true,"href":"https:\/\/diariodocomercio.com.br\/mix\/wp-json\/wp\/v2\/media\/5928"}],"wp:attachment":[{"href":"https:\/\/diariodocomercio.com.br\/mix\/wp-json\/wp\/v2\/media?parent=28873"}],"wp:term":[{"taxonomy":"category","embeddable":true,"href":"https:\/\/diariodocomercio.com.br\/mix\/wp-json\/wp\/v2\/categories?post=28873"},{"taxonomy":"post_tag","embeddable":true,"href":"https:\/\/diariodocomercio.com.br\/mix\/wp-json\/wp\/v2\/tags?post=28873"}],"curies":[{"name":"wp","href":"https:\/\/api.w.org\/{rel}","templated":true}]}}