{"id":28885,"date":"2025-12-10T17:20:20","date_gmt":"2025-12-10T20:20:20","guid":{"rendered":"https:\/\/diariodocomercio.com.br\/mix\/?p=28885"},"modified":"2025-12-10T17:20:22","modified_gmt":"2025-12-10T20:20:22","slug":"uber-e-99-podem-bloquear-corridas-em-dias-de-chuva-e-usuarios-estao-revoltados","status":"publish","type":"post","link":"https:\/\/diariodocomercio.com.br\/mix\/uber-e-99-podem-bloquear-corridas-em-dias-de-chuva-e-usuarios-estao-revoltados\/","title":{"rendered":"Uber e 99 podem bloquear corridas em dias de chuva e usu\u00e1rios est\u00e3o revoltados"},"content":{"rendered":"\n<p>O futuro das <strong>corridas de motocicleta em S\u00e3o Paulo <\/strong>enfrenta mudan\u00e7as significativas. Neste m\u00eas de dezembro, a C\u00e2mara Municipal aprovou um projeto de lei que endurece as regras para moto-apps. A proposta visa proibir opera\u00e7\u00f5es em condi\u00e7\u00f5es clim\u00e1ticas adversas, como tempestades e baixa visibilidade. Esse movimento busca melhorar a seguran\u00e7a, mas levanta controv\u00e9rsias que afetam usu\u00e1rios, entregadores e empresas do setor.<\/p>\n\n\n\n<p>A proposta, aprovada em segunda vota\u00e7\u00e3o, estabelece regras r\u00edgidas para motociclistas que operam com aplicativos. Exige a instala\u00e7\u00e3o de placas vermelhas, restringe a idade das motos e imp\u00f5e equipamentos de seguran\u00e7a espec\u00edficos. A circula\u00e7\u00e3o ser\u00e1 <strong>proibida em determinadas vias e em casos de chuva forte ou visibilidade reduzida, <\/strong>com o objetivo de minimizar acidentes em dias de mau tempo.<\/p>\n\n\n\n<h2 class=\"wp-block-heading\">Rea\u00e7\u00f5es contr\u00e1rias \u00e0s medidas<\/h2>\n\n\n\n<p>As plataformas de aplicativos e os trabalhadores do setor contestam essas mudan\u00e7as. As empresas alegam que as restri\u00e7\u00f5es criam barreiras desproporcionais, dificultando a opera\u00e7\u00e3o dos servi\u00e7os de motot\u00e1xi.<\/p>\n\n\n\n<p>A Associa\u00e7\u00e3o Brasileira de Mobilidade e Tecnologia, que representa o setor, argumenta que a regulamenta\u00e7\u00e3o <strong>inviabiliza o servi\u00e7o na cidade.<\/strong><\/p>\n\n\n\n<p>As empresas tamb\u00e9m ser\u00e3o obrigadas a financiar cursos de capacita\u00e7\u00e3o para motociclistas, al\u00e9m de fornecer coletes refletivos e capacetes certificados. Essas exig\u00eancias visam aumentar a seguran\u00e7a dos condutores e passageiros, mas representam um custo adicional significativo para as plataformas.<\/p>\n\n\n\n<h2 class=\"wp-block-heading\">Impactos no mercado de trabalho<\/h2>\n\n\n\n<p>As novas regras impactam diretamente os entregadores e motoristas de moto, um setor j\u00e1 fragilizado. Com a regulamenta\u00e7\u00e3o, as empresas precisam realizar investimentos substanciais para continuar operando. Isso gera incertezas tanto para os profissionais que dependem do servi\u00e7o quanto para os usu\u00e1rios que o utilizam diariamente.<\/p>\n\n\n\n<p>O projeto, agora, aguarda a san\u00e7\u00e3o do prefeito Ricardo Nunes. A decis\u00e3o final pode estabelecer restri\u00e7\u00f5es rigorosas para corridas de moto por aplicativos.<\/p>\n","protected":false},"excerpt":{"rendered":"<p>Decis\u00e3o gera incertezas tanto para os profissionais que dependem do servi\u00e7o quanto para os usu\u00e1rios.<\/p>\n","protected":false},"author":12,"featured_media":28896,"comment_status":"closed","ping_status":"closed","sticky":false,"template":"","format":"standard","meta":{"jnews-multi-image_gallery":[],"jnews_single_post":{"format":"standard"},"jnews_primary_category":[],"jnews_social_meta":[],"jnews_override_counter":[],"jnews_post_split":[],"footnotes":""},"categories":[1],"tags":[],"class_list":["post-28885","post","type-post","status-publish","format-standard","has-post-thumbnail","hentry","category-geral"],"_referencia":"","_links":{"self":[{"href":"https:\/\/diariodocomercio.com.br\/mix\/wp-json\/wp\/v2\/posts\/28885","targetHints":{"allow":["GET"]}}],"collection":[{"href":"https:\/\/diariodocomercio.com.br\/mix\/wp-json\/wp\/v2\/posts"}],"about":[{"href":"https:\/\/diariodocomercio.com.br\/mix\/wp-json\/wp\/v2\/types\/post"}],"author":[{"embeddable":true,"href":"https:\/\/diariodocomercio.com.br\/mix\/wp-json\/wp\/v2\/users\/12"}],"replies":[{"embeddable":true,"href":"https:\/\/diariodocomercio.com.br\/mix\/wp-json\/wp\/v2\/comments?post=28885"}],"version-history":[{"count":1,"href":"https:\/\/diariodocomercio.com.br\/mix\/wp-json\/wp\/v2\/posts\/28885\/revisions"}],"predecessor-version":[{"id":28902,"href":"https:\/\/diariodocomercio.com.br\/mix\/wp-json\/wp\/v2\/posts\/28885\/revisions\/28902"}],"wp:featuredmedia":[{"embeddable":true,"href":"https:\/\/diariodocomercio.com.br\/mix\/wp-json\/wp\/v2\/media\/28896"}],"wp:attachment":[{"href":"https:\/\/diariodocomercio.com.br\/mix\/wp-json\/wp\/v2\/media?parent=28885"}],"wp:term":[{"taxonomy":"category","embeddable":true,"href":"https:\/\/diariodocomercio.com.br\/mix\/wp-json\/wp\/v2\/categories?post=28885"},{"taxonomy":"post_tag","embeddable":true,"href":"https:\/\/diariodocomercio.com.br\/mix\/wp-json\/wp\/v2\/tags?post=28885"}],"curies":[{"name":"wp","href":"https:\/\/api.w.org\/{rel}","templated":true}]}}